{"id":20420,"date":"2025-01-09T17:11:20","date_gmt":"2025-01-09T20:11:20","guid":{"rendered":"https:\/\/guialimeira.com.br\/2025\/01\/09\/procon-sp-notifica-enel-por-interrupcao-prolongada-de-energia-eletrica\/"},"modified":"2025-01-09T17:11:20","modified_gmt":"2025-01-09T20:11:20","slug":"procon-sp-notifica-enel-por-interrupcao-prolongada-de-energia-eletrica","status":"publish","type":"post","link":"https:\/\/guialimeira.com.br\/news\/procon-sp-notifica-enel-por-interrupcao-prolongada-de-energia-eletrica\/","title":{"rendered":"Procon-SP notifica Enel por interrup\u00e7\u00e3o prolongada de energia el\u00e9trica"},"content":{"rendered":"<p> <br \/>\n<\/p>\n<div>\n<p>A Funda\u00e7\u00e3o de Prote\u00e7\u00e3o e Defesa do Consumidor \u00a0(Procon-SP) notificou a concession\u00e1ria de distribui\u00e7\u00e3o de energia el\u00e9trica Enel pela interrup\u00e7\u00e3o prolongada dos servi\u00e7os no dia 7 de janeiro deste ano, que deixou sem eletricidade 150 mil im\u00f3veis em S\u00e3o Paulo. A medida \u00e9 o primeiro passo de uma a\u00e7\u00e3o de fiscaliza\u00e7\u00e3o, que pode resultar em san\u00e7\u00f5es como multa.<img data-recalc-dims=\"1\" decoding=\"async\" src=\"https:\/\/i0.wp.com\/agenciabrasil.ebc.com.br\/ebc.png?w=696&#038;ssl=1\" style=\"width:1px; height:1px; display:inline;\"\/><img data-recalc-dims=\"1\" decoding=\"async\" src=\"https:\/\/i0.wp.com\/agenciabrasil.ebc.com.br\/ebc.gif?w=696&#038;ssl=1\" style=\"width:1px; height:1px; display:inline;\"\/><\/p>\n<p>Desde novembro de 2023, a Enel foi notificada pelo \u00f3rg\u00e3o quatro vezes.<\/p>\n<p>A Enel \u00e9 respons\u00e1vel pela distribui\u00e7\u00e3o de energia el\u00e9trica em mais de 20 cidades da regi\u00e3o metropolitana de S\u00e3o Paulo, incluindo a capital.<\/p>\n<p>Segundo o Procon, a situa\u00e7\u00e3o se repete a cada chuva, sem que sejam percebidas a\u00e7\u00f5es efetivas para a redu\u00e7\u00e3o dos problemas, como a diminui\u00e7\u00e3o do prazo para restabelecimento do fornecimento de energia el\u00e9trica aos consumidores atingidos.<\/p>\n<p>\u201cH\u00e1 mais de um ano que a empresa alega que os problemas s\u00e3o causados por eventos clim\u00e1ticos severos, com ventos acima do esperado; e tamb\u00e9m h\u00e1 mais de um ano n\u00e3o se tem not\u00edcia de que alguma provid\u00eancia efetiva, seja de engenharia ou de opera\u00e7\u00f5es, tenha sido tomada para, no m\u00ednimo, agilizar a retomada dos servi\u00e7os\u201d, disse, em nota, Luiz Orsatti Filho, diretor executivo do Procon-SP.<\/p>\n<h2>Esclarecimentos<\/h2>\n<p>Acrescentou que a alega\u00e7\u00e3o de que os ventos t\u00eam sido acima do normal n\u00e3o pode mais ser uma resposta aceit\u00e1vel. \u201cIsso deixou de ser um elemento surpresa para se tornar recorrente, como j\u00e1 vinha sendo alertado\u201d, afirmou.<\/p>\n<p>Na notifica\u00e7\u00e3o feita \u00e0 Enel, o Procon-SP pede esclarecimentos detalhados da \u00e1rea e do n\u00famero de consumidores impactados; sobre as provid\u00eancias adotadas para a retomada do servi\u00e7o e como a informa\u00e7\u00e3o foi passada aos consumidores.<\/p>\n<p>O \u00f3rg\u00e3o pediu, tamb\u00e9m, informa\u00e7\u00f5es sobre a pol\u00edtica de compensa\u00e7\u00f5es aos consumidores que permaneceram muitas horas sem energia em suas resid\u00eancias e com\u00e9rcios. A Enel tem prazo de sete dias para enviar os esclarecimentos ao Procon.<\/p>\n<p>      <!-- Relacionada --><\/p>\n<p>            <!-- Relacionada -->\n    <\/div>\n<p><br \/>\n<br \/><a href=\"https:\/\/agenciabrasil.ebc.com.br\/economia\/noticia\/2025-01\/procon-sp-notifica-enel-por-interrupcao-prolongada-de-energia-eletrica\" rel=\"noopener\">Ag\u00eancia Brasil<\/a><\/p>\n","protected":false},"excerpt":{"rendered":"<p>A Funda\u00e7\u00e3o de Prote\u00e7\u00e3o e Defesa do Consumidor \u00a0(Procon-SP) notificou a concession\u00e1ria de distribui\u00e7\u00e3o de energia el\u00e9trica Enel pela interrup\u00e7\u00e3o prolongada dos servi\u00e7os no dia 7 de janeiro deste ano, que deixou sem eletricidade 150 mil im\u00f3veis em S\u00e3o Paulo. A medida \u00e9 o primeiro passo de uma a\u00e7\u00e3o de fiscaliza\u00e7\u00e3o, que pode resultar em [&hellip;]<\/p>\n","protected":false},"author":1,"featured_media":20421,"comment_status":"open","ping_status":"open","sticky":false,"template":"","format":"standard","meta":{"_jetpack_newsletter_access":"","_jetpack_dont_email_post_to_subs":false,"_jetpack_newsletter_tier_id":0,"_jetpack_memberships_contains_paywalled_content":false,"_mbp_banners":[],"_jetpack_feature_clip_id":0,"_jetpack_memberships_contains_paid_content":false,"footnotes":"","jetpack_publicize_message":"","jetpack_publicize_feature_enabled":true,"jetpack_social_post_already_shared":true,"jetpack_social_options":{"image_generator_settings":{"template":"highway","default_image_id":0,"font":"","enabled":false},"version":2},"jetpack_post_was_ever_published":false},"categories":[24],"tags":[],"class_list":["post-20420","post","type-post","status-publish","format-standard","has-post-thumbnail","category-economia"],"jetpack_publicize_connections":[],"jetpack-related-posts":[],"jetpack_shortlink":"https:\/\/wp.me\/p7Eq1F-5jm","jetpack_sharing_enabled":true,"jetpack_featured_media_url":"https:\/\/i0.wp.com\/guialimeira.com.br\/news\/wp-content\/uploads\/2025\/01\/falta_de_luz_sp_09.jpg?fit=1600%2C800&ssl=1","_links":{"self":[{"href":"https:\/\/guialimeira.com.br\/news\/wp-json\/wp\/v2\/posts\/20420","targetHints":{"allow":["GET"]}}],"collection":[{"href":"https:\/\/guialimeira.com.br\/news\/wp-json\/wp\/v2\/posts"}],"about":[{"href":"https:\/\/guialimeira.com.br\/news\/wp-json\/wp\/v2\/types\/post"}],"author":[{"embeddable":true,"href":"https:\/\/guialimeira.com.br\/news\/wp-json\/wp\/v2\/users\/1"}],"replies":[{"embeddable":true,"href":"https:\/\/guialimeira.com.br\/news\/wp-json\/wp\/v2\/comments?post=20420"}],"version-history":[{"count":0,"href":"https:\/\/guialimeira.com.br\/news\/wp-json\/wp\/v2\/posts\/20420\/revisions"}],"wp:featuredmedia":[{"embeddable":true,"href":"https:\/\/guialimeira.com.br\/news\/wp-json\/wp\/v2\/media\/20421"}],"wp:attachment":[{"href":"https:\/\/guialimeira.com.br\/news\/wp-json\/wp\/v2\/media?parent=20420"}],"wp:term":[{"taxonomy":"category","embeddable":true,"href":"https:\/\/guialimeira.com.br\/news\/wp-json\/wp\/v2\/categories?post=20420"},{"taxonomy":"post_tag","embeddable":true,"href":"https:\/\/guialimeira.com.br\/news\/wp-json\/wp\/v2\/tags?post=20420"}],"curies":[{"name":"wp","href":"https:\/\/api.w.org\/{rel}","templated":true}]}}