{"id":2042,"date":"2024-04-19T17:56:44","date_gmt":"2024-04-19T20:56:44","guid":{"rendered":"https:\/\/guialimeira.com.br\/2024\/04\/19\/belem-sedia-evento-indigena-preparatorio-para-a-cop-30\/"},"modified":"2024-04-19T17:56:44","modified_gmt":"2024-04-19T20:56:44","slug":"belem-sedia-evento-indigena-preparatorio-para-a-cop-30","status":"publish","type":"post","link":"https:\/\/guialimeira.com.br\/news\/belem-sedia-evento-indigena-preparatorio-para-a-cop-30\/","title":{"rendered":"Bel\u00e9m sedia evento ind\u00edgena preparat\u00f3rio para a COP 30"},"content":{"rendered":"<p> <br \/>\n<\/p>\n<div>\n<p>Mais de 400 representantes de diferentes etnias participam, em Bel\u00e9m (PA), da I Semana dos Povos Ind\u00edgenas. Com o tema &#8220;Emerg\u00eancia clim\u00e1tica: povos ind\u00edgenas chamam para a cura da Terra&#8221;, o evento come\u00e7ou nesta quinta-feira (18) e segue at\u00e9 domingo (21), em v\u00e1rios pontos da cidade.<img data-recalc-dims=\"1\" decoding=\"async\" src=\"https:\/\/i0.wp.com\/agenciabrasil.ebc.com.br\/ebc.png?w=696&#038;ssl=1\" style=\"width:1px; height:1px; display:inline;\"\/><img data-recalc-dims=\"1\" decoding=\"async\" src=\"https:\/\/i0.wp.com\/agenciabrasil.ebc.com.br\/ebc.gif?w=696&#038;ssl=1\" style=\"width:1px; height:1px; display:inline;\"\/><\/p>\n<p>Realizado pela Secretaria Estadual dos Povos Ind\u00edgenas (Sepi), com apoio do governo federal, refor\u00e7a o papel dos povos origin\u00e1rios na preserva\u00e7\u00e3o ambiental e no combate \u00e0s mudan\u00e7as clim\u00e1ticas. Al\u00e9m de debates sobre temas como sustentabilidade, manejo florestal, agricultura familiar e medicina tradicional ind\u00edgena, a programa\u00e7\u00e3o inclui apresenta\u00e7\u00f5es culturais, oficinas, presta\u00e7\u00e3o de servi\u00e7os e uma feira de artesanato.<\/p>\n<p>O evento tamb\u00e9m serve de prepara\u00e7\u00e3o para a 30\u00aa Confer\u00eancia das Partes da Conven\u00e7\u00e3o-Quadro da Organiza\u00e7\u00e3o das Na\u00e7\u00f5es Unidas (ONU) sobre Mudan\u00e7as Clim\u00e1ticas (COP\u00a030), <a href=\"https:\/\/agenciabrasil.ebc.com.br\/internacional\/noticia\/2023-12\/cop28-aprova-brasil-como-sede-da-conferencia-do-clima-de-2025\" rel=\"noopener\">agendada para acontecer na capital<\/a> paraense em novembro de 2025. A expectativa \u00e9 que a confer\u00eancia atraia cerca de 50 mil visitantes.<\/p>\n<p>\u201cA ideia \u00e9 que o povo de Bel\u00e9m receba os povos ind\u00edgenas, n\u00e3o somente esta semana, mas que, cada vez mais, o Par\u00e1 se torne territ\u00f3rio ind\u00edgena; que reconhe\u00e7a essa identidade [ind\u00edgena], sua ancestralidade. E que a gente possa caminhar para uma COP 30 assim, realizando um dos maiores eventos ambientais do planeta\u201d, afirmou a secret\u00e1ria estadual Puyr Temb\u00e9, em nota divulgada pela Sepi.<\/p>\n<h2>Demografia<\/h2>\n<p>A abertura oficial do evento acontece na noite desta sexta-feira (19), mas os debates j\u00e1 est\u00e3o acontecendo desde quinta-feira (18), quando a Funda\u00e7\u00e3o Amaz\u00f4nia de Amparo a Estudos e Pesquisas (Fapespa) divulgou uma nota t\u00e9cnica sobre o tamanho da popula\u00e7\u00e3o ind\u00edgena no Par\u00e1 e a forma como ela est\u00e1 distribu\u00edda pelo estado.<\/p>\n<p>\u201cA popula\u00e7\u00e3o ind\u00edgena no Par\u00e1 apresenta uma distribui\u00e7\u00e3o heterog\u00eanea, com concentra\u00e7\u00e3o em determinadas regi\u00f5es, o que demanda estrat\u00e9gias espec\u00edficas para cada comunidade\u201d, apontam os respons\u00e1veis pela an\u00e1lise elaborada a partir dos resultados dos dois \u00faltimos Censos Demogr\u00e1ficos (2010 e 2022) divulgados pelo Instituto Brasileiro de Geografia e Estat\u00edstica (IBGE).<\/p>\n<p>No \u00faltimo per\u00edodo, no Par\u00e1, o n\u00famero de pessoas que se declaram ind\u00edgenas aumentou 58%, passando de 51.217 pessoas, em 2010, para 80.980, em 2022. Com isso, os ind\u00edgenas j\u00e1 s\u00e3o, oficialmente, 1% da popula\u00e7\u00e3o paraense. A \u201cforte expans\u00e3o demogr\u00e1fica\u201d registrada no estado acompanhou a tend\u00eancia nacional. No pa\u00eds, o n\u00famero de brasileiros que <a href=\"https:\/\/agenciabrasil.ebc.com.br\/direitos-humanos\/noticia\/2024-04\/vamos-continuar-existindo-afirma-demografa-sobre-futuro-indigena\u00a0\" rel=\"noopener\">se identificam como ind\u00edgenas<\/a> cresceu quase seis vezes entre 1991, quando eram pouco mais de 294 mil, e 2022, ano em que j\u00e1 eram mais de 1,694 milh\u00e3o.\u00a0<\/p>\n<p>Ainda que o n\u00famero de ind\u00edgenas paraenses com 60 anos ou mais tenha aumentado 118% entre 2010 e 2022, a popula\u00e7\u00e3o ind\u00edgena estadual \u00e9 majoritariamente jovem: praticamente metade (49,7%) dela tem entre 15 e 49 anos de idade. Os dados tamb\u00e9m apontam para uma paridade entre pessoas do g\u00eanero feminino (40.530) e do masculino (40.450). A situa\u00e7\u00e3o, contudo, representa uma revers\u00e3o nos padr\u00f5es demogr\u00e1ficos, j\u00e1 que, segundo a Fapespa, em 2010, os homens eram maioria.<\/p>\n<div class=\"dnd-widget-wrapper context-cheio_8colunas type-image atom-align-center\">\n<div class=\"dnd-atom-rendered\"><!-- scald=381425:cheio_8colunas {\"additionalClasses\":\"\"} --><\/p>\n<div class=\"shadow overflow-hidden rounded-lg d-block w-100\">\n            <img data-recalc-dims=\"1\" decoding=\"async\" src=\"https:\/\/i0.wp.com\/agenciabrasil.ebc.com.br\/sites\/default\/files\/thumbnails\/image\/loading_v2.gif?w=696&#038;ssl=1\" data-echo=\"https:\/\/imagens.ebc.com.br\/FEwhIHeuKctLr_MFLp-rF4FetsI=\/754x0\/smart\/https:\/\/agenciabrasil.ebc.com.br\/sites\/default\/files\/thumbnails\/image\/2024\/04\/19\/up_ag_53416_3c7b5e05-ee0d-cd22-863a-1c2ae53ed0bb.jpg?itok=zKPXwAem\" alt=\"19\/04\/2024 - Preserva\u00e7\u00e3o ambiental e mudan\u00e7as clim\u00e1ticas nos territ\u00f3rios ind\u00edgenas s\u00e3o tema de evento, em Bel\u00e9m. Foto Daniel Lima\/ Ascom Semas\" title=\"Daniel Lima\/ Ascom Semas\" class=\"flex-fill img-cover\"\/><br \/>\n        <img data-recalc-dims=\"1\" decoding=\"async\" src=\"https:\/\/i0.wp.com\/imagens.ebc.com.br\/FEwhIHeuKctLr_MFLp-rF4FetsI%3D\/754x0\/smart\/https%3A\/\/agenciabrasil.ebc.com.br\/sites\/default\/files\/thumbnails\/image\/2024\/04\/19\/up_ag_53416_3c7b5e05-ee0d-cd22-863a-1c2ae53ed0bb.jpg?w=696&#038;ssl=1\" alt=\"19\/04\/2024 - Preserva\u00e7\u00e3o ambiental e mudan\u00e7as clim\u00e1ticas nos territ\u00f3rios ind\u00edgenas s\u00e3o tema de evento, em Bel\u00e9m. Foto Daniel Lima\/ Ascom Semas\" title=\"Daniel Lima\/ Ascom Semas\" class=\"flex-fill img-cover\"\/>\n    <\/div>\n<p><!-- END scald=381425 --><\/div>\n<p><h6 class=\"meta\"><!--copyright=381425--><em>19\/04\/2024 &#8211; Preserva\u00e7\u00e3o ambiental e mudan\u00e7as clim\u00e1ticas nos territ\u00f3rios ind\u00edgenas s\u00e3o tema de evento, em Bel\u00e9m. Foto <strong>Daniel Lima\/ Ascom Semas<\/strong><\/em><!--END copyright=381425--><\/h6>\n<\/p>\n<\/div>\n<h2>Preserva\u00e7\u00e3o<\/h2>\n<p>Tamb\u00e9m nesta quinta-feira, aconteceu, dentro da programa\u00e7\u00e3o oficial da semana, um painel sobre preserva\u00e7\u00e3o ambiental e mudan\u00e7as clim\u00e1ticas nas terras ind\u00edgenas do Par\u00e1. Participaram do debate representantes do Minist\u00e9rio dos Povos Ind\u00edgenas, Funda\u00e7\u00e3o Nacional dos Povos Ind\u00edgenas (Funai), da Associa\u00e7\u00e3o Angrokrere &#8211; Mebengokre, das secretarias estaduais de Seguran\u00e7a P\u00fablica e Defesa Social, Desenvolvimento Agropecu\u00e1rio e da Pesca, de Assist\u00eancia Social, Trabalho, Emprego e Renda, al\u00e9m do Banco do Estado do Par\u00e1 (Banpar\u00e1).<\/p>\n<p>\u201cDestacamos o Plano Estadual de Recupera\u00e7\u00e3o da Vegeta\u00e7\u00e3o Nativa e seu processo de constru\u00e7\u00e3o, com a participa\u00e7\u00e3o ativa dos povos [origin\u00e1rios] e comunidades tradicionais\u201d, comentou, em nota, o secret\u00e1rio-adjunto estadual de Recursos H\u00eddricos e Clima, Raul Prot\u00e1zio. J\u00e1 o representante do Minist\u00e9rio dos Povos Ind\u00edgenas, Bruno Potiguara, diretor de Gest\u00e3o Ambiental Territorial e Promo\u00e7\u00e3o do Bem Viver Ind\u00edgena, destacou a visibilidade que eventos como a I Semana dos Povos Ind\u00edgenas confere. \u201c\u00c9 muito interessante fazer esse trabalho pensando no contexto de todo o estado, pensando na prote\u00e7\u00e3o territorial, na gest\u00e3o de seus territ\u00f3rios\u201d.<\/p>\n<\/p><\/div>\n<p><br \/>\n<br \/><a href=\"https:\/\/agenciabrasil.ebc.com.br\/geral\/noticia\/2024-04\/belem-sedia-evento-indigena-preparatorio-para-cop-30\" rel=\"noopener\">Ag\u00eancia Brasil<\/a><\/p>\n","protected":false},"excerpt":{"rendered":"<p>Mais de 400 representantes de diferentes etnias participam, em Bel\u00e9m (PA), da I Semana dos Povos Ind\u00edgenas. Com o tema &#8220;Emerg\u00eancia clim\u00e1tica: povos ind\u00edgenas chamam para a cura da Terra&#8221;, o evento come\u00e7ou nesta quinta-feira (18) e segue at\u00e9 domingo (21), em v\u00e1rios pontos da cidade. Realizado pela Secretaria Estadual dos Povos Ind\u00edgenas (Sepi), com [&hellip;]<\/p>\n","protected":false},"author":1,"featured_media":2043,"comment_status":"open","ping_status":"open","sticky":false,"template":"","format":"standard","meta":{"_jetpack_newsletter_access":"","_jetpack_dont_email_post_to_subs":false,"_jetpack_newsletter_tier_id":0,"_jetpack_memberships_contains_paywalled_content":false,"_mbp_banners":[],"_jetpack_feature_clip_id":0,"_jetpack_memberships_contains_paid_content":false,"footnotes":"","jetpack_publicize_message":"","jetpack_publicize_feature_enabled":true,"jetpack_social_post_already_shared":true,"jetpack_social_options":{"image_generator_settings":{"template":"highway","default_image_id":0,"font":"","enabled":false},"version":2},"jetpack_post_was_ever_published":false},"categories":[1],"tags":[],"class_list":["post-2042","post","type-post","status-publish","format-standard","has-post-thumbnail","category-geral"],"jetpack_publicize_connections":[],"jetpack-related-posts":[],"jetpack_shortlink":"https:\/\/wp.me\/p7Eq1F-wW","jetpack_sharing_enabled":true,"jetpack_featured_media_url":"https:\/\/i0.wp.com\/guialimeira.com.br\/news\/wp-content\/uploads\/2024\/04\/up_ag_53416_89c10163-e2fd-73c1-0d13-f9a8c6f3d03a.jpg?fit=1600%2C800&ssl=1","_links":{"self":[{"href":"https:\/\/guialimeira.com.br\/news\/wp-json\/wp\/v2\/posts\/2042","targetHints":{"allow":["GET"]}}],"collection":[{"href":"https:\/\/guialimeira.com.br\/news\/wp-json\/wp\/v2\/posts"}],"about":[{"href":"https:\/\/guialimeira.com.br\/news\/wp-json\/wp\/v2\/types\/post"}],"author":[{"embeddable":true,"href":"https:\/\/guialimeira.com.br\/news\/wp-json\/wp\/v2\/users\/1"}],"replies":[{"embeddable":true,"href":"https:\/\/guialimeira.com.br\/news\/wp-json\/wp\/v2\/comments?post=2042"}],"version-history":[{"count":0,"href":"https:\/\/guialimeira.com.br\/news\/wp-json\/wp\/v2\/posts\/2042\/revisions"}],"wp:featuredmedia":[{"embeddable":true,"href":"https:\/\/guialimeira.com.br\/news\/wp-json\/wp\/v2\/media\/2043"}],"wp:attachment":[{"href":"https:\/\/guialimeira.com.br\/news\/wp-json\/wp\/v2\/media?parent=2042"}],"wp:term":[{"taxonomy":"category","embeddable":true,"href":"https:\/\/guialimeira.com.br\/news\/wp-json\/wp\/v2\/categories?post=2042"},{"taxonomy":"post_tag","embeddable":true,"href":"https:\/\/guialimeira.com.br\/news\/wp-json\/wp\/v2\/tags?post=2042"}],"curies":[{"name":"wp","href":"https:\/\/api.w.org\/{rel}","templated":true}]}}