{"id":20407,"date":"2025-01-09T15:57:31","date_gmt":"2025-01-09T18:57:31","guid":{"rendered":"https:\/\/guialimeira.com.br\/2025\/01\/09\/saude-orienta-sobre-uso-de-medicamento-que-tratar-hiv-multirresistente\/"},"modified":"2025-01-09T15:57:31","modified_gmt":"2025-01-09T18:57:31","slug":"saude-orienta-sobre-uso-de-medicamento-que-tratar-hiv-multirresistente","status":"publish","type":"post","link":"https:\/\/guialimeira.com.br\/news\/saude-orienta-sobre-uso-de-medicamento-que-tratar-hiv-multirresistente\/","title":{"rendered":"Sa\u00fade orienta sobre uso de medicamento que tratar HIV multirresistente"},"content":{"rendered":"<p> <br \/>\n<\/p>\n<div>\n<p>O Departamento de HIV, Aids, Tuberculose, Hepatites Virais e Infec\u00e7\u00f5es Sexualmente Transmiss\u00edveis do Minist\u00e9rio da Sa\u00fade publicou <a href=\"https:\/\/www.gov.br\/aids\/pt-br\/central-de-conteudo\/notas-tecnicas\/2024\/nota_tecnica_39-2024-fostensavir.pdf\" target=\"_blank\" rel=\"noopener\">nota t\u00e9cnica<\/a> que define crit\u00e9rios cl\u00ednicos para o uso do medicamento fostensavir 600 miligramas (mg) para o tratamento de adultos que vivem com HIV multirresistente a antirretrovirais.<img data-recalc-dims=\"1\" decoding=\"async\" src=\"https:\/\/i0.wp.com\/agenciabrasil.ebc.com.br\/ebc.png?w=696&#038;ssl=1\" style=\"width:1px; height:1px; display:inline;\"\/><img data-recalc-dims=\"1\" decoding=\"async\" src=\"https:\/\/i0.wp.com\/agenciabrasil.ebc.com.br\/ebc.gif?w=696&#038;ssl=1\" style=\"width:1px; height:1px; display:inline;\"\/><\/p>\n<p>Em comunicado, a pasta destacou que o rem\u00e9dio foi incorporado ao Sistema \u00danico de Sa\u00fade (SUS) em abril de 2024 e \u00e9 o primeiro da classe de inibidores de liga\u00e7\u00e3o aprovado no mundo. A medica\u00e7\u00e3o atua impedindo a entrada do v\u00edrus HIV nas c\u00e9lulas.<\/p>\n<p>De acordo com o minist\u00e9rio, a avalia\u00e7\u00e3o e a libera\u00e7\u00e3o para o uso do fostensavir 600 mg ser\u00e1 feita de forma centralizada pela Coordena\u00e7\u00e3o de Vigil\u00e2ncia de HIV e Aids, com o apoio t\u00e9cnico de um grupo de especialistas no manejo da multirresist\u00eancia viral. As solicita\u00e7\u00f5es do medicamento ser\u00e3o analisadas individualmente e todos as pessoas que vivem com HIV ou aids que fa\u00e7am uso do rem\u00e9dio ser\u00e3o monitoradas.<\/p>\n<p>\u201cA prioriza\u00e7\u00e3o de popula\u00e7\u00f5es com multirresist\u00eancia e maior mortalidade demonstra o compromisso do Minist\u00e9rio da Sa\u00fade com a qualidade de vida e com o fortalecimento da resposta nacional \u00e0 aids\u201d, destacou o minist\u00e9rio no comunicado.<\/p>\n<h2>Entenda<\/h2>\n<p>Segundo a nota t\u00e9cnica, o fostensavir 600 mg demonstrou, em estudos cl\u00ednicos, efic\u00e1cia na supress\u00e3o viral e aumento na contagem de linf\u00f3citos T-CD4+ de pessoas que vivem com HIV ou aids com infec\u00e7\u00e3o multirresistente. \u201cAl\u00e9m disso, seu perfil de seguran\u00e7a foi favor\u00e1vel, e os eventos adversos observados foram leves, tais como diarreia e cefaleia.\u201d<\/p>\n<p>\u201cO medicamento representa uma importante aplica\u00e7\u00e3o terap\u00eautica em uma popula\u00e7\u00e3o com alto risco de progress\u00e3o de doen\u00e7a e de elevada mortalidade.\u201d<\/p>\n<p>      <!-- Relacionada --><\/p>\n<p>            <!-- Relacionada -->\n    <\/div>\n<p><br \/>\n<br \/><a href=\"https:\/\/agenciabrasil.ebc.com.br\/saude\/noticia\/2025-01\/saude-orienta-sobre-uso-de-remedio-para-quem-tem-hiv-multirresistente\" rel=\"noopener\">Ag\u00eancia Brasil <\/a><\/p>\n","protected":false},"excerpt":{"rendered":"<p>O Departamento de HIV, Aids, Tuberculose, Hepatites Virais e Infec\u00e7\u00f5es Sexualmente Transmiss\u00edveis do Minist\u00e9rio da Sa\u00fade publicou nota t\u00e9cnica que define crit\u00e9rios cl\u00ednicos para o uso do medicamento fostensavir 600 miligramas (mg) para o tratamento de adultos que vivem com HIV multirresistente a antirretrovirais. Em comunicado, a pasta destacou que o rem\u00e9dio foi incorporado ao [&hellip;]<\/p>\n","protected":false},"author":1,"featured_media":20408,"comment_status":"open","ping_status":"open","sticky":false,"template":"","format":"standard","meta":{"_jetpack_newsletter_access":"","_jetpack_dont_email_post_to_subs":false,"_jetpack_newsletter_tier_id":0,"_jetpack_memberships_contains_paywalled_content":false,"_mbp_banners":[],"_jetpack_feature_clip_id":0,"_jetpack_memberships_contains_paid_content":false,"footnotes":"","jetpack_publicize_message":"","jetpack_publicize_feature_enabled":true,"jetpack_social_post_already_shared":true,"jetpack_social_options":{"image_generator_settings":{"template":"highway","default_image_id":0,"font":"","enabled":false},"version":2},"jetpack_post_was_ever_published":false},"categories":[15],"tags":[],"class_list":["post-20407","post","type-post","status-publish","format-standard","has-post-thumbnail","category-saude"],"jetpack_publicize_connections":[],"jetpack-related-posts":[],"jetpack_shortlink":"https:\/\/wp.me\/p7Eq1F-5j9","jetpack_sharing_enabled":true,"jetpack_featured_media_url":"https:\/\/i0.wp.com\/guialimeira.com.br\/news\/wp-content\/uploads\/2025\/01\/mca_abr_numero_de_serie_de_4_digitos_090620_2.jpg?fit=1600%2C800&ssl=1","_links":{"self":[{"href":"https:\/\/guialimeira.com.br\/news\/wp-json\/wp\/v2\/posts\/20407","targetHints":{"allow":["GET"]}}],"collection":[{"href":"https:\/\/guialimeira.com.br\/news\/wp-json\/wp\/v2\/posts"}],"about":[{"href":"https:\/\/guialimeira.com.br\/news\/wp-json\/wp\/v2\/types\/post"}],"author":[{"embeddable":true,"href":"https:\/\/guialimeira.com.br\/news\/wp-json\/wp\/v2\/users\/1"}],"replies":[{"embeddable":true,"href":"https:\/\/guialimeira.com.br\/news\/wp-json\/wp\/v2\/comments?post=20407"}],"version-history":[{"count":0,"href":"https:\/\/guialimeira.com.br\/news\/wp-json\/wp\/v2\/posts\/20407\/revisions"}],"wp:featuredmedia":[{"embeddable":true,"href":"https:\/\/guialimeira.com.br\/news\/wp-json\/wp\/v2\/media\/20408"}],"wp:attachment":[{"href":"https:\/\/guialimeira.com.br\/news\/wp-json\/wp\/v2\/media?parent=20407"}],"wp:term":[{"taxonomy":"category","embeddable":true,"href":"https:\/\/guialimeira.com.br\/news\/wp-json\/wp\/v2\/categories?post=20407"},{"taxonomy":"post_tag","embeddable":true,"href":"https:\/\/guialimeira.com.br\/news\/wp-json\/wp\/v2\/tags?post=20407"}],"curies":[{"name":"wp","href":"https:\/\/api.w.org\/{rel}","templated":true}]}}