{"id":20385,"date":"2025-01-09T11:53:33","date_gmt":"2025-01-09T14:53:33","guid":{"rendered":"https:\/\/guialimeira.com.br\/2025\/01\/09\/governo-se-antecipa-a-periodo-sazonal-da-dengue-para-evitar-obitos\/"},"modified":"2025-01-09T11:53:33","modified_gmt":"2025-01-09T14:53:33","slug":"governo-se-antecipa-a-periodo-sazonal-da-dengue-para-evitar-obitos","status":"publish","type":"post","link":"https:\/\/guialimeira.com.br\/news\/governo-se-antecipa-a-periodo-sazonal-da-dengue-para-evitar-obitos\/","title":{"rendered":"Governo se antecipa a per\u00edodo sazonal da dengue para evitar \u00f3bitos"},"content":{"rendered":"<p> <br \/>\n<\/p>\n<div>\n<p>O Minist\u00e9rio da Sa\u00fade instalou nesta quinta-feira (9) o Centro de Opera\u00e7\u00f5es de Emerg\u00eancia (COE) para dengue e outras arboviroses.<img data-recalc-dims=\"1\" decoding=\"async\" src=\"https:\/\/i0.wp.com\/agenciabrasil.ebc.com.br\/ebc.png?w=696&#038;ssl=1\" style=\"width:1px; height:1px; display:inline;\"\/><img data-recalc-dims=\"1\" decoding=\"async\" src=\"https:\/\/i0.wp.com\/agenciabrasil.ebc.com.br\/ebc.gif?w=696&#038;ssl=1\" style=\"width:1px; height:1px; display:inline;\"\/><\/p>\n<p>De acordo com a ministra da Sa\u00fade, N\u00edsia Trindade, a ideia \u00e9 coordenar o planejamento e a reposta por meio do di\u00e1logo constante com estados, munic\u00edpios, pesquisadores e institui\u00e7\u00f5es cient\u00edficas, al\u00e9m de outras pastas.<\/p>\n<p>Dentre as a\u00e7\u00f5es previstas est\u00e3o se antecipar ao per\u00edodo sazonal da dengue para adequar as redes de sa\u00fade; mitigar riscos para evitar casos e \u00f3bitos; ampliar medidas preventivas para melhor preparar estados e munic\u00edpios; e uma articula\u00e7\u00e3o nacional para resposta a eventuais situa\u00e7\u00f5es classificadas como cr\u00edticas.<br \/>\u00a0<\/p>\n<div class=\"dnd-widget-wrapper context-sem_processamento type-image\">\n<div class=\"dnd-atom-rendered\"><!-- scald=368675:sem_processamento {\"additionalClasses\":\"\"} --><br \/>\n            <img data-recalc-dims=\"1\" decoding=\"async\" src=\"https:\/\/i0.wp.com\/agenciabrasil.ebc.com.br\/sites\/default\/files\/thumbnails\/image\/protecao_copy.jpg?w=696&#038;ssl=1\" alt=\"Medidas de prote\u00e7\u00e3o individual para evitar picadas de mosquitos. Foto: Arte\/EBC\" title=\"Arte\/EBC\"\/><br \/>\n        <img data-recalc-dims=\"1\" decoding=\"async\" src=\"https:\/\/i0.wp.com\/agenciabrasil.ebc.com.br\/sites\/default\/files\/thumbnails\/image\/protecao_copy.jpg?w=696&#038;ssl=1\" alt=\"Medidas de prote\u00e7\u00e3o individual para evitar picadas de mosquitos. Foto: Arte\/EBC\" title=\"Arte\/EBC\"\/><br \/>\n    <!-- END scald=368675 --><\/div>\n<\/div>\n<p>N\u00edsia anunciou ainda o lan\u00e7amento de um novo Plano de Conting\u00eancia Nacional para Dengue, Chikungunya e Zika, composto por seis eixos, no intuito de ampliar medidas preventivas, preparar a rede assistencial e conter o avan\u00e7o de casos de dessas doen\u00e7as no pa\u00eds.<\/p>\n<p>A vers\u00e3o anterior do plano havia sido lan\u00e7ada em 2022 e, portanto, antes da <a href=\"https:\/\/agenciabrasil.ebc.com.br\/saude\/noticia\/2025-01\/casos-de-dengue-em-2024-passam-de-64-milhoes-mortes-somam-59-mil\" target=\"_blank\" rel=\"noopener\">maior epidemia de dengue<\/a> j\u00e1 registrada no Brasil, em 2024.<\/p>\n<p>Dentre as a\u00e7\u00f5es destacadas pela pasta est\u00e3o:<\/p>\n<ul>\n<li>expans\u00e3o do <a href=\"https:\/\/agenciabrasil.ebc.com.br\/saude\/noticia\/2024-02\/metodo-wolbachia-reduz-casos-de-dengue-em-niteroi\" target=\"_blank\" rel=\"noopener\">m\u00e9todo Wolbachia<\/a> de tr\u00eas para 40 cidades ainda em 2025;<\/li>\n<li>implanta\u00e7\u00e3o de insetos est\u00e9reis em aldeias ind\u00edgenas;<\/li>\n<li>borrifa\u00e7\u00e3o residual intradomiciliar em \u00e1reas de grande circula\u00e7\u00e3o de pessoas, como creches, escolas e asilos;<\/li>\n<li>esta\u00e7\u00f5es disseminadoras de larvicidas, com previs\u00e3o de implanta\u00e7\u00e3o de 150 mil unidades na primeira fase no projeto;<\/li>\n<li>uso de <em>Bacillus Thuringiensis Israelensis<\/em> (BTI) para monitorar e controlar a dissemina\u00e7\u00e3o do mosquito;<\/li>\n<li>instala\u00e7\u00e3o de cerca de 3 mil esta\u00e7\u00f5es disseminadoras de larvicida no Distrito Federal, na regi\u00e3o do Sol Nascente, com expans\u00e3o prevista para outras \u00e1reas perif\u00e9ricas do pa\u00eds.<br \/>\u00a0<\/li>\n<\/ul>\n<div class=\"dnd-widget-wrapper context-cheio_8colunas type-image\">\n<div class=\"dnd-atom-rendered\"><!-- scald=371277:cheio_8colunas --><br \/>\n            <img data-recalc-dims=\"1\" decoding=\"async\" src=\"https:\/\/i0.wp.com\/imagens.ebc.com.br\/s_Bt6b-G6_VbNNiVOgz-Hs3Ss_U%3D\/754x0\/smart\/https%3A\/\/agenciabrasil.ebc.com.br\/sites\/default\/files\/thumbnails\/image\/mosquitos_com_wolbachia4.jpg?w=696&#038;ssl=1\" alt=\"Rio de Janeiro (RJ) 09\/02\/2024 - PEspecial para mat\u00e9ria - Mosquitos com Wolbachia reduzem casos de dengue em Niter\u00f3i.&#13;&#10;Foto: Fl\u00e1vio Carvalho\/WMP Brasil\/Fiocruz\" title=\"Fl\u00e1vio Carvalho\/WMP Brasil\/Fiocruz\"\/><br \/>\n        <img data-recalc-dims=\"1\" decoding=\"async\" src=\"https:\/\/i0.wp.com\/imagens.ebc.com.br\/s_Bt6b-G6_VbNNiVOgz-Hs3Ss_U%3D\/754x0\/smart\/https%3A\/\/agenciabrasil.ebc.com.br\/sites\/default\/files\/thumbnails\/image\/mosquitos_com_wolbachia4.jpg?w=696&#038;ssl=1\" alt=\"Rio de Janeiro (RJ) 09\/02\/2024 - PEspecial para mat\u00e9ria - Mosquitos com Wolbachia reduzem casos de dengue em Niter\u00f3i.&#13;&#10;Foto: Fl\u00e1vio Carvalho\/WMP Brasil\/Fiocruz\" title=\"Fl\u00e1vio Carvalho\/WMP Brasil\/Fiocruz\"\/><br \/>\n    <!-- END scald=371277 --><\/div>\n<p><h6 class=\"meta\"><!--copyright=371277-->Mosquitos contaminados com a bact\u00e9ria Wolbachia reduzem casos de dengue &#8211; <strong>Fl\u00e1vio Carvalho\/WMP Brasil\/Fiocruz<\/strong><!--END copyright=371277--><\/h6>\n<\/p>\n<\/div>\n<h2>Vacina<\/h2>\n<p>De acordo com a secret\u00e1ria de Vigil\u00e2ncia em Sa\u00fade, Ethel Maciel, a pasta j\u00e1 adquiriu todo o estoque de vacinas contra a dengue disponibilizado pelo fabricante para 2025: 9,5 milh\u00f5es de doses.<\/p>\n<p>A estrat\u00e9gia do governo federal, segundo Ethel, \u00e9 intensificar a imuniza\u00e7\u00e3o contra a dengue entre crian\u00e7as e adolescentes de 10 a 14 anos neste ano, sobretudo diante de um estoque de cerca de 3 milh\u00f5es de doses distribu\u00eddas aos estados e munic\u00edpios em 2024 e que ainda n\u00e3o foram aplicadas.<br \/>\u00a0<\/p>\n<div class=\"dnd-widget-wrapper context-sem_processamento type-image\">\n<div class=\"dnd-atom-rendered\"><!-- scald=368676:sem_processamento {\"additionalClasses\":\"\"} --><br \/>\n            <img data-recalc-dims=\"1\" decoding=\"async\" src=\"https:\/\/i0.wp.com\/agenciabrasil.ebc.com.br\/sites\/default\/files\/thumbnails\/image\/eliminar-criadouros_copy.jpg?w=696&#038;ssl=1\" alt=\"A melhor forma de combater a dengue \u00e9 impedir a reprodu\u00e7\u00e3o do mosquito. Foto: Arte\/EBC\" title=\"Arte\/EBC\"\/><br \/>\n        <img data-recalc-dims=\"1\" decoding=\"async\" src=\"https:\/\/i0.wp.com\/agenciabrasil.ebc.com.br\/sites\/default\/files\/thumbnails\/image\/eliminar-criadouros_copy.jpg?w=696&#038;ssl=1\" alt=\"A melhor forma de combater a dengue \u00e9 impedir a reprodu\u00e7\u00e3o do mosquito. Foto: Arte\/EBC\" title=\"Arte\/EBC\"\/><br \/>\n    <!-- END scald=368676 --><\/div>\n<\/div>\n<h2>Cen\u00e1rio epidemiol\u00f3gico<\/h2>\n<p>Em 2024, o Brasil registrou 6,4 milh\u00f5es de casos prov\u00e1veis de dengue e 6 mil \u00f3bitos, de acordo com o painel de atualiza\u00e7\u00e3o de casos de arboviroses do minist\u00e9rio.<\/p>\n<p>J\u00e1 em 2025, at\u00e9 esta quarta-feira (8), foram notificados 10,1 mil casos prov\u00e1veis e 10 mortes em investiga\u00e7\u00e3o por dengue.<\/p>\n<p>      <!-- Relacionada --><\/p>\n<p>            <!-- Relacionada -->\n    <\/div>\n<p><br \/>\n<br \/><a href=\"https:\/\/agenciabrasil.ebc.com.br\/saude\/noticia\/2025-01\/governo-se-antecipa-periodo-sazonal-da-dengue-para-evitar-obitos\" rel=\"noopener\">Ag\u00eancia Brasil <\/a><\/p>\n","protected":false},"excerpt":{"rendered":"<p>O Minist\u00e9rio da Sa\u00fade instalou nesta quinta-feira (9) o Centro de Opera\u00e7\u00f5es de Emerg\u00eancia (COE) para dengue e outras arboviroses. De acordo com a ministra da Sa\u00fade, N\u00edsia Trindade, a ideia \u00e9 coordenar o planejamento e a reposta por meio do di\u00e1logo constante com estados, munic\u00edpios, pesquisadores e institui\u00e7\u00f5es cient\u00edficas, al\u00e9m de outras pastas. Dentre [&hellip;]<\/p>\n","protected":false},"author":1,"featured_media":20386,"comment_status":"open","ping_status":"open","sticky":false,"template":"","format":"standard","meta":{"_jetpack_newsletter_access":"","_jetpack_dont_email_post_to_subs":false,"_jetpack_newsletter_tier_id":0,"_jetpack_memberships_contains_paywalled_content":false,"_mbp_banners":[],"_jetpack_feature_clip_id":0,"_jetpack_memberships_contains_paid_content":false,"footnotes":"","jetpack_publicize_message":"","jetpack_publicize_feature_enabled":true,"jetpack_social_post_already_shared":true,"jetpack_social_options":{"image_generator_settings":{"template":"highway","default_image_id":0,"font":"","enabled":false},"version":2},"jetpack_post_was_ever_published":false},"categories":[15],"tags":[],"class_list":["post-20385","post","type-post","status-publish","format-standard","has-post-thumbnail","category-saude"],"jetpack_publicize_connections":[],"jetpack-related-posts":[],"jetpack_shortlink":"https:\/\/wp.me\/p7Eq1F-5iN","jetpack_sharing_enabled":true,"jetpack_featured_media_url":"https:\/\/i0.wp.com\/guialimeira.com.br\/news\/wp-content\/uploads\/2025\/01\/nisia-dengue_mcamgo_abr_09012025.jpg?fit=1600%2C800&ssl=1","_links":{"self":[{"href":"https:\/\/guialimeira.com.br\/news\/wp-json\/wp\/v2\/posts\/20385","targetHints":{"allow":["GET"]}}],"collection":[{"href":"https:\/\/guialimeira.com.br\/news\/wp-json\/wp\/v2\/posts"}],"about":[{"href":"https:\/\/guialimeira.com.br\/news\/wp-json\/wp\/v2\/types\/post"}],"author":[{"embeddable":true,"href":"https:\/\/guialimeira.com.br\/news\/wp-json\/wp\/v2\/users\/1"}],"replies":[{"embeddable":true,"href":"https:\/\/guialimeira.com.br\/news\/wp-json\/wp\/v2\/comments?post=20385"}],"version-history":[{"count":0,"href":"https:\/\/guialimeira.com.br\/news\/wp-json\/wp\/v2\/posts\/20385\/revisions"}],"wp:featuredmedia":[{"embeddable":true,"href":"https:\/\/guialimeira.com.br\/news\/wp-json\/wp\/v2\/media\/20386"}],"wp:attachment":[{"href":"https:\/\/guialimeira.com.br\/news\/wp-json\/wp\/v2\/media?parent=20385"}],"wp:term":[{"taxonomy":"category","embeddable":true,"href":"https:\/\/guialimeira.com.br\/news\/wp-json\/wp\/v2\/categories?post=20385"},{"taxonomy":"post_tag","embeddable":true,"href":"https:\/\/guialimeira.com.br\/news\/wp-json\/wp\/v2\/tags?post=20385"}],"curies":[{"name":"wp","href":"https:\/\/api.w.org\/{rel}","templated":true}]}}