{"id":2034,"date":"2024-04-19T17:05:44","date_gmt":"2024-04-19T20:05:44","guid":{"rendered":"https:\/\/guialimeira.com.br\/2024\/04\/19\/prefeitura-vai-realizar-novo-fumace\/"},"modified":"2024-04-19T17:05:44","modified_gmt":"2024-04-19T20:05:44","slug":"prefeitura-vai-realizar-novo-fumace","status":"publish","type":"post","link":"https:\/\/guialimeira.com.br\/news\/prefeitura-vai-realizar-novo-fumace\/","title":{"rendered":"Prefeitura vai realizar novo fumace&#8230;"},"content":{"rendered":"<p> <br \/>\n<\/p>\n<div>\n<p>Visando o combate \u00e0 dengue, a Prefeitura de Iracem\u00e1polis, por meio do Departamento de Vigil\u00e2ncia Epidemiol\u00f3gica, realizar\u00e1, na pr\u00f3xima semana, um fumac\u00ea em toda a cidade. O servi\u00e7o ser\u00e1 dividido em tr\u00eas regi\u00f5es que receber\u00e3o o Fumac\u00ea a partir das 18h.<\/p>\n<p>No dia 23, ter\u00e7a-feira, a a\u00e7\u00e3o ser\u00e1 realizada nos bairros: Residencial Ac\u00e1cias, Jardim Niza Azevedo Calice, Residencial Florescer, Luiz Ometto, Boa Vista, Santa Rita, Alvorada, Bela Vista, Jardim Iracema, Jardim S\u00e3o Sebasti\u00e3o, Jardim Herminio Demarchi, Jardim Primavera, Jardim Volunt\u00e1rio Pedro de Freitas, Centro e Dimas Cera Ometto.<\/p>\n<p>Na quarta-feira, dia 24, a a\u00e7\u00e3o ser\u00e1 realizada nos bairros: Paineiras, Morro Azul, Residencial Orqu\u00eddeas, Residencial dos Ip\u00eas, L\u00e1zaro Hon\u00f3rio, Aquarius, Distrito Industrial II, Alcidez Modenez, Antonio Joaquim Fagundes, Jos\u00e9 Modenez, Cidade Nova, Jardim Jo\u00e3o Ometto, Carolina Ometto e Cesarino Borba.<\/p>\n<p>Na quinta, dia 25, o fumac\u00ea acontece nos bairros: Villagio Mielli, Fl\u00f3rida, Residencial Campo verde, Parque industrial Catharina Ometto, Distrito Industrial II, Distrito Industrial IV e Park Empresarial I e II.<\/p>\n<p>Em caso de chuva, o servi\u00e7o ser\u00e1 transferido para outro dia.<\/p>\n<p><strong>Orienta\u00e7\u00f5es a popula\u00e7\u00e3o<\/strong><\/p>\n<p>Devido ao procedimento, o setor ressalta orienta\u00e7\u00f5es \u00e0 popula\u00e7\u00e3o para este dia e hor\u00e1rio. No per\u00edodo de passagem do ve\u00edculo, \u00e9 recomend\u00e1vel que portas e janelas sejam abertas para maior efic\u00e1cia. E que gatos e cachorros sejam isolados em um c\u00f4modo durante a a\u00e7\u00e3o.<\/p>\n<p>Outras orienta\u00e7\u00f5es s\u00e3o: retirar as roupas do varal; cobrir gaiolas de p\u00e1ssaros, caixas de abelhas e aqu\u00e1rios; recolher recipientes de \u00e1gua e comida dos animais dom\u00e9sticos e todos devem permanecer dentro das resid\u00eancias durante o servi\u00e7o.<\/p>\n<\/p><\/div>\n<p><br \/>\n<br \/><a href=\"https:\/\/www.iracemapolis.sp.gov.br\/portal\/noticias\/0\/3\/2168\/prefeitura-vai-realizar-novo-fumace-contra-dengue-em-toda-a-cidade\/\" rel=\"noopener\">Informa\u00e7\u00f5es PMI<\/a><\/p>\n","protected":false},"excerpt":{"rendered":"<p>Visando o combate \u00e0 dengue, a Prefeitura de Iracem\u00e1polis, por meio do Departamento de Vigil\u00e2ncia Epidemiol\u00f3gica, realizar\u00e1, na pr\u00f3xima semana, um fumac\u00ea em toda a cidade. O servi\u00e7o ser\u00e1 dividido em tr\u00eas regi\u00f5es que receber\u00e3o o Fumac\u00ea a partir das 18h. No dia 23, ter\u00e7a-feira, a a\u00e7\u00e3o ser\u00e1 realizada nos bairros: Residencial Ac\u00e1cias, Jardim Niza [&hellip;]<\/p>\n","protected":false},"author":1,"featured_media":2035,"comment_status":"open","ping_status":"open","sticky":false,"template":"","format":"standard","meta":{"_jetpack_newsletter_access":"","_jetpack_dont_email_post_to_subs":false,"_jetpack_newsletter_tier_id":0,"_jetpack_memberships_contains_paywalled_content":false,"_mbp_banners":[],"_jetpack_feature_clip_id":0,"_jetpack_memberships_contains_paid_content":false,"footnotes":"","jetpack_publicize_message":"","jetpack_publicize_feature_enabled":true,"jetpack_social_post_already_shared":true,"jetpack_social_options":{"image_generator_settings":{"template":"highway","default_image_id":0,"font":"","enabled":false},"version":2},"jetpack_post_was_ever_published":false},"categories":[20],"tags":[],"class_list":["post-2034","post","type-post","status-publish","format-standard","has-post-thumbnail","category-regiao"],"jetpack_publicize_connections":[],"jetpack-related-posts":[],"jetpack_shortlink":"https:\/\/wp.me\/p7Eq1F-wO","jetpack_sharing_enabled":true,"jetpack_featured_media_url":"https:\/\/i0.wp.com\/guialimeira.com.br\/news\/wp-content\/uploads\/2024\/04\/d6a8051c494e4c8f1cac5f511953d28a.png?fit=800%2C800&ssl=1","_links":{"self":[{"href":"https:\/\/guialimeira.com.br\/news\/wp-json\/wp\/v2\/posts\/2034","targetHints":{"allow":["GET"]}}],"collection":[{"href":"https:\/\/guialimeira.com.br\/news\/wp-json\/wp\/v2\/posts"}],"about":[{"href":"https:\/\/guialimeira.com.br\/news\/wp-json\/wp\/v2\/types\/post"}],"author":[{"embeddable":true,"href":"https:\/\/guialimeira.com.br\/news\/wp-json\/wp\/v2\/users\/1"}],"replies":[{"embeddable":true,"href":"https:\/\/guialimeira.com.br\/news\/wp-json\/wp\/v2\/comments?post=2034"}],"version-history":[{"count":0,"href":"https:\/\/guialimeira.com.br\/news\/wp-json\/wp\/v2\/posts\/2034\/revisions"}],"wp:featuredmedia":[{"embeddable":true,"href":"https:\/\/guialimeira.com.br\/news\/wp-json\/wp\/v2\/media\/2035"}],"wp:attachment":[{"href":"https:\/\/guialimeira.com.br\/news\/wp-json\/wp\/v2\/media?parent=2034"}],"wp:term":[{"taxonomy":"category","embeddable":true,"href":"https:\/\/guialimeira.com.br\/news\/wp-json\/wp\/v2\/categories?post=2034"},{"taxonomy":"post_tag","embeddable":true,"href":"https:\/\/guialimeira.com.br\/news\/wp-json\/wp\/v2\/tags?post=2034"}],"curies":[{"name":"wp","href":"https:\/\/api.w.org\/{rel}","templated":true}]}}