{"id":20312,"date":"2025-01-08T17:48:22","date_gmt":"2025-01-08T20:48:22","guid":{"rendered":"https:\/\/guialimeira.com.br\/2025\/01\/08\/financiamento-de-veiculos-cresce-204-em-2024\/"},"modified":"2025-01-08T17:48:22","modified_gmt":"2025-01-08T20:48:22","slug":"financiamento-de-veiculos-cresce-204-em-2024","status":"publish","type":"post","link":"https:\/\/guialimeira.com.br\/news\/financiamento-de-veiculos-cresce-204-em-2024\/","title":{"rendered":"Financiamento de ve\u00edculos cresce 20,4% em 2024"},"content":{"rendered":"<p> <br \/>\n<\/p>\n<div>\n<p>No ano passado, mais de 7,2 milh\u00f5es de ve\u00edculos novos e usados foram vendidos de forma financiada, informou nesta quarta-feira (8) a B3, a bolsa de valores de S\u00e3o Paulo. Segundo a B3, isso representou alta de 20,4% em rela\u00e7\u00e3o a 2023, com um incremento de 1,22 milh\u00e3o\u00a0de unidades, o que inclui ve\u00edculos leves, pesados e motos.<img data-recalc-dims=\"1\" decoding=\"async\" src=\"https:\/\/i0.wp.com\/agenciabrasil.ebc.com.br\/ebc.png?w=696&#038;ssl=1\" style=\"width:1px; height:1px; display:inline;\"\/><img data-recalc-dims=\"1\" decoding=\"async\" src=\"https:\/\/i0.wp.com\/agenciabrasil.ebc.com.br\/ebc.gif?w=696&#038;ssl=1\" style=\"width:1px; height:1px; display:inline;\"\/><\/p>\n<p>Considerando-se apenas o m\u00eas de dezembro, foram financiados 614 mil ve\u00edculos, alta de 7,3% em rela\u00e7\u00e3o a dezembro de 2023. Esse foi o melhor resultado para o m\u00eas desde 2014, quando foram financiadas 625 mil unidades.<\/p>\n<p>No segmento de autos e comerciais leves, o aumento foi de 19% em todo o ano passado. J\u00e1 entre ve\u00edculos pesados, o crescimento nesse per\u00edodo foi de 13,8%, enquanto o de motos apresentou eleva\u00e7\u00e3o de 25%.<\/p>\n<p>Na rela\u00e7\u00e3o mensal, os financiamentos de autos e comerciais leves apresentaram alta de 5,5% em dezembro do ano passado em rela\u00e7\u00e3o a dezembro de 2023. Nessa mesma compara\u00e7\u00e3o, o segmento de ve\u00edculos pesados apresentou eleva\u00e7\u00e3o de 12,2% e, o de motos, de 12,4%.<\/p>\n<p>\u201cOs resultados de 2024 confirmam um ano bastante positivo, com acr\u00e9scimo de 1,2 milh\u00e3o de ve\u00edculos financiados em rela\u00e7\u00e3o a 2023. Esta \u00e9 a melhor marca desde 2011, quando atingimos 7,7 milh\u00f5es de unidades\u201d, disse o\u00a0gerente de Planejamento e Intelig\u00eancia de Mercado na B3, Gustavo de Oliveira Ferro, por meio de nota.<\/p>\n<p>Segundo ele, esse desempenho pode ser explicado pelo aquecimento das vendas de ve\u00edculos no varejo, pelo bom desempenho do mercado de trabalho, pelo aumento na concess\u00e3o de cr\u00e9dito e pelos indicadores de inadimpl\u00eancia, que est\u00e3o est\u00e1veis.<\/p>\n<p>Hoje pela manh\u00e3, a Federa\u00e7\u00e3o Nacional da Distribui\u00e7\u00e3o de Ve\u00edculos Automotores (Fenabrave) divulgou que a venda de ve\u00edculos novos \u2013\u00a0considerando-se autom\u00f3veis e comerciais leves, \u00f4nibus e caminh\u00f5es \u2013\u00a0teve um desempenho positivo no ano passado, com o emplacamento de 2.634.514 unidades, aumento de 14,15% em rela\u00e7\u00e3o a 2023. Para o presidente da entidade, Arcelio Alves dos Santos J\u00fanior, o <a href=\"https:\/\/agenciabrasil.ebc.com.br\/economia\/noticia\/2025-01\/oferta-de-credito-impulsionou-venda-de-veiculos-em-2024-diz-fenabrave\" target=\"_blank\" rel=\"noopener\">resultado se deve\u00a0principalmente \u00e0\u00a0oferta de cr\u00e9dito<\/a>.<\/p>\n<p>      <!-- Relacionada --><\/p>\n<p>            <!-- Relacionada -->\n    <\/div>\n<p><br \/>\n<br \/><a href=\"https:\/\/agenciabrasil.ebc.com.br\/economia\/noticia\/2025-01\/financiamento-de-veiculos-cresce-204-em-2024-diz-b3\" rel=\"noopener\">Ag\u00eancia Brasil<\/a><\/p>\n","protected":false},"excerpt":{"rendered":"<p>No ano passado, mais de 7,2 milh\u00f5es de ve\u00edculos novos e usados foram vendidos de forma financiada, informou nesta quarta-feira (8) a B3, a bolsa de valores de S\u00e3o Paulo. Segundo a B3, isso representou alta de 20,4% em rela\u00e7\u00e3o a 2023, com um incremento de 1,22 milh\u00e3o\u00a0de unidades, o que inclui ve\u00edculos leves, pesados [&hellip;]<\/p>\n","protected":false},"author":1,"featured_media":8508,"comment_status":"open","ping_status":"open","sticky":false,"template":"","format":"standard","meta":{"_jetpack_newsletter_access":"","_jetpack_dont_email_post_to_subs":false,"_jetpack_newsletter_tier_id":0,"_jetpack_memberships_contains_paywalled_content":false,"_mbp_banners":[],"_jetpack_feature_clip_id":0,"_jetpack_memberships_contains_paid_content":false,"footnotes":"","jetpack_publicize_message":"","jetpack_publicize_feature_enabled":true,"jetpack_social_post_already_shared":true,"jetpack_social_options":{"image_generator_settings":{"template":"highway","default_image_id":0,"font":"","enabled":false},"version":2},"jetpack_post_was_ever_published":false},"categories":[24],"tags":[],"class_list":["post-20312","post","type-post","status-publish","format-standard","has-post-thumbnail","category-economia"],"jetpack_publicize_connections":[],"jetpack-related-posts":[],"jetpack_shortlink":"https:\/\/wp.me\/p7Eq1F-5hC","jetpack_sharing_enabled":true,"jetpack_featured_media_url":"https:\/\/i0.wp.com\/guialimeira.com.br\/news\/wp-content\/uploads\/2024\/06\/1500mc_0062.jpg?fit=1600%2C800&ssl=1","_links":{"self":[{"href":"https:\/\/guialimeira.com.br\/news\/wp-json\/wp\/v2\/posts\/20312","targetHints":{"allow":["GET"]}}],"collection":[{"href":"https:\/\/guialimeira.com.br\/news\/wp-json\/wp\/v2\/posts"}],"about":[{"href":"https:\/\/guialimeira.com.br\/news\/wp-json\/wp\/v2\/types\/post"}],"author":[{"embeddable":true,"href":"https:\/\/guialimeira.com.br\/news\/wp-json\/wp\/v2\/users\/1"}],"replies":[{"embeddable":true,"href":"https:\/\/guialimeira.com.br\/news\/wp-json\/wp\/v2\/comments?post=20312"}],"version-history":[{"count":0,"href":"https:\/\/guialimeira.com.br\/news\/wp-json\/wp\/v2\/posts\/20312\/revisions"}],"wp:featuredmedia":[{"embeddable":true,"href":"https:\/\/guialimeira.com.br\/news\/wp-json\/wp\/v2\/media\/8508"}],"wp:attachment":[{"href":"https:\/\/guialimeira.com.br\/news\/wp-json\/wp\/v2\/media?parent=20312"}],"wp:term":[{"taxonomy":"category","embeddable":true,"href":"https:\/\/guialimeira.com.br\/news\/wp-json\/wp\/v2\/categories?post=20312"},{"taxonomy":"post_tag","embeddable":true,"href":"https:\/\/guialimeira.com.br\/news\/wp-json\/wp\/v2\/tags?post=20312"}],"curies":[{"name":"wp","href":"https:\/\/api.w.org\/{rel}","templated":true}]}}