{"id":20281,"date":"2025-01-08T12:42:38","date_gmt":"2025-01-08T15:42:38","guid":{"rendered":"https:\/\/guialimeira.com.br\/2025\/01\/08\/vendas-de-automoveis-e-comerciais-leves-crescem-1402-diz-fenabrave\/"},"modified":"2025-01-08T12:42:38","modified_gmt":"2025-01-08T15:42:38","slug":"vendas-de-automoveis-e-comerciais-leves-crescem-1402-diz-fenabrave","status":"publish","type":"post","link":"https:\/\/guialimeira.com.br\/news\/vendas-de-automoveis-e-comerciais-leves-crescem-1402-diz-fenabrave\/","title":{"rendered":"Vendas de autom\u00f3veis e comerciais leves crescem 14,02%, diz Fenabrave"},"content":{"rendered":"<p> <br \/>\n<\/p>\n<div>\n<p>As vendas de ve\u00edculos novos, considerando-se apenas os autom\u00f3veis e comerciais leves (picapes e furg\u00f5es), tiveram desempenho positivo em 2024, com crescimento de 14,02% em rela\u00e7\u00e3o a 2023. Ao todo, foram emplacadas 2.484.740 unidades.<img data-recalc-dims=\"1\" decoding=\"async\" src=\"https:\/\/i0.wp.com\/agenciabrasil.ebc.com.br\/ebc.png?w=696&#038;ssl=1\" style=\"width:1px; height:1px; display:inline;\"\/><img data-recalc-dims=\"1\" decoding=\"async\" src=\"https:\/\/i0.wp.com\/agenciabrasil.ebc.com.br\/ebc.gif?w=696&#038;ssl=1\" style=\"width:1px; height:1px; display:inline;\"\/><\/p>\n<p>A informa\u00e7\u00e3o foi divulgada hoje (8), em S\u00e3o Paulo, pela Federa\u00e7\u00e3o Nacional da Distribui\u00e7\u00e3o de Ve\u00edculos Automotores (Fenabrave).<\/p>\n<p>Somando-se a venda de \u00f4nibus e caminh\u00f5es com a de comerciais leves, o resultado tamb\u00e9m foi positivo, com o emplacamento de 2.634.514 unidades, aumento de 14,15% em rela\u00e7\u00e3o a 2023.<\/p>\n<p>Quando se considera o emplacamento de todos os segmentos somados (autom\u00f3veis, comerciais leves, caminh\u00f5es, \u00f4nibus, motocicletas, implementos rodovi\u00e1rios e outros ve\u00edculos), o crescimento foi de 15,49% no per\u00edodo, com a comercializa\u00e7\u00e3o de 4.744.179 unidades.<\/p>\n<p>Para 2025, a expectativa da Fenabrave \u00e9 de crescimento de 7% no total, considerando-se todos os segmentos somados.<\/p>\n<h2>Dezembro<\/h2>\n<p>Em dezembro, a venda de autom\u00f3veis e comerciais leves apresentou expans\u00e3o de 1,04% em rela\u00e7\u00e3o a novembro e de 3,01% na compara\u00e7\u00e3o com dezembro de 2023, totalizando 243.691 unidades emplacadas.<\/p>\n<p>No total de todos os segmentos, houve aumento de 2,11% em rela\u00e7\u00e3o a novembro e de 7,11% em rela\u00e7\u00e3o a dezembro de 2023, somando 428.415 unidades.<\/p>\n<p>\u00a0<\/p>\n<p>      <!-- Relacionada --><\/p>\n<p>            <!-- Relacionada -->\n    <\/div>\n<p><br \/>\n<br \/><a href=\"https:\/\/agenciabrasil.ebc.com.br\/economia\/noticia\/2025-01\/vendas-de-automoveis-e-comerciais-leves-crescem-1402-diz-fenabrave\" rel=\"noopener\">Ag\u00eancia Brasil<\/a><\/p>\n","protected":false},"excerpt":{"rendered":"<p>As vendas de ve\u00edculos novos, considerando-se apenas os autom\u00f3veis e comerciais leves (picapes e furg\u00f5es), tiveram desempenho positivo em 2024, com crescimento de 14,02% em rela\u00e7\u00e3o a 2023. Ao todo, foram emplacadas 2.484.740 unidades. A informa\u00e7\u00e3o foi divulgada hoje (8), em S\u00e3o Paulo, pela Federa\u00e7\u00e3o Nacional da Distribui\u00e7\u00e3o de Ve\u00edculos Automotores (Fenabrave). Somando-se a venda [&hellip;]<\/p>\n","protected":false},"author":1,"featured_media":19480,"comment_status":"open","ping_status":"open","sticky":false,"template":"","format":"standard","meta":{"_jetpack_newsletter_access":"","_jetpack_dont_email_post_to_subs":false,"_jetpack_newsletter_tier_id":0,"_jetpack_memberships_contains_paywalled_content":false,"_mbp_banners":[],"_jetpack_feature_clip_id":0,"_jetpack_memberships_contains_paid_content":false,"footnotes":"","jetpack_publicize_message":"","jetpack_publicize_feature_enabled":true,"jetpack_social_post_already_shared":true,"jetpack_social_options":{"image_generator_settings":{"template":"highway","default_image_id":0,"font":"","enabled":false},"version":2},"jetpack_post_was_ever_published":false},"categories":[24],"tags":[],"class_list":["post-20281","post","type-post","status-publish","format-standard","has-post-thumbnail","category-economia"],"jetpack_publicize_connections":[],"jetpack-related-posts":[],"jetpack_shortlink":"https:\/\/wp.me\/p7Eq1F-5h7","jetpack_sharing_enabled":true,"jetpack_featured_media_url":"https:\/\/i0.wp.com\/guialimeira.com.br\/news\/wp-content\/uploads\/2024\/12\/sp_transito_1.jpg?fit=1600%2C800&ssl=1","_links":{"self":[{"href":"https:\/\/guialimeira.com.br\/news\/wp-json\/wp\/v2\/posts\/20281","targetHints":{"allow":["GET"]}}],"collection":[{"href":"https:\/\/guialimeira.com.br\/news\/wp-json\/wp\/v2\/posts"}],"about":[{"href":"https:\/\/guialimeira.com.br\/news\/wp-json\/wp\/v2\/types\/post"}],"author":[{"embeddable":true,"href":"https:\/\/guialimeira.com.br\/news\/wp-json\/wp\/v2\/users\/1"}],"replies":[{"embeddable":true,"href":"https:\/\/guialimeira.com.br\/news\/wp-json\/wp\/v2\/comments?post=20281"}],"version-history":[{"count":0,"href":"https:\/\/guialimeira.com.br\/news\/wp-json\/wp\/v2\/posts\/20281\/revisions"}],"wp:featuredmedia":[{"embeddable":true,"href":"https:\/\/guialimeira.com.br\/news\/wp-json\/wp\/v2\/media\/19480"}],"wp:attachment":[{"href":"https:\/\/guialimeira.com.br\/news\/wp-json\/wp\/v2\/media?parent=20281"}],"wp:term":[{"taxonomy":"category","embeddable":true,"href":"https:\/\/guialimeira.com.br\/news\/wp-json\/wp\/v2\/categories?post=20281"},{"taxonomy":"post_tag","embeddable":true,"href":"https:\/\/guialimeira.com.br\/news\/wp-json\/wp\/v2\/tags?post=20281"}],"curies":[{"name":"wp","href":"https:\/\/api.w.org\/{rel}","templated":true}]}}