{"id":20277,"date":"2025-01-08T11:41:53","date_gmt":"2025-01-08T14:41:53","guid":{"rendered":"https:\/\/guialimeira.com.br\/2025\/01\/08\/producao-da-industria-brasileira-recua-06-em-novembro\/"},"modified":"2025-01-08T11:41:53","modified_gmt":"2025-01-08T14:41:53","slug":"producao-da-industria-brasileira-recua-06-em-novembro","status":"publish","type":"post","link":"https:\/\/guialimeira.com.br\/news\/producao-da-industria-brasileira-recua-06-em-novembro\/","title":{"rendered":"Produ\u00e7\u00e3o da ind\u00fastria brasileira recua 0,6% em novembro"},"content":{"rendered":"<p> <br \/>\n<\/p>\n<div>\n<p>A produ\u00e7\u00e3o da ind\u00fastria brasileira recuou 0,6% na passagem de outubro para novembro. Foi o segundo m\u00eas consecutivo de queda. Em outubro o setor j\u00e1 tinha ca\u00eddo 0,2%. No entanto, no conjunto dos 11 meses de 2024, a ind\u00fastria acumula alta de 3,2% e, em 12 meses, expans\u00e3o de 3%.<img data-recalc-dims=\"1\" decoding=\"async\" src=\"https:\/\/i0.wp.com\/agenciabrasil.ebc.com.br\/ebc.png?w=696&#038;ssl=1\" style=\"width:1px; height:1px; display:inline;\"\/><img data-recalc-dims=\"1\" decoding=\"async\" src=\"https:\/\/i0.wp.com\/agenciabrasil.ebc.com.br\/ebc.gif?w=696&#038;ssl=1\" style=\"width:1px; height:1px; display:inline;\"\/><\/p>\n<p>Os dados fazem parte da Pesquisa Industrial Mensal, divulgada nesta quarta-feira (8) pelo Instituto Brasileiro de Geografia e Estat\u00edstica (IBGE). Com o resultado, a ind\u00fastria brasileira se posiciona 1,8% do patamar pr\u00e9-pandemia (fevereiro de 2020) e 15,1% abaixo do ponto mais alto j\u00e1 registrado, em maio de 2011.<\/p>\n<p>De acordo com o gerente da pesquisa, Andr\u00e9 Macedo, as <a href=\"https:\/\/agenciabrasil.ebc.com.br\/economia\/noticia\/2024-12\/economia-ano-fecha-com-alta-do-pib-emprego-recorde-e-juros-altos\" target=\"_blank\" rel=\"noopener\">perdas na ind\u00fastria<\/a> em outubro e novembro (acumulado de 0,8%) s\u00e3o, de certa forma, impacto de quest\u00f5es como desvaloriza\u00e7\u00e3o do real ante o d\u00f3lar e aumento da taxa b\u00e1sica de juros da economia, a Selic.\u00a0<\/p>\n<p>\u201cN\u00e3o imagino que o aumento de juros j\u00e1 tenha um efeito direto, porque come\u00e7ou em setembro, mas claro que isso gera impacto na expectativa de consumidores e empres\u00e1rios\u201d, avalia.<\/p>\n<p>Outro fator que pode ter influenciado o recuo industrial \u00e9 o aumento no pre\u00e7o dos alimentos, que tem o efeito de comprometer mais o or\u00e7amento das fam\u00edlias e diminuir a busca por bens de consumo.<\/p>\n<p>\u201cIsso traz algum tipo de reflexo sobre a renda dispon\u00edvel das fam\u00edlias, pode ter impacto sobre as decis\u00f5es de consumo&#8221;, diz.<\/p>\n<p>Na compara\u00e7\u00e3o com novembro de 2023, foi registrada alta de 1,7% na produ\u00e7\u00e3o industrial &#8211; sexta expans\u00e3o consecutiva nesse tipo de compara\u00e7\u00e3o interanual.<\/p>\n<p>Analisando o desempenho de outubro para novembro de 2024, o IBGE aponta que 19 dos 25 ramos industriais ficaram no campo negativo. \u201c\u00c9 um sinal amarelo importante\u201d, adverte Macedo.<\/p>\n<p>As atividades de maior influ\u00eancia negativa foram ve\u00edculos automotores, reboques e carrocerias (-11,5%), e coque (derivado do carv\u00e3o), produtos derivados do petr\u00f3leo e biocombust\u00edveis (-3,5%).<\/p>\n<p>Macedo ressalta que a queda de dois d\u00edgitos na produ\u00e7\u00e3o de ve\u00edculos ainda mant\u00e9m saldo positivo em rela\u00e7\u00e3o ao fim de 2023.<\/p>\n<p>\u201cIsso n\u00e3o tira o comportamento que a atividade teve ao longo do ano. O patamar est\u00e1 14,2% acima de 2023\u201d.<\/p>\n<p>O resultado entre meses seguidos, anunciado nesta quarta-feira (-0,6%), \u00e9 o menor para um m\u00eas de novembro desde 2019, quando houve recuo de 2,3%.<\/p>\n<p>      <!-- Relacionada --><\/p>\n<p>            <!-- Relacionada -->\n    <\/div>\n<p><br \/>\n<br \/><a href=\"https:\/\/agenciabrasil.ebc.com.br\/economia\/noticia\/2025-01\/producao-da-industria-brasileira-recua-06-em-novembro\" rel=\"noopener\">Ag\u00eancia Brasil<\/a><\/p>\n","protected":false},"excerpt":{"rendered":"<p>A produ\u00e7\u00e3o da ind\u00fastria brasileira recuou 0,6% na passagem de outubro para novembro. Foi o segundo m\u00eas consecutivo de queda. Em outubro o setor j\u00e1 tinha ca\u00eddo 0,2%. No entanto, no conjunto dos 11 meses de 2024, a ind\u00fastria acumula alta de 3,2% e, em 12 meses, expans\u00e3o de 3%. Os dados fazem parte da [&hellip;]<\/p>\n","protected":false},"author":1,"featured_media":19125,"comment_status":"open","ping_status":"open","sticky":false,"template":"","format":"standard","meta":{"_jetpack_newsletter_access":"","_jetpack_dont_email_post_to_subs":false,"_jetpack_newsletter_tier_id":0,"_jetpack_memberships_contains_paywalled_content":false,"_mbp_banners":[],"_jetpack_feature_clip_id":0,"_jetpack_memberships_contains_paid_content":false,"footnotes":"","jetpack_publicize_message":"","jetpack_publicize_feature_enabled":true,"jetpack_social_post_already_shared":true,"jetpack_social_options":{"image_generator_settings":{"template":"highway","default_image_id":0,"font":"","enabled":false},"version":2},"jetpack_post_was_ever_published":false},"categories":[24],"tags":[],"class_list":["post-20277","post","type-post","status-publish","format-standard","has-post-thumbnail","category-economia"],"jetpack_publicize_connections":[],"jetpack-related-posts":[],"jetpack_shortlink":"https:\/\/wp.me\/p7Eq1F-5h3","jetpack_sharing_enabled":true,"jetpack_featured_media_url":"https:\/\/i0.wp.com\/guialimeira.com.br\/news\/wp-content\/uploads\/2024\/12\/usina_siderurgica_mascara_de_protecao_industria.jpg?fit=1600%2C800&ssl=1","_links":{"self":[{"href":"https:\/\/guialimeira.com.br\/news\/wp-json\/wp\/v2\/posts\/20277","targetHints":{"allow":["GET"]}}],"collection":[{"href":"https:\/\/guialimeira.com.br\/news\/wp-json\/wp\/v2\/posts"}],"about":[{"href":"https:\/\/guialimeira.com.br\/news\/wp-json\/wp\/v2\/types\/post"}],"author":[{"embeddable":true,"href":"https:\/\/guialimeira.com.br\/news\/wp-json\/wp\/v2\/users\/1"}],"replies":[{"embeddable":true,"href":"https:\/\/guialimeira.com.br\/news\/wp-json\/wp\/v2\/comments?post=20277"}],"version-history":[{"count":0,"href":"https:\/\/guialimeira.com.br\/news\/wp-json\/wp\/v2\/posts\/20277\/revisions"}],"wp:featuredmedia":[{"embeddable":true,"href":"https:\/\/guialimeira.com.br\/news\/wp-json\/wp\/v2\/media\/19125"}],"wp:attachment":[{"href":"https:\/\/guialimeira.com.br\/news\/wp-json\/wp\/v2\/media?parent=20277"}],"wp:term":[{"taxonomy":"category","embeddable":true,"href":"https:\/\/guialimeira.com.br\/news\/wp-json\/wp\/v2\/categories?post=20277"},{"taxonomy":"post_tag","embeddable":true,"href":"https:\/\/guialimeira.com.br\/news\/wp-json\/wp\/v2\/tags?post=20277"}],"curies":[{"name":"wp","href":"https:\/\/api.w.org\/{rel}","templated":true}]}}