{"id":20249,"date":"2025-01-07T20:26:15","date_gmt":"2025-01-07T23:26:15","guid":{"rendered":"https:\/\/guialimeira.com.br\/2025\/01\/07\/dolar-cai-para-r-610-e-fecha-no-menor-valor-desde-dezembro\/"},"modified":"2025-01-07T20:26:15","modified_gmt":"2025-01-07T23:26:15","slug":"dolar-cai-para-r-610-e-fecha-no-menor-valor-desde-dezembro","status":"publish","type":"post","link":"https:\/\/guialimeira.com.br\/news\/dolar-cai-para-r-610-e-fecha-no-menor-valor-desde-dezembro\/","title":{"rendered":"D\u00f3lar cai para R$ 6,10 e fecha no menor valor desde dezembro"},"content":{"rendered":"<p> <br \/>\n<\/p>\n<div>\n<p>Num dia de bom humor externo, o d\u00f3lar caiu pela segunda vez seguida e acumula queda de mais de 1% em 2025. A bolsa de valores subiu quase 1% e recuperou os 121 mil pontos.<img data-recalc-dims=\"1\" decoding=\"async\" src=\"https:\/\/i0.wp.com\/agenciabrasil.ebc.com.br\/ebc.png?w=696&#038;ssl=1\" style=\"width:1px; height:1px; display:inline;\"\/><img data-recalc-dims=\"1\" decoding=\"async\" src=\"https:\/\/i0.wp.com\/agenciabrasil.ebc.com.br\/ebc.gif?w=696&#038;ssl=1\" style=\"width:1px; height:1px; display:inline;\"\/><\/p>\n<p>O d\u00f3lar comercial encerrou esta ter\u00e7a-feira (7) vendido a R$ 6,104, com recuo de R$ 0,007 (-0,12%). A cota\u00e7\u00e3o operou em forte queda durante quase todo o dia, chegando a R$ 6,05 por volta das 13h. \u00c0 tarde, voltou a rondar a estabilidade, at\u00e9 fechar em pequena baixa.<\/p>\n<p>A cota\u00e7\u00e3o chegou ao menor valor de fechamento desde 21 de dezembro. A moeda norte-americana acumula queda de 1,23% em 2025.<\/p>\n<p>O mercado de a\u00e7\u00f5es teve mais um dia de recupera\u00e7\u00e3o. O \u00edndice Ibovespa, da B3, fechou aos 121.163 pontos, com alta de 0,95%. O indicador chegou a subir 1,41% \u00e0s 12h30, mas desacelerou durante a tarde, seguindo o mercado internacional.<\/p>\n<p>Pela manh\u00e3, o d\u00f3lar continuou a cair na expectativa de que o governo do presidente eleito Donald Trump poder\u00e1 moderar o tarifa\u00e7o a produtos de outros pa\u00edses, medida prometida\u00a0durante a campanha eleitoral. No entanto, o mau-humor voltou ao mercado externo durante a tarde, ap\u00f3s Trump conceder uma entrevista em que reafirmou as inten\u00e7\u00f5es de anexar a Groenl\u00e2ndia e o Canal do Panam\u00e1.<\/p>\n<p>No mercado interno, os investidores aproveitaram a queda acentuada do d\u00f3lar durante a manh\u00e3 para comprar moeda norte-americana durante a tarde. Isso contribuiu para que a divisa voltasse \u00e0 estabilidade perto do fim da sess\u00e3o.<\/p>\n<p>* com informa\u00e7\u00f5es da Reuters<\/p>\n<p>      <!-- Relacionada --><\/p>\n<p>            <!-- Relacionada -->\n    <\/div>\n<p><br \/>\n<br \/><a href=\"https:\/\/agenciabrasil.ebc.com.br\/economia\/noticia\/2025-01\/dolar-cai-para-r-610-e-fecha-no-menor-valor-desde-dezembro\" rel=\"noopener\">Ag\u00eancia Brasil<\/a><\/p>\n","protected":false},"excerpt":{"rendered":"<p>Num dia de bom humor externo, o d\u00f3lar caiu pela segunda vez seguida e acumula queda de mais de 1% em 2025. A bolsa de valores subiu quase 1% e recuperou os 121 mil pontos. O d\u00f3lar comercial encerrou esta ter\u00e7a-feira (7) vendido a R$ 6,104, com recuo de R$ 0,007 (-0,12%). A cota\u00e7\u00e3o operou [&hellip;]<\/p>\n","protected":false},"author":1,"featured_media":0,"comment_status":"open","ping_status":"open","sticky":false,"template":"","format":"standard","meta":{"_jetpack_newsletter_access":"","_jetpack_dont_email_post_to_subs":false,"_jetpack_newsletter_tier_id":0,"_jetpack_memberships_contains_paywalled_content":false,"_mbp_banners":[],"_jetpack_feature_clip_id":0,"_jetpack_memberships_contains_paid_content":false,"footnotes":"","jetpack_publicize_message":"","jetpack_publicize_feature_enabled":true,"jetpack_social_post_already_shared":true,"jetpack_social_options":{"image_generator_settings":{"template":"highway","default_image_id":0,"font":"","enabled":false},"version":2},"jetpack_post_was_ever_published":false},"categories":[24],"tags":[],"class_list":["post-20249","post","type-post","status-publish","format-standard","category-economia"],"jetpack_publicize_connections":[],"jetpack-related-posts":[],"jetpack_shortlink":"https:\/\/wp.me\/p7Eq1F-5gB","jetpack_sharing_enabled":true,"jetpack_featured_media_url":"","_links":{"self":[{"href":"https:\/\/guialimeira.com.br\/news\/wp-json\/wp\/v2\/posts\/20249","targetHints":{"allow":["GET"]}}],"collection":[{"href":"https:\/\/guialimeira.com.br\/news\/wp-json\/wp\/v2\/posts"}],"about":[{"href":"https:\/\/guialimeira.com.br\/news\/wp-json\/wp\/v2\/types\/post"}],"author":[{"embeddable":true,"href":"https:\/\/guialimeira.com.br\/news\/wp-json\/wp\/v2\/users\/1"}],"replies":[{"embeddable":true,"href":"https:\/\/guialimeira.com.br\/news\/wp-json\/wp\/v2\/comments?post=20249"}],"version-history":[{"count":0,"href":"https:\/\/guialimeira.com.br\/news\/wp-json\/wp\/v2\/posts\/20249\/revisions"}],"wp:attachment":[{"href":"https:\/\/guialimeira.com.br\/news\/wp-json\/wp\/v2\/media?parent=20249"}],"wp:term":[{"taxonomy":"category","embeddable":true,"href":"https:\/\/guialimeira.com.br\/news\/wp-json\/wp\/v2\/categories?post=20249"},{"taxonomy":"post_tag","embeddable":true,"href":"https:\/\/guialimeira.com.br\/news\/wp-json\/wp\/v2\/tags?post=20249"}],"curies":[{"name":"wp","href":"https:\/\/api.w.org\/{rel}","templated":true}]}}