{"id":20248,"date":"2025-01-07T20:20:43","date_gmt":"2025-01-07T23:20:43","guid":{"rendered":"https:\/\/guialimeira.com.br\/2025\/01\/07\/governo-brasileiro-cumprimenta-zimbabue-por-abolicao-da-pena-de-morte\/"},"modified":"2025-01-07T20:20:43","modified_gmt":"2025-01-07T23:20:43","slug":"governo-brasileiro-cumprimenta-zimbabue-por-abolicao-da-pena-de-morte","status":"publish","type":"post","link":"https:\/\/guialimeira.com.br\/news\/governo-brasileiro-cumprimenta-zimbabue-por-abolicao-da-pena-de-morte\/","title":{"rendered":"Governo brasileiro cumprimenta Zimb\u00e1bue por aboli\u00e7\u00e3o da pena de morte"},"content":{"rendered":"<p> <br \/>\n<\/p>\n<div>\n<p>O Minist\u00e9rio das Rela\u00e7\u00f5es Exteriores (MRE) emitiu nota nesta ter\u00e7a-feira (7) para saudar a aboli\u00e7\u00e3o da pena de morte no Zimb\u00e1bue, pa\u00eds de 16 milh\u00f5es de habitantes que fica no sul do continente africano. A medida \u00e9 fruto de uma lei aprovada pelo Parlamento zimbabuano e sancionada pelo presidente Emmerson Mnangagwa, que comutou a pena de 62 pessoas que estavam no corredor da morte pela de pris\u00e3o perp\u00e9tua. A discuss\u00e3o sobre a medida se estendia desde 2023. \u00a0<img data-recalc-dims=\"1\" decoding=\"async\" src=\"https:\/\/i0.wp.com\/agenciabrasil.ebc.com.br\/ebc.png?w=696&#038;ssl=1\" style=\"width:1px; height:1px; display:inline;\"\/><img data-recalc-dims=\"1\" decoding=\"async\" src=\"https:\/\/i0.wp.com\/agenciabrasil.ebc.com.br\/ebc.gif?w=696&#038;ssl=1\" style=\"width:1px; height:1px; display:inline;\"\/><\/p>\n<p>&#8220;Com a decis\u00e3o, o pa\u00eds africano junta-se \u00e0 maioria dos Estados que j\u00e1 aboliram a pena de morte e reafirma seu compromisso com o sistema multilateral e com os direitos humanos, em particular, com o direito de todo indiv\u00edduo de n\u00e3o ser submetido a tratamento cruel, desumano ou degradante. A aboli\u00e7\u00e3o \u00e9, tamb\u00e9m, um marco para o continente africano, onde mais de 20 pa\u00edses j\u00e1 aboliram totalmente a pena capital, e onde o movimento abolicionista tem avan\u00e7ado de maneira acelerada&#8221;, disse o MRE, em nota. A \u00faltima execu\u00e7\u00e3o no Zimb\u00e1bue ocorreu h\u00e1 quase duas d\u00e9cadas, em 2005.<\/p>\n<p>O Brasil integra a For\u00e7a-Tarefa Inter-Regional sobre a morat\u00f3ria do uso da pena de morte (IRTF). Trata-se de uma articula\u00e7\u00e3o que estimula os pa\u00edses a aplicarem morat\u00f3ria \u00e0 pena capital, por meio de resolu\u00e7\u00e3o apresentada a cada dois anos \u00e0 Assembleia Geral das Na\u00e7\u00f5es Unidas. Em 2024, segundo o Itamaraty, a resolu\u00e7\u00e3o contou com apoio recorde, mobilizando mais de dois ter\u00e7os dos Estados membros da ONU.<\/p>\n<p>      <!-- Relacionada --><\/p>\n<p>            <!-- Relacionada -->\n    <\/div>\n<p><br \/>\n<br \/><a href=\"https:\/\/agenciabrasil.ebc.com.br\/internacional\/noticia\/2025-01\/governo-brasileiro-cumprimenta-zimbabue-por-abolicao-da-pena-de-morte\" rel=\"noopener\">Ag\u00eancia Brasil <\/a><\/p>\n","protected":false},"excerpt":{"rendered":"<p>O Minist\u00e9rio das Rela\u00e7\u00f5es Exteriores (MRE) emitiu nota nesta ter\u00e7a-feira (7) para saudar a aboli\u00e7\u00e3o da pena de morte no Zimb\u00e1bue, pa\u00eds de 16 milh\u00f5es de habitantes que fica no sul do continente africano. A medida \u00e9 fruto de uma lei aprovada pelo Parlamento zimbabuano e sancionada pelo presidente Emmerson Mnangagwa, que comutou a pena [&hellip;]<\/p>\n","protected":false},"author":1,"featured_media":269,"comment_status":"open","ping_status":"open","sticky":false,"template":"","format":"standard","meta":{"_jetpack_newsletter_access":"","_jetpack_dont_email_post_to_subs":false,"_jetpack_newsletter_tier_id":0,"_jetpack_memberships_contains_paywalled_content":false,"_mbp_banners":[],"_jetpack_feature_clip_id":0,"_jetpack_memberships_contains_paid_content":false,"footnotes":"","jetpack_publicize_message":"","jetpack_publicize_feature_enabled":true,"jetpack_social_post_already_shared":true,"jetpack_social_options":{"image_generator_settings":{"template":"highway","default_image_id":0,"font":"","enabled":false},"version":2},"jetpack_post_was_ever_published":false},"categories":[25],"tags":[],"class_list":["post-20248","post","type-post","status-publish","format-standard","has-post-thumbnail","category-internacional"],"jetpack_publicize_connections":[],"jetpack-related-posts":[],"jetpack_shortlink":"https:\/\/wp.me\/p7Eq1F-5gA","jetpack_sharing_enabled":true,"jetpack_featured_media_url":"https:\/\/i0.wp.com\/guialimeira.com.br\/news\/wp-content\/uploads\/2024\/03\/thumb_1200x600_agbrasil.png?fit=1200%2C600&ssl=1","_links":{"self":[{"href":"https:\/\/guialimeira.com.br\/news\/wp-json\/wp\/v2\/posts\/20248","targetHints":{"allow":["GET"]}}],"collection":[{"href":"https:\/\/guialimeira.com.br\/news\/wp-json\/wp\/v2\/posts"}],"about":[{"href":"https:\/\/guialimeira.com.br\/news\/wp-json\/wp\/v2\/types\/post"}],"author":[{"embeddable":true,"href":"https:\/\/guialimeira.com.br\/news\/wp-json\/wp\/v2\/users\/1"}],"replies":[{"embeddable":true,"href":"https:\/\/guialimeira.com.br\/news\/wp-json\/wp\/v2\/comments?post=20248"}],"version-history":[{"count":0,"href":"https:\/\/guialimeira.com.br\/news\/wp-json\/wp\/v2\/posts\/20248\/revisions"}],"wp:featuredmedia":[{"embeddable":true,"href":"https:\/\/guialimeira.com.br\/news\/wp-json\/wp\/v2\/media\/269"}],"wp:attachment":[{"href":"https:\/\/guialimeira.com.br\/news\/wp-json\/wp\/v2\/media?parent=20248"}],"wp:term":[{"taxonomy":"category","embeddable":true,"href":"https:\/\/guialimeira.com.br\/news\/wp-json\/wp\/v2\/categories?post=20248"},{"taxonomy":"post_tag","embeddable":true,"href":"https:\/\/guialimeira.com.br\/news\/wp-json\/wp\/v2\/tags?post=20248"}],"curies":[{"name":"wp","href":"https:\/\/api.w.org\/{rel}","templated":true}]}}