{"id":20229,"date":"2025-01-07T17:17:15","date_gmt":"2025-01-07T20:17:15","guid":{"rendered":"https:\/\/guialimeira.com.br\/2025\/01\/07\/meta-rejeita-soberania-de-paises-em-ambiente-digital-diz-secretario\/"},"modified":"2025-01-07T17:17:15","modified_gmt":"2025-01-07T20:17:15","slug":"meta-rejeita-soberania-de-paises-em-ambiente-digital-diz-secretario","status":"publish","type":"post","link":"https:\/\/guialimeira.com.br\/news\/meta-rejeita-soberania-de-paises-em-ambiente-digital-diz-secretario\/","title":{"rendered":"Meta rejeita soberania de pa\u00edses em ambiente digital, diz secret\u00e1rio"},"content":{"rendered":"<p> <br \/>\n<\/p>\n<div>\n<p>O secret\u00e1rio de Pol\u00edticas Digitais do governo federal, Jo\u00e3o Brant, criticou nesta ter\u00e7a-feira (7) o an\u00fancio da Meta \u2013 empresa que controla Facebook, Instagram e Whatsapp \u2013 de que <a href=\"https:\/\/agenciabrasil.ebc.com.br\/internacional\/noticia\/2025-01\/meta-promete-se-aliar-trump-contra-paises-que-regulam-redes-sociais\" target=\"_blank\" rel=\"noopener\">vai se aliar ao presidente eleito<\/a> dos Estados Unidos (EUA), Donald Trump, para pressionar pa\u00edses que buscam regular o ambiente digital.<img data-recalc-dims=\"1\" decoding=\"async\" src=\"https:\/\/i0.wp.com\/agenciabrasil.ebc.com.br\/ebc.png?w=696&#038;ssl=1\" style=\"width:1px; height:1px; display:inline;\"\/><img data-recalc-dims=\"1\" decoding=\"async\" src=\"https:\/\/i0.wp.com\/agenciabrasil.ebc.com.br\/ebc.gif?w=696&#038;ssl=1\" style=\"width:1px; height:1px; display:inline;\"\/><\/p>\n<p>\u201cA declara\u00e7\u00e3o \u00e9 expl\u00edcita, sinaliza que a empresa n\u00e3o aceita a soberania dos pa\u00edses sobre o funcionamento do ambiente digital e soa como antecipa\u00e7\u00e3o de a\u00e7\u00f5es que ser\u00e3o tomadas pelo governo Trump\u201d, destacou Jo\u00e3o Brant em uma rede social.<\/p>\n<p>Para o secret\u00e1rio, a alian\u00e7a entre Meta e Trump deve \u201cenfrentar Uni\u00e3o Europeia, Brasil e outros pa\u00edses que buscam proteger direitos no ambiente online (na vis\u00e3o dele, os que \u2018promovem censura\u2019). \u00c9 uma declara\u00e7\u00e3o fort\u00edssima, que chama tacitamente o STF [Supremo Tribunal Federal] de \u2018corte secreta\u2019, ataca de maneira absurda os checadores de fatos\u201d.<\/p>\n<p>Recentemente, o STF foi alvo de outro dono de plataforma dos EUA, o bilion\u00e1rio Elon Musk, dono da X, que vem criticando as <a href=\"https:\/\/agenciabrasil.ebc.com.br\/justica\/noticia\/2024-04\/entenda-decisao-de-moraes-que-incluiu-musk-em-investigacao-no-stf\" target=\"_blank\" rel=\"noopener\">decis\u00f5es do Judici\u00e1rio brasileiro<\/a> sobre remo\u00e7\u00e3o de perfis e conte\u00fados acusados de praticar crimes na internet, especialmente relacionados a suposta tentativa de golpe de Estado que culminou no 8 de janeiro de 2023.\u00a0<\/p>\n<p>Para Jo\u00e3o Brant, a decis\u00e3o da gigante da tecnologia refor\u00e7a a relev\u00e2ncia de a\u00e7\u00f5es que v\u00eam sendo tomadas na <a href=\"https:\/\/agenciabrasil.ebc.com.br\/internacional\/noticia\/2024-08\/alem-do-brasil-musk-tem-atritos-com-europeus-australia-e-inglaterra\" target=\"_blank\" rel=\"noopener\">Uni\u00e3o Europeia, no Brasil e na Austr\u00e1lia<\/a> para promover direitos no ambiente digital. \u201cE amplia a centralidade dos esfor\u00e7os internacionais feitos no \u00e2mbito da ONU, Unesco, G20 e da OCDE para refor\u00e7ar a agenda de promo\u00e7\u00e3o da integridade da informa\u00e7\u00e3o\u201d, acrescentou.\u00a0<\/p>\n<h2>Meta<\/h2>\n<p>Citando suposta censura nas redes sociais, o dono da Meta, Mark Zuckerberg, anunciou cinco altera\u00e7\u00f5es nas pol\u00edticas de modera\u00e7\u00e3o de conte\u00fados, entre elas, o fim do programa de checagem de fatos que verifica a veracidade de informa\u00e7\u00f5es que circulam nas redes; o fim de restri\u00e7\u00f5es para assuntos como migra\u00e7\u00e3o e g\u00eanero; e a promo\u00e7\u00e3o de \u201cconte\u00fado c\u00edvico\u201d, entendido como informa\u00e7\u00f5es com teor pol\u00edtico-ideol\u00f3gico.<\/p>\n<p>Al\u00e9m disso, o empres\u00e1rio estadunidense disse que vai trabalhar com Trump \u201cpara pressionar os governos ao redor do mundo que est\u00e3o perseguindo empresas americanas e pressionando para censurar mais\u201d. Segundo Zuckerberg, a Europa est\u00e1 \u201cinstitucionalizando a censura\u201d, os pa\u00edses latino-americanos t\u00eam \u201ctribunais secretos que podem ordenar que empresas retirem coisas discretamente\u201d e que a China \u201ccensurou nossos aplicativos\u201d.<\/p>\n<h2>Extrema-direita<\/h2>\n<p>Na avalia\u00e7\u00e3o do secret\u00e1rio nacional de pol\u00edticas digitais, Jo\u00e3o Brant, a promo\u00e7\u00e3o do conte\u00fado c\u00edvico pela Meta visa colocar a plataforma a servi\u00e7o da agenda da nova administra\u00e7\u00e3o Trump.<\/p>\n<p>\u201cFacebook e Instagram v\u00e3o se tornar plataformas que v\u00e3o dar total peso \u00e0 liberdade de express\u00e3o individual e deixar de proteger outros direitos individuais e coletivos. A reprioriza\u00e7\u00e3o do \u2018discurso c\u00edvico\u2019 significa um convite para o ativismo da extrema-direita refor\u00e7ar a utiliza\u00e7\u00e3o dessas redes como plataformas de sua a\u00e7\u00e3o pol\u00edtica\u201d, destacou Brant.<\/p>\n<p>Al\u00e9m disso, argumentou que a decis\u00e3o de acabar com as empresas de checagem de fatos deve asfixiar financeiramente essas companhias. \u201cO que vai afetar as opera\u00e7\u00f5es delas dentro e fora das plataformas\u201d, acrescentou.<\/p>\n<p>      <!-- Relacionada --><\/p>\n<p>            <!-- Relacionada -->\n    <\/div>\n<p><br \/>\n<br \/><a href=\"https:\/\/agenciabrasil.ebc.com.br\/internacional\/noticia\/2025-01\/meta-rejeita-soberania-de-paises-em-ambiente-digital-diz-secretario\" rel=\"noopener\">Ag\u00eancia Brasil <\/a><\/p>\n","protected":false},"excerpt":{"rendered":"<p>O secret\u00e1rio de Pol\u00edticas Digitais do governo federal, Jo\u00e3o Brant, criticou nesta ter\u00e7a-feira (7) o an\u00fancio da Meta \u2013 empresa que controla Facebook, Instagram e Whatsapp \u2013 de que vai se aliar ao presidente eleito dos Estados Unidos (EUA), Donald Trump, para pressionar pa\u00edses que buscam regular o ambiente digital. \u201cA declara\u00e7\u00e3o \u00e9 expl\u00edcita, sinaliza [&hellip;]<\/p>\n","protected":false},"author":1,"featured_media":20230,"comment_status":"open","ping_status":"open","sticky":false,"template":"","format":"standard","meta":{"_jetpack_newsletter_access":"","_jetpack_dont_email_post_to_subs":false,"_jetpack_newsletter_tier_id":0,"_jetpack_memberships_contains_paywalled_content":false,"_mbp_banners":[],"_jetpack_feature_clip_id":0,"_jetpack_memberships_contains_paid_content":false,"footnotes":"","jetpack_publicize_message":"","jetpack_publicize_feature_enabled":true,"jetpack_social_post_already_shared":true,"jetpack_social_options":{"image_generator_settings":{"template":"highway","default_image_id":0,"font":"","enabled":false},"version":2},"jetpack_post_was_ever_published":false},"categories":[25],"tags":[],"class_list":["post-20229","post","type-post","status-publish","format-standard","has-post-thumbnail","category-internacional"],"jetpack_publicize_connections":[],"jetpack-related-posts":[],"jetpack_shortlink":"https:\/\/wp.me\/p7Eq1F-5gh","jetpack_sharing_enabled":true,"jetpack_featured_media_url":"https:\/\/i0.wp.com\/guialimeira.com.br\/news\/wp-content\/uploads\/2025\/01\/vac_abr2310234791.jpg?fit=1600%2C800&ssl=1","_links":{"self":[{"href":"https:\/\/guialimeira.com.br\/news\/wp-json\/wp\/v2\/posts\/20229","targetHints":{"allow":["GET"]}}],"collection":[{"href":"https:\/\/guialimeira.com.br\/news\/wp-json\/wp\/v2\/posts"}],"about":[{"href":"https:\/\/guialimeira.com.br\/news\/wp-json\/wp\/v2\/types\/post"}],"author":[{"embeddable":true,"href":"https:\/\/guialimeira.com.br\/news\/wp-json\/wp\/v2\/users\/1"}],"replies":[{"embeddable":true,"href":"https:\/\/guialimeira.com.br\/news\/wp-json\/wp\/v2\/comments?post=20229"}],"version-history":[{"count":0,"href":"https:\/\/guialimeira.com.br\/news\/wp-json\/wp\/v2\/posts\/20229\/revisions"}],"wp:featuredmedia":[{"embeddable":true,"href":"https:\/\/guialimeira.com.br\/news\/wp-json\/wp\/v2\/media\/20230"}],"wp:attachment":[{"href":"https:\/\/guialimeira.com.br\/news\/wp-json\/wp\/v2\/media?parent=20229"}],"wp:term":[{"taxonomy":"category","embeddable":true,"href":"https:\/\/guialimeira.com.br\/news\/wp-json\/wp\/v2\/categories?post=20229"},{"taxonomy":"post_tag","embeddable":true,"href":"https:\/\/guialimeira.com.br\/news\/wp-json\/wp\/v2\/tags?post=20229"}],"curies":[{"name":"wp","href":"https:\/\/api.w.org\/{rel}","templated":true}]}}