{"id":20226,"date":"2025-01-07T17:13:17","date_gmt":"2025-01-07T20:13:17","guid":{"rendered":"https:\/\/guialimeira.com.br\/2025\/01\/07\/saude-envia-100-mil-doses-de-vacina-contra-febre-amarela-para-sp\/"},"modified":"2025-01-07T17:13:17","modified_gmt":"2025-01-07T20:13:17","slug":"saude-envia-100-mil-doses-de-vacina-contra-febre-amarela-para-sp","status":"publish","type":"post","link":"https:\/\/guialimeira.com.br\/news\/saude-envia-100-mil-doses-de-vacina-contra-febre-amarela-para-sp\/","title":{"rendered":"Sa\u00fade envia 100 mil doses de vacina contra febre amarela para SP"},"content":{"rendered":"<p> <br \/>\n<\/p>\n<div>\n<p>Ap\u00f3s ser notificado de que quatro macacos do<em> campus<\/em> da Universidade de S\u00e3o Paulo (USP) em Ribeir\u00e3o Preto, interior paulista, <a href=\"https:\/\/agenciabrasil.ebc.com.br\/saude\/noticia\/2025-01\/saude-confirma-casos-de-febre-amarela-em-macacos-em-municipio-paulista-0\" target=\"_blank\" rel=\"noopener\">testaram positivo para febre amarela<\/a>, o Minist\u00e9rio da Sa\u00fade decidiu enviar 100 mil doses extras de vacina para o estado de S\u00e3o Paulo para intensificar a imuniza\u00e7\u00e3o contra a doen\u00e7a.<img data-recalc-dims=\"1\" decoding=\"async\" src=\"https:\/\/i0.wp.com\/agenciabrasil.ebc.com.br\/ebc.png?w=696&#038;ssl=1\" style=\"width:1px; height:1px; display:inline;\"\/><img data-recalc-dims=\"1\" decoding=\"async\" src=\"https:\/\/i0.wp.com\/agenciabrasil.ebc.com.br\/ebc.gif?w=696&#038;ssl=1\" style=\"width:1px; height:1px; display:inline;\"\/><\/p>\n<p>Embora macacos doentes n\u00e3o transmitam a doen\u00e7a, s\u00e3o um indicativo de circula\u00e7\u00e3o do v\u00edrus. Os primatas s\u00e3o os principais hospedeiros do v\u00edrus, mas os \u00fanicos vetores de transmiss\u00e3o s\u00e3o os mosquitos. No meio silvestre, os mosquitos picam o macaco que, depois de infectado pelo v\u00edrus, pode ser picado por outro vetor e este, por sua vez, transmitir a doen\u00e7a para o homem.<\/p>\n<p>De acordo com a prefeitura de Ribeir\u00e3o Preto nenhum registro de febre amarela em humanos foi observado atualmente na cidade. Mesmo assim, o minist\u00e9rio considera importante intensificar a vacina\u00e7\u00e3o contra a febre amarela porque essa \u00e9 uma das recomenda\u00e7\u00f5es para o controle de casos e preven\u00e7\u00e3o da doen\u00e7a.<\/p>\n<p>A vacina contra a febre amarela faz parte do calend\u00e1rio de imuniza\u00e7\u00e3o e est\u00e1 dispon\u00edvel em todos os postos de sa\u00fade do estado de S\u00e3o Paulo. Desde 2017 o Brasil adota o esquema vacinal de apenas uma dose durante toda a vida, medida que est\u00e1 de acordo com as recomenda\u00e7\u00f5es da Organiza\u00e7\u00e3o Mundial de Sa\u00fade (OMS).<\/p>\n<p>Ainda neste m\u00eas de janeiro, o minist\u00e9rio informou que vai distribuir mais de 600 mil doses de rotina dessa vacina para S\u00e3o Paulo.<\/p>\n<h2>A doen\u00e7a<\/h2>\n<p>A febre amarela \u00e9 uma doen\u00e7a infecciosa febril aguda que \u00e9 causada por um v\u00edrus, transmitido pela picada de um mosquito silvestre, que vive em zona de mata, e n\u00e3o h\u00e1 transmiss\u00e3o direta de pessoa para pessoa. Os sintomas iniciais da febre amarela s\u00e3o febre, calafrios, dor de cabe\u00e7a intensa, dores nas costas, dores no corpo, n\u00e1useas e v\u00f4mitos, fadiga e fraqueza. A vacina \u00e9 a principal ferramenta de preven\u00e7\u00e3o da febre amarela.<\/p>\n<p>No Brasil, o ciclo da doen\u00e7a atualmente \u00e9 silvestre, com transmiss\u00e3o por meio de mosquitos. Os \u00faltimos casos de febre amarela urbana foram registrados no pa\u00eds em 1942.<\/p>\n<p>      <!-- Relacionada --><\/p>\n<p>            <!-- Relacionada -->\n    <\/div>\n<p><br \/>\n<br \/><a href=\"https:\/\/agenciabrasil.ebc.com.br\/saude\/noticia\/2025-01\/saude-envia-100-mil-doses-de-vacina-contra-febre-amarela-para-sp\" rel=\"noopener\">Ag\u00eancia Brasil <\/a><\/p>\n","protected":false},"excerpt":{"rendered":"<p>Ap\u00f3s ser notificado de que quatro macacos do campus da Universidade de S\u00e3o Paulo (USP) em Ribeir\u00e3o Preto, interior paulista, testaram positivo para febre amarela, o Minist\u00e9rio da Sa\u00fade decidiu enviar 100 mil doses extras de vacina para o estado de S\u00e3o Paulo para intensificar a imuniza\u00e7\u00e3o contra a doen\u00e7a. Embora macacos doentes n\u00e3o transmitam [&hellip;]<\/p>\n","protected":false},"author":1,"featured_media":20101,"comment_status":"open","ping_status":"open","sticky":false,"template":"","format":"standard","meta":{"_jetpack_newsletter_access":"","_jetpack_dont_email_post_to_subs":false,"_jetpack_newsletter_tier_id":0,"_jetpack_memberships_contains_paywalled_content":false,"_mbp_banners":[],"_jetpack_feature_clip_id":0,"_jetpack_memberships_contains_paid_content":false,"footnotes":"","jetpack_publicize_message":"","jetpack_publicize_feature_enabled":true,"jetpack_social_post_already_shared":true,"jetpack_social_options":{"image_generator_settings":{"template":"highway","default_image_id":0,"font":"","enabled":false},"version":2},"jetpack_post_was_ever_published":false},"categories":[15],"tags":[],"class_list":["post-20226","post","type-post","status-publish","format-standard","has-post-thumbnail","category-saude"],"jetpack_publicize_connections":[],"jetpack-related-posts":[],"jetpack_shortlink":"https:\/\/wp.me\/p7Eq1F-5ge","jetpack_sharing_enabled":true,"jetpack_featured_media_url":"https:\/\/i0.wp.com\/guialimeira.com.br\/news\/wp-content\/uploads\/2025\/01\/vacina_contra_febre_amarela.jpg?fit=1600%2C800&ssl=1","_links":{"self":[{"href":"https:\/\/guialimeira.com.br\/news\/wp-json\/wp\/v2\/posts\/20226","targetHints":{"allow":["GET"]}}],"collection":[{"href":"https:\/\/guialimeira.com.br\/news\/wp-json\/wp\/v2\/posts"}],"about":[{"href":"https:\/\/guialimeira.com.br\/news\/wp-json\/wp\/v2\/types\/post"}],"author":[{"embeddable":true,"href":"https:\/\/guialimeira.com.br\/news\/wp-json\/wp\/v2\/users\/1"}],"replies":[{"embeddable":true,"href":"https:\/\/guialimeira.com.br\/news\/wp-json\/wp\/v2\/comments?post=20226"}],"version-history":[{"count":0,"href":"https:\/\/guialimeira.com.br\/news\/wp-json\/wp\/v2\/posts\/20226\/revisions"}],"wp:featuredmedia":[{"embeddable":true,"href":"https:\/\/guialimeira.com.br\/news\/wp-json\/wp\/v2\/media\/20101"}],"wp:attachment":[{"href":"https:\/\/guialimeira.com.br\/news\/wp-json\/wp\/v2\/media?parent=20226"}],"wp:term":[{"taxonomy":"category","embeddable":true,"href":"https:\/\/guialimeira.com.br\/news\/wp-json\/wp\/v2\/categories?post=20226"},{"taxonomy":"post_tag","embeddable":true,"href":"https:\/\/guialimeira.com.br\/news\/wp-json\/wp\/v2\/tags?post=20226"}],"curies":[{"name":"wp","href":"https:\/\/api.w.org\/{rel}","templated":true}]}}