{"id":20216,"date":"2025-01-07T15:11:11","date_gmt":"2025-01-07T18:11:11","guid":{"rendered":"https:\/\/guialimeira.com.br\/2025\/01\/07\/brasil-monitora-surto-de-virus-respiratorio-na-china\/"},"modified":"2025-01-07T15:11:11","modified_gmt":"2025-01-07T18:11:11","slug":"brasil-monitora-surto-de-virus-respiratorio-na-china","status":"publish","type":"post","link":"https:\/\/guialimeira.com.br\/news\/brasil-monitora-surto-de-virus-respiratorio-na-china\/","title":{"rendered":"Brasil monitora surto de v\u00edrus respirat\u00f3rio na China"},"content":{"rendered":"<p> <br \/>\n<\/p>\n<div>\n<p>O Minist\u00e9rio da Sa\u00fade informou que acompanha \u201catentamente\u201d o surto de metapneumov\u00edrus humano (HMPV) registrado ao longo das \u00faltimas semanas na China. Segundo a pasta, o v\u00edrus responde por uma s\u00e9rie de infec\u00e7\u00f5es respirat\u00f3rias identificadas no pa\u00eds, sobretudo entre crian\u00e7as.<img data-recalc-dims=\"1\" decoding=\"async\" src=\"https:\/\/i0.wp.com\/agenciabrasil.ebc.com.br\/ebc.png?w=696&#038;ssl=1\" style=\"width:1px; height:1px; display:inline;\"\/><img data-recalc-dims=\"1\" decoding=\"async\" src=\"https:\/\/i0.wp.com\/agenciabrasil.ebc.com.br\/ebc.gif?w=696&#038;ssl=1\" style=\"width:1px; height:1px; display:inline;\"\/><\/p>\n<p>\u201cAt\u00e9 o momento, n\u00e3o h\u00e1 alerta internacional emitido pela Organiza\u00e7\u00e3o Mundial da Sa\u00fade (OMS), mas a vigil\u00e2ncia epidemiol\u00f3gica brasileira est\u00e1 em constante comunica\u00e7\u00e3o com autoridades sanit\u00e1rias da OMS e de v\u00e1rios pa\u00edses, incluindo a China, para monitorar a situa\u00e7\u00e3o e trocar informa\u00e7\u00f5es relevantes.\u201d<\/p>\n<p>De acordo com o minist\u00e9rio, as \u00faltimas atualiza\u00e7\u00f5es de vigil\u00e2ncia feitas pelo Centro de Controle e Preven\u00e7\u00e3o de Doen\u00e7as (CDC) da China mostram que a magnitude e a intensidade das infec\u00e7\u00f5es respirat\u00f3rias registradas ao longo das \u00faltimas semanas foram menores do que as registradas no mesmo per\u00edodo do ano anterior.<\/p>\n<p>\u201cNo entanto, foi observado um aumento nas infec\u00e7\u00f5es respirat\u00f3rias agudas, incluindo gripe sazonal, metapneumov\u00edrus humano (HMPV), infec\u00e7\u00e3o por rinov\u00edrus, v\u00edrus sincicial respirat\u00f3rio (VSR) e outros, particularmente nas prov\u00edncias do norte chin\u00eas.\u201d<\/p>\n<p>\u201cEmbora o risco de uma pandemia seja considerado baixo pelos especialistas, o Minist\u00e9rio da Sa\u00fade salienta que \u00e9 fundamental refor\u00e7ar as medidas de preven\u00e7\u00e3o e controle de infec\u00e7\u00f5es respirat\u00f3rias\u201d, completou a nota.<\/p>\n<p>A pasta voltou a incentivar a vacina\u00e7\u00e3o como medida preventiva para infec\u00e7\u00f5es respirat\u00f3rias, incluindo a covid-19 e a gripe ou influenza \u2013 sobretudo entre grupos considerados priorit\u00e1rios, como idosos, gestantes, crian\u00e7as e pessoas com comorbidades.<\/p>\n<p>De acordo com o minist\u00e9rio, as vacinas contra a covid-19 e a influenza continuam sendo eficazes contra formas graves de ambas as doen\u00e7as, reduzindo o n\u00famero de hospitaliza\u00e7\u00f5es e mortes provocadas pelas variantes em circula\u00e7\u00e3o.<\/p>\n<p>A nota tamb\u00e9m incentiva o uso de m\u00e1scaras faciais por pessoas com sintomas gripais e resfriados, j\u00e1 que a estrat\u00e9gia contribui para diminuir a transmiss\u00e3o de todos os v\u00edrus respirat\u00f3rios, inclusive o metapneumov\u00edrus.<\/p>\n<h2>Entenda<\/h2>\n<p>O HMPV \u00e9 um v\u00edrus respirat\u00f3rio que causa infec\u00e7\u00f5es nas vias respirat\u00f3rias superiores e inferiores. No Brasil, foi identificado pela primeira vez em 2004. Desde ent\u00e3o, tem sido monitorado como parte das atividades de vigil\u00e2ncia epidemiol\u00f3gica do minist\u00e9rio, que inclui a coleta e an\u00e1lise de dados sobre doen\u00e7as respirat\u00f3rias.<\/p>\n<p>\u201c\u00c9 um v\u00edrus conhecido no mundo e comum em casos de s\u00edndrome gripal (casos leves), podendo eventualmente evoluir para casos de s\u00edndrome respirat\u00f3ria aguda grave que requerem interna\u00e7\u00e3o\u201d, destacou a pasta.<\/p>\n<p>A vigil\u00e2ncia do HMPV \u00e9 feita atrav\u00e9s do Sistema de Informa\u00e7\u00e3o de Vigil\u00e2ncia Epidemiol\u00f3gica (Sivep), com a identifica\u00e7\u00e3o de casos por meio dos n\u00facleos hospitalares de epidemiologia em servi\u00e7os de sa\u00fade, que monitoram a circula\u00e7\u00e3o de diversos pat\u00f3genos respirat\u00f3rios no pa\u00eds.<\/p>\n<p>      <!-- Relacionada --><\/p>\n<p>            <!-- Relacionada -->\n    <\/div>\n<p><br \/>\n<br \/><a href=\"https:\/\/agenciabrasil.ebc.com.br\/saude\/noticia\/2025-01\/brasil-monitora-surto-de-virus-respiratorio-na-china\" rel=\"noopener\">Ag\u00eancia Brasil <\/a><\/p>\n","protected":false},"excerpt":{"rendered":"<p>O Minist\u00e9rio da Sa\u00fade informou que acompanha \u201catentamente\u201d o surto de metapneumov\u00edrus humano (HMPV) registrado ao longo das \u00faltimas semanas na China. Segundo a pasta, o v\u00edrus responde por uma s\u00e9rie de infec\u00e7\u00f5es respirat\u00f3rias identificadas no pa\u00eds, sobretudo entre crian\u00e7as. \u201cAt\u00e9 o momento, n\u00e3o h\u00e1 alerta internacional emitido pela Organiza\u00e7\u00e3o Mundial da Sa\u00fade (OMS), mas [&hellip;]<\/p>\n","protected":false},"author":1,"featured_media":269,"comment_status":"open","ping_status":"open","sticky":false,"template":"","format":"standard","meta":{"_jetpack_newsletter_access":"","_jetpack_dont_email_post_to_subs":false,"_jetpack_newsletter_tier_id":0,"_jetpack_memberships_contains_paywalled_content":false,"_mbp_banners":[],"_jetpack_feature_clip_id":0,"_jetpack_memberships_contains_paid_content":false,"footnotes":"","jetpack_publicize_message":"","jetpack_publicize_feature_enabled":true,"jetpack_social_post_already_shared":true,"jetpack_social_options":{"image_generator_settings":{"template":"highway","default_image_id":0,"font":"","enabled":false},"version":2},"jetpack_post_was_ever_published":false},"categories":[15],"tags":[],"class_list":["post-20216","post","type-post","status-publish","format-standard","has-post-thumbnail","category-saude"],"jetpack_publicize_connections":[],"jetpack-related-posts":[],"jetpack_shortlink":"https:\/\/wp.me\/p7Eq1F-5g4","jetpack_sharing_enabled":true,"jetpack_featured_media_url":"https:\/\/i0.wp.com\/guialimeira.com.br\/news\/wp-content\/uploads\/2024\/03\/thumb_1200x600_agbrasil.png?fit=1200%2C600&ssl=1","_links":{"self":[{"href":"https:\/\/guialimeira.com.br\/news\/wp-json\/wp\/v2\/posts\/20216","targetHints":{"allow":["GET"]}}],"collection":[{"href":"https:\/\/guialimeira.com.br\/news\/wp-json\/wp\/v2\/posts"}],"about":[{"href":"https:\/\/guialimeira.com.br\/news\/wp-json\/wp\/v2\/types\/post"}],"author":[{"embeddable":true,"href":"https:\/\/guialimeira.com.br\/news\/wp-json\/wp\/v2\/users\/1"}],"replies":[{"embeddable":true,"href":"https:\/\/guialimeira.com.br\/news\/wp-json\/wp\/v2\/comments?post=20216"}],"version-history":[{"count":0,"href":"https:\/\/guialimeira.com.br\/news\/wp-json\/wp\/v2\/posts\/20216\/revisions"}],"wp:featuredmedia":[{"embeddable":true,"href":"https:\/\/guialimeira.com.br\/news\/wp-json\/wp\/v2\/media\/269"}],"wp:attachment":[{"href":"https:\/\/guialimeira.com.br\/news\/wp-json\/wp\/v2\/media?parent=20216"}],"wp:term":[{"taxonomy":"category","embeddable":true,"href":"https:\/\/guialimeira.com.br\/news\/wp-json\/wp\/v2\/categories?post=20216"},{"taxonomy":"post_tag","embeddable":true,"href":"https:\/\/guialimeira.com.br\/news\/wp-json\/wp\/v2\/tags?post=20216"}],"curies":[{"name":"wp","href":"https:\/\/api.w.org\/{rel}","templated":true}]}}