{"id":20207,"date":"2025-01-07T13:19:10","date_gmt":"2025-01-07T16:19:10","guid":{"rendered":"https:\/\/guialimeira.com.br\/2025\/01\/07\/arrecadacao-federal-fecha-em-r-20921-bi-em-novembro\/"},"modified":"2025-01-07T13:19:10","modified_gmt":"2025-01-07T16:19:10","slug":"arrecadacao-federal-fecha-em-r-20921-bi-em-novembro","status":"publish","type":"post","link":"https:\/\/guialimeira.com.br\/news\/arrecadacao-federal-fecha-em-r-20921-bi-em-novembro\/","title":{"rendered":"Arrecada\u00e7\u00e3o federal fecha em R$ 209,21 bi em novembro"},"content":{"rendered":"<p> <br \/>\n<\/p>\n<div>\n<p>A arrecada\u00e7\u00e3o total do governo federal cresceu 11,21% em novembro de 2024 em rela\u00e7\u00e3o a novembro de 2023, totalizando R$ 209,21 bilh\u00f5es, informou hoje (7), em Bras\u00edlia, a Receita Federal. O resultado de novembro \u00e9 o melhor desempenho para o m\u00eas desde 2013, quando a arrecada\u00e7\u00e3o ficou em R$ 188,1 bilh\u00f5es em valores corrigidos pela infla\u00e7\u00e3o medida pelo \u00cdndice de Pre\u00e7os Amplos ao Consumidor (IPCA).<img data-recalc-dims=\"1\" decoding=\"async\" src=\"https:\/\/i0.wp.com\/agenciabrasil.ebc.com.br\/ebc.png?w=696&#038;ssl=1\" style=\"width:1px; height:1px; display:inline;\"\/><img data-recalc-dims=\"1\" decoding=\"async\" src=\"https:\/\/i0.wp.com\/agenciabrasil.ebc.com.br\/ebc.gif?w=696&#038;ssl=1\" style=\"width:1px; height:1px; display:inline;\"\/><\/p>\n<p>No per\u00edodo acumulado de janeiro a novembro de 2024, a arrecada\u00e7\u00e3o alcan\u00e7ou R$ 2.391.437 milh\u00f5es, representando acr\u00e9scimo real de 9,82%, descontada a infla\u00e7\u00e3o medida pelo IPCA.<\/p>\n<p>Em rela\u00e7\u00e3o \u00e0s Receitas Administradas pela Receita Federal, o valor arrecadado, em novembro, foi de R$ 203 bilh\u00f5es &#8211; acr\u00e9scimo real de 12,26%. No per\u00edodo acumulado de janeiro a novembro, a arrecada\u00e7\u00e3o alcan\u00e7ou R$ 2,27 trilh\u00f5es, registrando acr\u00e9scimo real (IPCA) de 9,92%.<\/p>\n<p>Segundo a Receita, o acr\u00e9scimo observado no per\u00edodo pode ser explicado pelo comportamento das vari\u00e1veis macroecon\u00f4micas, pelo retorno da tributa\u00e7\u00e3o do Programa de Integra\u00e7\u00e3o Social e da Contribui\u00e7\u00e3o para o Financiamento da Seguridade Social (PIS\/Cofins) sobre combust\u00edveis, pela tributa\u00e7\u00e3o dos fundos exclusivos e pela atualiza\u00e7\u00e3o de bens e direitos no exterior.<\/p>\n<p>Sem considerar esses pagamentos ati\u0301picos, haveria um crescimento real de 7,72% na arrecadac\u0327a\u0303o do peri\u0301odo acumulado e de 11,03% na arrecadac\u0327a\u0303o de novembro.<\/p>\n<h2>Crescimento<\/h2>\n<p>Em novembro, a Receita disse que, em rela\u00e7\u00e3o ao PIS\/Pasep e a Cofins, houve uma arrecada\u00e7\u00e3o conjunta de R$ 46.093 bilh\u00f5es, representando expans\u00e3o real de 19,23%.<\/p>\n<p>A Receita Federal informou que esse desempenho \u00e9 explicado pela combina\u00e7\u00e3o dos aumentos reais de 8,82% no volume de vendas e de 6,33% no volume de servi\u00e7os entre outubro de 2024 e outubro de 2023, segundo dados da Pesquisa Mensal de Com\u00e9rcio do Instituto Brasileiro de Geografia a Estat\u00edstica (IBGE); e pelo acre\u0301scimo da arrecadac\u0327a\u0303o relativa ao setor de combusti\u0301veis, pelo aumento no volume de importac\u0327o\u0303es e pelo desempenho positivo das atividades financeiras.<\/p>\n<p>No per\u00edodo de janeiro a novembro, a arrecada\u00e7\u00e3o conjunta do PIS\/Pasep e da Cofins foi de R$ 483,93 bilh\u00f5es, representando crescimento real de 19,23%.<\/p>\n<p>Ainda em novembro, a arrecada\u00e7\u00e3o do Imposto sobre a Renda de Pessoa Jur\u00eddica (IRPJ) e a Contribui\u00e7\u00e3o Social Sobre o lucro L\u00edquido (CSLL) apresentaram atingiram R$ 32,69 bilh\u00f5es, representando aumento real de 12,62%.<\/p>\n<p>O desempenho pode ser explicado pelos acr\u00e9scimos reais de 14,93% na arrecada\u00e7\u00e3o da estimativa mensal, de 5,45% no lucro presumido e de 7,63% na arrecada\u00e7\u00e3o do Simples Nacional. J\u00e1 o Imposto Retido sobre a Renda de Capital (IRRF-Capital) teve uma arrecada\u00e7\u00e3o de R$ 9,78 bilh\u00f5es &#8211; aumento real de 28,9%.<\/p>\n<p>A Receita disse, ainda, que o Imposto sobre Importa\u00e7\u00e3o e o IPI-Vinculado \u00e0 Importa\u00e7\u00e3o apresentaram, em novembro, uma arrecada\u00e7\u00e3o conjunta de R$ 10,64 bilh\u00f5es &#8211; crescimento real de 58,82%.<\/p>\n<p>Entre janeiro e novembro de 2024, o Imposto sobre Importa\u00e7\u00e3o e o IPI-Vinculado \u00e0 Importa\u00e7\u00e3o anotaram uma arrecada\u00e7\u00e3o conjunta de R$ 98,4 bilh\u00f5es, representando alta real de 31,64%.<\/p>\n<h2>Receita previdenci\u00e1ria<\/h2>\n<p>Em novembro, a Receita previdenci\u00e1ria foi de R$ 54,36 bilh\u00f5es &#8211; expans\u00e3o real de 3,79%, principalmente em raz\u00e3o do aumento na massa salarial.<\/p>\n<p>No per\u00edodo de janeiro a novembro, a Receita Previdenci\u00e1ria totalizou R$ 596,06 bilh\u00f5es, com expans\u00e3o real de 5,59%.<\/p>\n<p>Esse resultado se deve ao crescimento real de 7,15% da massa salarial e de 12,51% no montante das compensa\u00e7\u00f5es tribut\u00e1rias com d\u00e9bitos de receita previdenci\u00e1ria, no per\u00edodo de janeiro a novembro de 2024 em rela\u00e7\u00e3o ao mesmo per\u00edodo do ano anterior.<\/p>\n<p>      <!-- Relacionada --><\/p>\n<p>            <!-- Relacionada -->\n    <\/div>\n<p><br \/>\n<br \/><a href=\"https:\/\/agenciabrasil.ebc.com.br\/economia\/noticia\/2025-01\/arrecadacao-federal-fecha-em-r-20921-bi-em-novembro\" rel=\"noopener\">Ag\u00eancia Brasil<\/a><\/p>\n","protected":false},"excerpt":{"rendered":"<p>A arrecada\u00e7\u00e3o total do governo federal cresceu 11,21% em novembro de 2024 em rela\u00e7\u00e3o a novembro de 2023, totalizando R$ 209,21 bilh\u00f5es, informou hoje (7), em Bras\u00edlia, a Receita Federal. O resultado de novembro \u00e9 o melhor desempenho para o m\u00eas desde 2013, quando a arrecada\u00e7\u00e3o ficou em R$ 188,1 bilh\u00f5es em valores corrigidos pela [&hellip;]<\/p>\n","protected":false},"author":1,"featured_media":1687,"comment_status":"open","ping_status":"open","sticky":false,"template":"","format":"standard","meta":{"_jetpack_newsletter_access":"","_jetpack_dont_email_post_to_subs":false,"_jetpack_newsletter_tier_id":0,"_jetpack_memberships_contains_paywalled_content":false,"_mbp_banners":[],"_jetpack_feature_clip_id":0,"_jetpack_memberships_contains_paid_content":false,"footnotes":"","jetpack_publicize_message":"","jetpack_publicize_feature_enabled":true,"jetpack_social_post_already_shared":true,"jetpack_social_options":{"image_generator_settings":{"template":"highway","default_image_id":0,"font":"","enabled":false},"version":2},"jetpack_post_was_ever_published":false},"categories":[24],"tags":[],"class_list":["post-20207","post","type-post","status-publish","format-standard","has-post-thumbnail","category-economia"],"jetpack_publicize_connections":[],"jetpack-related-posts":[],"jetpack_shortlink":"https:\/\/wp.me\/p7Eq1F-5fV","jetpack_sharing_enabled":true,"jetpack_featured_media_url":"https:\/\/i0.wp.com\/guialimeira.com.br\/news\/wp-content\/uploads\/2024\/04\/real_moedadinheiro_jfcrz_abr_1701220046_1.jpg?fit=1600%2C800&ssl=1","_links":{"self":[{"href":"https:\/\/guialimeira.com.br\/news\/wp-json\/wp\/v2\/posts\/20207","targetHints":{"allow":["GET"]}}],"collection":[{"href":"https:\/\/guialimeira.com.br\/news\/wp-json\/wp\/v2\/posts"}],"about":[{"href":"https:\/\/guialimeira.com.br\/news\/wp-json\/wp\/v2\/types\/post"}],"author":[{"embeddable":true,"href":"https:\/\/guialimeira.com.br\/news\/wp-json\/wp\/v2\/users\/1"}],"replies":[{"embeddable":true,"href":"https:\/\/guialimeira.com.br\/news\/wp-json\/wp\/v2\/comments?post=20207"}],"version-history":[{"count":0,"href":"https:\/\/guialimeira.com.br\/news\/wp-json\/wp\/v2\/posts\/20207\/revisions"}],"wp:featuredmedia":[{"embeddable":true,"href":"https:\/\/guialimeira.com.br\/news\/wp-json\/wp\/v2\/media\/1687"}],"wp:attachment":[{"href":"https:\/\/guialimeira.com.br\/news\/wp-json\/wp\/v2\/media?parent=20207"}],"wp:term":[{"taxonomy":"category","embeddable":true,"href":"https:\/\/guialimeira.com.br\/news\/wp-json\/wp\/v2\/categories?post=20207"},{"taxonomy":"post_tag","embeddable":true,"href":"https:\/\/guialimeira.com.br\/news\/wp-json\/wp\/v2\/tags?post=20207"}],"curies":[{"name":"wp","href":"https:\/\/api.w.org\/{rel}","templated":true}]}}