{"id":20186,"date":"2025-01-07T09:14:43","date_gmt":"2025-01-07T12:14:43","guid":{"rendered":"https:\/\/guialimeira.com.br\/2025\/01\/07\/inmetro-da-dicas-aos-pais-para-facilitar-compra-de-material-escolar\/"},"modified":"2025-01-07T09:14:43","modified_gmt":"2025-01-07T12:14:43","slug":"inmetro-da-dicas-aos-pais-para-facilitar-compra-de-material-escolar","status":"publish","type":"post","link":"https:\/\/guialimeira.com.br\/news\/inmetro-da-dicas-aos-pais-para-facilitar-compra-de-material-escolar\/","title":{"rendered":"Inmetro d\u00e1 dicas aos pais para facilitar compra de material escolar"},"content":{"rendered":"<p> <br \/>\n<\/p>\n<div>\n<p>Como todo janeiro, a movimenta\u00e7\u00e3o nas lojas de venda de material\u00a0escolar\u00a0aumenta. A procura por livros did\u00e1ticos, cadernos e outros equipamentos, como l\u00e1pis, canetas e borrachas, faz os pais e respons\u00e1veis a buscar os melhores pre\u00e7os e qualidade dos produtos.<img data-recalc-dims=\"1\" decoding=\"async\" src=\"https:\/\/i0.wp.com\/agenciabrasil.ebc.com.br\/ebc.png?w=696&#038;ssl=1\" style=\"width:1px; height:1px; display:inline;\"\/><img data-recalc-dims=\"1\" decoding=\"async\" src=\"https:\/\/i0.wp.com\/agenciabrasil.ebc.com.br\/ebc.gif?w=696&#038;ssl=1\" style=\"width:1px; height:1px; display:inline;\"\/><\/p>\n<p>Para auxiliar na hora da compra e garantir que os itens adquiridos atendam aos padr\u00f5es de seguran\u00e7a e qualidade, o Instituto Nacional de Metrologia, Qualidade e Tecnologia (Inmetro) d\u00e1 dicas essenciais para que os respons\u00e1veis evitem problemas.<\/p>\n<p>O presidente do Inmetro, M\u00e1rcio Andr\u00e9 Brito, orienta que o fundamental \u00e9 que o consumidor esteja atento para algumas dicas importantes, como observar a presen\u00e7a do selo de certifica\u00e7\u00e3o do Instituto e as informa\u00e7\u00f5es descritas nas embalagens dos produtos. A nota fiscal \u00e9 essencial para comprovar a proced\u00eancia do material e facilitar eventuais reclama\u00e7\u00f5es.<\/p>\n<p>\u201cOrientamos pais e consumidores a verificarem, ao comprar materiais escolares, se os produtos possuem o selo [do Inmetro], se s\u00e3o adequados \u00e0 faixa et\u00e1ria da crian\u00e7a e se est\u00e3o sendo adquiridos em estabelecimentos formais, que garantem a proced\u00eancia desses itens. Essas medidas ajudam a prevenir poss\u00edveis riscos \u00e0 sa\u00fade e \u00e0 seguran\u00e7a das crian\u00e7as, bem como de todos os usu\u00e1rios\u201d, explicou.<\/p>\n<h2>Pre\u00e7os<\/h2>\n<p>De acordo com a Associa\u00e7\u00e3o Brasileira de Fabricantes e Importadores de Artigos Escolares (Abfiae), o material escolar deve ficar entre 5% e 9% mais caro em 2025. O presidente-executivo da associa\u00e7\u00e3o, Sidnei Bergamaschi, disse que a eleva\u00e7\u00e3o nos pre\u00e7os \u00e9 atribu\u00edda a uma combina\u00e7\u00e3o de fatores econ\u00f4micos e log\u00edsticos, como a alta tributa\u00e7\u00e3o, custos de produ\u00e7\u00e3o e a valoriza\u00e7\u00e3o do d\u00f3lar.<\/p>\n<p>\u201cOs impostos s\u00e3o um componente importante no pe\u00e7o final do material escolar. Diversos produtos t\u00eam at\u00e9 40% de impostos. Os itens que formam a cesta, quase metade do pre\u00e7o do produto final \u00e9 imposto\u201d, informou.<\/p>\n<p>\u00a0<\/p>\n<p>      <!-- Relacionada --><\/p>\n<p>            <!-- Relacionada -->\n    <\/div>\n<p><br \/>\n<br \/><a href=\"https:\/\/agenciabrasil.ebc.com.br\/economia\/noticia\/2025-01\/inmetro-da-dicas-aos-pais-para-facilitar-compra-de-material-escolar\" rel=\"noopener\">Ag\u00eancia Brasil<\/a><\/p>\n","protected":false},"excerpt":{"rendered":"<p>Como todo janeiro, a movimenta\u00e7\u00e3o nas lojas de venda de material\u00a0escolar\u00a0aumenta. A procura por livros did\u00e1ticos, cadernos e outros equipamentos, como l\u00e1pis, canetas e borrachas, faz os pais e respons\u00e1veis a buscar os melhores pre\u00e7os e qualidade dos produtos. Para auxiliar na hora da compra e garantir que os itens adquiridos atendam aos padr\u00f5es de [&hellip;]<\/p>\n","protected":false},"author":1,"featured_media":20187,"comment_status":"open","ping_status":"open","sticky":false,"template":"","format":"standard","meta":{"_jetpack_newsletter_access":"","_jetpack_dont_email_post_to_subs":false,"_jetpack_newsletter_tier_id":0,"_jetpack_memberships_contains_paywalled_content":false,"_mbp_banners":[],"_jetpack_feature_clip_id":0,"_jetpack_memberships_contains_paid_content":false,"footnotes":"","jetpack_publicize_message":"","jetpack_publicize_feature_enabled":true,"jetpack_social_post_already_shared":true,"jetpack_social_options":{"image_generator_settings":{"template":"highway","default_image_id":0,"font":"","enabled":false},"version":2},"jetpack_post_was_ever_published":false},"categories":[24],"tags":[],"class_list":["post-20186","post","type-post","status-publish","format-standard","has-post-thumbnail","category-economia"],"jetpack_publicize_connections":[],"jetpack-related-posts":[],"jetpack_shortlink":"https:\/\/wp.me\/p7Eq1F-5fA","jetpack_sharing_enabled":true,"jetpack_featured_media_url":"https:\/\/i0.wp.com\/guialimeira.com.br\/news\/wp-content\/uploads\/2025\/01\/rvrsa_abr_15011910458rj.jpg?fit=1600%2C800&ssl=1","_links":{"self":[{"href":"https:\/\/guialimeira.com.br\/news\/wp-json\/wp\/v2\/posts\/20186","targetHints":{"allow":["GET"]}}],"collection":[{"href":"https:\/\/guialimeira.com.br\/news\/wp-json\/wp\/v2\/posts"}],"about":[{"href":"https:\/\/guialimeira.com.br\/news\/wp-json\/wp\/v2\/types\/post"}],"author":[{"embeddable":true,"href":"https:\/\/guialimeira.com.br\/news\/wp-json\/wp\/v2\/users\/1"}],"replies":[{"embeddable":true,"href":"https:\/\/guialimeira.com.br\/news\/wp-json\/wp\/v2\/comments?post=20186"}],"version-history":[{"count":0,"href":"https:\/\/guialimeira.com.br\/news\/wp-json\/wp\/v2\/posts\/20186\/revisions"}],"wp:featuredmedia":[{"embeddable":true,"href":"https:\/\/guialimeira.com.br\/news\/wp-json\/wp\/v2\/media\/20187"}],"wp:attachment":[{"href":"https:\/\/guialimeira.com.br\/news\/wp-json\/wp\/v2\/media?parent=20186"}],"wp:term":[{"taxonomy":"category","embeddable":true,"href":"https:\/\/guialimeira.com.br\/news\/wp-json\/wp\/v2\/categories?post=20186"},{"taxonomy":"post_tag","embeddable":true,"href":"https:\/\/guialimeira.com.br\/news\/wp-json\/wp\/v2\/tags?post=20186"}],"curies":[{"name":"wp","href":"https:\/\/api.w.org\/{rel}","templated":true}]}}