{"id":20178,"date":"2025-01-07T08:13:18","date_gmt":"2025-01-07T11:13:18","guid":{"rendered":"https:\/\/guialimeira.com.br\/2025\/01\/07\/metro-do-distrito-federal-tera-duas-novas-estacoes-em-samambaia\/"},"modified":"2025-01-07T08:13:18","modified_gmt":"2025-01-07T11:13:18","slug":"metro-do-distrito-federal-tera-duas-novas-estacoes-em-samambaia","status":"publish","type":"post","link":"https:\/\/guialimeira.com.br\/news\/metro-do-distrito-federal-tera-duas-novas-estacoes-em-samambaia\/","title":{"rendered":"Metr\u00f4 do Distrito Federal ter\u00e1 duas novas esta\u00e7\u00f5es em Samambaia"},"content":{"rendered":"<p> <br \/>\n<\/p>\n<div>\n<p>Saindo do terminal de Samambaia, a estagi\u00e1ria de Comunica\u00e7\u00e3o Yasmin Lara Orilio Moreira (16)\u00a0demora cerca de uma hora para chegar \u00e0\u00a0esta\u00e7\u00e3o 114 Sul. Com a expans\u00e3o do metr\u00f4, o trajeto de Yasmin passar\u00e1 a ser de aproximadamente 40 minutos. Ela se mostra otimista com a mudan\u00e7a, mas destaca a necessidade de aumentar o n\u00famero de vag\u00f5es, al\u00e9m de ampliar as esta\u00e7\u00f5es.<img data-recalc-dims=\"1\" decoding=\"async\" src=\"https:\/\/i0.wp.com\/agenciabrasil.ebc.com.br\/ebc.png?w=696&#038;ssl=1\" style=\"width:1px; height:1px; display:inline;\"\/><img data-recalc-dims=\"1\" decoding=\"async\" src=\"https:\/\/i0.wp.com\/agenciabrasil.ebc.com.br\/ebc.gif?w=696&#038;ssl=1\" style=\"width:1px; height:1px; display:inline;\"\/><\/p>\n<p>\u201cAcredito que, com a amplia\u00e7\u00e3o do metr\u00f4, os trens ficar\u00e3o mais lotados. Caso n\u00e3o tenha um aumento de trens no sentido Samambaia, \u00e9 prov\u00e1vel que aconte\u00e7a superlota\u00e7\u00e3o di\u00e1ria nos vag\u00f5es. Fora isso, outra poss\u00edvel mudan\u00e7a ser\u00e1 facilitar o retorno para minha casa de \u00f4nibus\u201d, diz Yasmin.<\/p>\n<p>O Banco Nacional de Desenvolvimento Econ\u00f4mico e Social (BNDES)\u00a0anunciou nessa segunda-feira\u00a0(6) a amplia\u00e7\u00e3o do trecho do metr\u00f4 que passa por Samambaia, com financiamento aprovado no valor de R$ 444,5 milh\u00f5es ao governo do Distrito Federal, como parte do projeto\u00a0Novo PAC.<\/p>\n<p>A amplia\u00e7\u00e3o ser\u00e1 na via permanente semienterrada, por 3,6 quil\u00f4metros,\u00a0a partir do atual terminal Samambaia. Duas novas esta\u00e7\u00f5es (de n\u00fameros\u00a035 e 36) ser\u00e3o implementadas nas proximidades da Unidade de Pronto Atendimento (UPA) e do Centro Ol\u00edmpico. A constru\u00e7\u00e3o de tr\u00eas viadutos com passagem de pedestres tamb\u00e9m est\u00e1 no planejamento, al\u00e9m da cria\u00e7\u00e3o de quatro passarelas.<\/p>\n<p>\u201cO projeto aprovado pelo BNDES traz benef\u00edcios que agregam melhorias \u00e0 qualidade de vida da popula\u00e7\u00e3o do DF, um compromisso do governo do presidente Lula. A expans\u00e3o do metr\u00f4 vai elevar a oferta de transporte sobre trilhos, contribuindo com a redu\u00e7\u00e3o de congestionamentos, do tempo de deslocamento, da quantidade de acidentes e das emiss\u00f5es de poluentes em cerca de 7,8 mil toneladas de CO2\u00a0por ano\u201d, afirmou\u00a0Aloizio Mercadante, presidente do BNDES, em nota publicada pelo banco.<\/p>\n<p>O BNDES estima que o novo trecho passe a transportar mais 9.840 passageiros por dia.\u00a0 Atualmente, 160 mil passageiros utilizam o metr\u00f4 do Distrito Federal atualmente.<\/p>\n<p><em>*Estagi\u00e1ria sob supervis\u00e3o de Denise Griesinger.<\/em><\/p>\n<p>      <!-- Relacionada --><\/p>\n<p>            <!-- Relacionada -->\n    <\/div>\n<p><br \/>\n<br \/><a href=\"https:\/\/agenciabrasil.ebc.com.br\/economia\/noticia\/2025-01\/metro-do-distrito-federal-tera-duas-novas-estacoes-em-samambaia\" rel=\"noopener\">Ag\u00eancia Brasil<\/a><\/p>\n","protected":false},"excerpt":{"rendered":"<p>Saindo do terminal de Samambaia, a estagi\u00e1ria de Comunica\u00e7\u00e3o Yasmin Lara Orilio Moreira (16)\u00a0demora cerca de uma hora para chegar \u00e0\u00a0esta\u00e7\u00e3o 114 Sul. Com a expans\u00e3o do metr\u00f4, o trajeto de Yasmin passar\u00e1 a ser de aproximadamente 40 minutos. Ela se mostra otimista com a mudan\u00e7a, mas destaca a necessidade de aumentar o n\u00famero de [&hellip;]<\/p>\n","protected":false},"author":1,"featured_media":20179,"comment_status":"open","ping_status":"open","sticky":false,"template":"","format":"standard","meta":{"_jetpack_newsletter_access":"","_jetpack_dont_email_post_to_subs":false,"_jetpack_newsletter_tier_id":0,"_jetpack_memberships_contains_paywalled_content":false,"_mbp_banners":[],"_jetpack_feature_clip_id":0,"_jetpack_memberships_contains_paid_content":false,"footnotes":"","jetpack_publicize_message":"","jetpack_publicize_feature_enabled":true,"jetpack_social_post_already_shared":true,"jetpack_social_options":{"image_generator_settings":{"template":"highway","default_image_id":0,"font":"","enabled":false},"version":2},"jetpack_post_was_ever_published":false},"categories":[24],"tags":[],"class_list":["post-20178","post","type-post","status-publish","format-standard","has-post-thumbnail","category-economia"],"jetpack_publicize_connections":[],"jetpack-related-posts":[],"jetpack_shortlink":"https:\/\/wp.me\/p7Eq1F-5fs","jetpack_sharing_enabled":true,"jetpack_featured_media_url":"https:\/\/i0.wp.com\/guialimeira.com.br\/news\/wp-content\/uploads\/2025\/01\/antcrz_abr_11071918775.jpg?fit=1600%2C800&ssl=1","_links":{"self":[{"href":"https:\/\/guialimeira.com.br\/news\/wp-json\/wp\/v2\/posts\/20178","targetHints":{"allow":["GET"]}}],"collection":[{"href":"https:\/\/guialimeira.com.br\/news\/wp-json\/wp\/v2\/posts"}],"about":[{"href":"https:\/\/guialimeira.com.br\/news\/wp-json\/wp\/v2\/types\/post"}],"author":[{"embeddable":true,"href":"https:\/\/guialimeira.com.br\/news\/wp-json\/wp\/v2\/users\/1"}],"replies":[{"embeddable":true,"href":"https:\/\/guialimeira.com.br\/news\/wp-json\/wp\/v2\/comments?post=20178"}],"version-history":[{"count":0,"href":"https:\/\/guialimeira.com.br\/news\/wp-json\/wp\/v2\/posts\/20178\/revisions"}],"wp:featuredmedia":[{"embeddable":true,"href":"https:\/\/guialimeira.com.br\/news\/wp-json\/wp\/v2\/media\/20179"}],"wp:attachment":[{"href":"https:\/\/guialimeira.com.br\/news\/wp-json\/wp\/v2\/media?parent=20178"}],"wp:term":[{"taxonomy":"category","embeddable":true,"href":"https:\/\/guialimeira.com.br\/news\/wp-json\/wp\/v2\/categories?post=20178"},{"taxonomy":"post_tag","embeddable":true,"href":"https:\/\/guialimeira.com.br\/news\/wp-json\/wp\/v2\/tags?post=20178"}],"curies":[{"name":"wp","href":"https:\/\/api.w.org\/{rel}","templated":true}]}}