{"id":20153,"date":"2025-01-06T21:02:11","date_gmt":"2025-01-07T00:02:11","guid":{"rendered":"https:\/\/guialimeira.com.br\/2025\/01\/06\/deficit-comercial-com-eua-evitara-sancoes-de-trump-diz-mdic\/"},"modified":"2025-01-06T21:02:11","modified_gmt":"2025-01-07T00:02:11","slug":"deficit-comercial-com-eua-evitara-sancoes-de-trump-diz-mdic","status":"publish","type":"post","link":"https:\/\/guialimeira.com.br\/news\/deficit-comercial-com-eua-evitara-sancoes-de-trump-diz-mdic\/","title":{"rendered":"D\u00e9ficit comercial com EUA evitar\u00e1 san\u00e7\u00f5es de Trump, diz Mdic"},"content":{"rendered":"<p> <br \/>\n<\/p>\n<div>\n<p>O d\u00e9ficit comercial do Brasil com os Estados Unidos dever\u00e1 contribuir para que o pa\u00eds fique fora do foco da eleva\u00e7\u00e3o de tarifas prometida pelo presidente eleito, Donald Trump, disse nesta segunda-feira (6) a secret\u00e1ria de Com\u00e9rcio Exterior do Minist\u00e9rio do Desenvolvimento, Ind\u00fastria, Com\u00e9rcio e Servi\u00e7os (Mdic), Tatiana Prazeres. Segundo Tatiana, o governo brasileiro pretende trabalhar para manter e aprofundar os v\u00ednculos econ\u00f4micos com a maior economia do planeta.<img data-recalc-dims=\"1\" decoding=\"async\" src=\"https:\/\/i0.wp.com\/agenciabrasil.ebc.com.br\/ebc.png?w=696&#038;ssl=1\" style=\"width:1px; height:1px; display:inline;\"\/><img data-recalc-dims=\"1\" decoding=\"async\" src=\"https:\/\/i0.wp.com\/agenciabrasil.ebc.com.br\/ebc.gif?w=696&#038;ssl=1\" style=\"width:1px; height:1px; display:inline;\"\/><\/p>\n<p>Conforme as estat\u00edsticas do Mdic, em 2024, o Brasil teve pequeno d\u00e9ficit comercial de US$ 253 milh\u00f5es com os Estados Unidos. O pa\u00eds exportou US$ 40,330 bilh\u00f5es e importou US$ 40,583 bilh\u00f5es no ano passado, o que torna os Estados Unidos o segundo maior parceiro comercial do Brasil, o segundo maior destino das mercadorias brasileiras e a terceira maior fonte de importa\u00e7\u00f5es.<\/p>\n<p>\u201cO Brasil, na contabilidade do pr\u00f3prio governo americano, somando-se bens e servi\u00e7os, responde pelo sexto super\u00e1vit comercial dos Estados Unidos. A quest\u00e3o do super\u00e1vit ou d\u00e9ficit comercial \u00e9 algo que parece chamar a aten\u00e7\u00e3o do pr\u00f3ximo governo dos Estados Unidos e, nesse quesito, o fato de que os americanos acumulam super\u00e1vit com o Brasil deveria ser levado em conta\u201d, disse a secret\u00e1ria na apresenta\u00e7\u00e3o dos dados da <a href=\"https:\/\/agenciabrasil.ebc.com.br\/economia\/noticia\/2025-01\/balanca-comercial-tem-superavit-de-us-7455-bilhoes-em-2024\" target=\"_blank\" rel=\"noopener\">balan\u00e7a comercial de 2024<\/a>.<\/p>\n<p>Segundo Tatiana Prazeres, as discuss\u00f5es do Di\u00e1logo Comercial Brasil\u2013Estados Unidos, canal direto de di\u00e1logo entre o Mdic, o Departamento de Com\u00e9rcio dos Estados Unidos (DOC) e a Administra\u00e7\u00e3o de Com\u00e9rcio Internacional (ITA), contribuir\u00e3o para fortalecer as rela\u00e7\u00f5es comerciais e os v\u00ednculos econ\u00f4micos entre os dois pa\u00edses. O encontro mais recente ocorreu em setembro do ano passado.<\/p>\n<p>Outro fator que dever\u00e1 contribuir para o fortalecimento das rela\u00e7\u00f5es econ\u00f4micas s\u00e3o os fortes v\u00ednculos entre as empresas brasileiras e norte-americanas e as companhias empresas dos Estados Unidos com filiais no Brasil. \u201cO fluxo intercompanhia significativo entre o Brasil e os Estados Unidos deve fazer com que a rela\u00e7\u00e3o comercial n\u00e3o seja apenas poupada, mas privilegiada\u201d, destacou a secret\u00e1ria.<\/p>\n<h2>Recordes<\/h2>\n<p>Tatiana ressaltou que, em 2024, o Brasil registrou recorde de exporta\u00e7\u00f5es para cerca de 50 pa\u00edses, entre os quais Estados Unidos, Espanha, Canad\u00e1, Emirados \u00c1rabes Unidos e Indon\u00e9sia. De acordo com a secret\u00e1ria, as vendas de autom\u00f3veis, aeronaves, compressores e bombas de ar, carnes bovina e su\u00edna, min\u00e9rio de ferro, celulose e sucos de fruta subiram fortemente no ano passado.<\/p>\n<p>As exporta\u00e7\u00f5es para a China, no entanto, ca\u00edram 9,3% no ano passado, tanto por causa da queda no pre\u00e7o internacional das <em>commodities<\/em> (bens prim\u00e1rios com cota\u00e7\u00e3o internacional) quanto por causa da desacelera\u00e7\u00e3o do pa\u00eds asi\u00e1tico, maior parceiro comercial do Brasil. Apenas em dezembro, o valor exportado para a China desabou 40,2% na compara\u00e7\u00e3o com o mesmo m\u00eas de 2023.<\/p>\n<h2>Importa\u00e7\u00f5es<\/h2>\n<p>Quanto \u00e0s importa\u00e7\u00f5es, que subiram 9% no ano passado e fizeram o super\u00e1vit da balan\u00e7a comercial cair para US$ 74,552 bilh\u00f5es em 2024, a secret\u00e1ria afirmou que boa parte da alta se concentrou em bens de capital (m\u00e1quinas e bens usados na produ\u00e7\u00e3o). Em 2024, a compra desse tipo de bem atingiu o maior n\u00edvel em dez anos, o que indica o uso das importa\u00e7\u00f5es para investimentos produtivos no Brasil.<\/p>\n<p>No ano passado, as importa\u00e7\u00f5es de bens de capital aumentaram 20,6% em valores. O volume comprado cresceu 25,6%, com os pre\u00e7os m\u00e9dios caindo 4,7%. As importa\u00e7\u00f5es de bens de consumo subiram 23,4%, com alta de 19,1% no volume e queda de 1,3% no pre\u00e7o m\u00e9dio. As compras de bens intermedi\u00e1rios subiram 7%, com alta de 15,9% no volume e recuo de 9,3% nos pre\u00e7os.<\/p>\n<p>      <!-- Relacionada --><\/p>\n<p>            <!-- Relacionada -->\n    <\/div>\n<p><br \/>\n<br \/><a href=\"https:\/\/agenciabrasil.ebc.com.br\/economia\/noticia\/2025-01\/deficit-comercial-com-eua-evitara-sancoes-de-trump-diz-mdic\" rel=\"noopener\">Ag\u00eancia Brasil<\/a><\/p>\n","protected":false},"excerpt":{"rendered":"<p>O d\u00e9ficit comercial do Brasil com os Estados Unidos dever\u00e1 contribuir para que o pa\u00eds fique fora do foco da eleva\u00e7\u00e3o de tarifas prometida pelo presidente eleito, Donald Trump, disse nesta segunda-feira (6) a secret\u00e1ria de Com\u00e9rcio Exterior do Minist\u00e9rio do Desenvolvimento, Ind\u00fastria, Com\u00e9rcio e Servi\u00e7os (Mdic), Tatiana Prazeres. Segundo Tatiana, o governo brasileiro pretende [&hellip;]<\/p>\n","protected":false},"author":1,"featured_media":20154,"comment_status":"open","ping_status":"open","sticky":false,"template":"","format":"standard","meta":{"_jetpack_newsletter_access":"","_jetpack_dont_email_post_to_subs":false,"_jetpack_newsletter_tier_id":0,"_jetpack_memberships_contains_paywalled_content":false,"_mbp_banners":[],"_jetpack_feature_clip_id":0,"_jetpack_memberships_contains_paid_content":false,"footnotes":"","jetpack_publicize_message":"","jetpack_publicize_feature_enabled":true,"jetpack_social_post_already_shared":true,"jetpack_social_options":{"image_generator_settings":{"template":"highway","default_image_id":0,"font":"","enabled":false},"version":2},"jetpack_post_was_ever_published":false},"categories":[24],"tags":[],"class_list":["post-20153","post","type-post","status-publish","format-standard","has-post-thumbnail","category-economia"],"jetpack_publicize_connections":[],"jetpack-related-posts":[],"jetpack_shortlink":"https:\/\/wp.me\/p7Eq1F-5f3","jetpack_sharing_enabled":true,"jetpack_featured_media_url":"https:\/\/i0.wp.com\/guialimeira.com.br\/news\/wp-content\/uploads\/2025\/01\/img_4096_0.jpg?fit=1600%2C800&ssl=1","_links":{"self":[{"href":"https:\/\/guialimeira.com.br\/news\/wp-json\/wp\/v2\/posts\/20153","targetHints":{"allow":["GET"]}}],"collection":[{"href":"https:\/\/guialimeira.com.br\/news\/wp-json\/wp\/v2\/posts"}],"about":[{"href":"https:\/\/guialimeira.com.br\/news\/wp-json\/wp\/v2\/types\/post"}],"author":[{"embeddable":true,"href":"https:\/\/guialimeira.com.br\/news\/wp-json\/wp\/v2\/users\/1"}],"replies":[{"embeddable":true,"href":"https:\/\/guialimeira.com.br\/news\/wp-json\/wp\/v2\/comments?post=20153"}],"version-history":[{"count":0,"href":"https:\/\/guialimeira.com.br\/news\/wp-json\/wp\/v2\/posts\/20153\/revisions"}],"wp:featuredmedia":[{"embeddable":true,"href":"https:\/\/guialimeira.com.br\/news\/wp-json\/wp\/v2\/media\/20154"}],"wp:attachment":[{"href":"https:\/\/guialimeira.com.br\/news\/wp-json\/wp\/v2\/media?parent=20153"}],"wp:term":[{"taxonomy":"category","embeddable":true,"href":"https:\/\/guialimeira.com.br\/news\/wp-json\/wp\/v2\/categories?post=20153"},{"taxonomy":"post_tag","embeddable":true,"href":"https:\/\/guialimeira.com.br\/news\/wp-json\/wp\/v2\/tags?post=20153"}],"curies":[{"name":"wp","href":"https:\/\/api.w.org\/{rel}","templated":true}]}}