{"id":20150,"date":"2025-01-06T20:53:19","date_gmt":"2025-01-06T23:53:19","guid":{"rendered":"https:\/\/guialimeira.com.br\/2025\/01\/06\/rio-alerta-para-2a-dose-da-vacina-contra-dengue-em-criancas\/"},"modified":"2025-01-06T20:53:19","modified_gmt":"2025-01-06T23:53:19","slug":"rio-alerta-para-2a-dose-da-vacina-contra-dengue-em-criancas","status":"publish","type":"post","link":"https:\/\/guialimeira.com.br\/news\/rio-alerta-para-2a-dose-da-vacina-contra-dengue-em-criancas\/","title":{"rendered":"Rio alerta para 2\u00aa dose da vacina contra dengue em crian\u00e7as"},"content":{"rendered":"<p> <br \/>\n<\/p>\n<div>\n<p>A Secretaria Municipal de Sa\u00fade do Rio de Janeiro\u00a0est\u00e1 convocando\u00a0as crian\u00e7as e adolescentes, com idades entre 10 e\u00a014 anos, que ainda n\u00e3o tomaram a segunda dose da vacina contra a dengue para se imunizarem\u00a0at\u00e9 o dia 31 de janeiro. Ap\u00f3s essa data, segundo a secretaria,\u00a0a vacina passar\u00e1 a ser\u00a0disponibilizada para outra faixa et\u00e1ria.\u00a0<img data-recalc-dims=\"1\" decoding=\"async\" src=\"https:\/\/i0.wp.com\/agenciabrasil.ebc.com.br\/ebc.png?w=696&#038;ssl=1\" style=\"width:1px; height:1px; display:inline;\"\/><img data-recalc-dims=\"1\" decoding=\"async\" src=\"https:\/\/i0.wp.com\/agenciabrasil.ebc.com.br\/ebc.gif?w=696&#038;ssl=1\" style=\"width:1px; height:1px; display:inline;\"\/><\/p>\n<p>No ano passado, foram aplicadas 155.756 doses da\u00a0vacina na primeira etapa,\u00a0e 55.235 doses, na segunda etapa da campanha.<\/p>\n<p>A prefeitura iniciou nesta segunda-feira (6) levantamento de poss\u00edveis focos de reprodu\u00e7\u00e3o do mosquito transmissor da dengue. Equipes da Vigil\u00e2ncia Ambiental vistoriaram dep\u00f3sitos, coletaram\u00a0larvas e enviaram amostras para\u00a0an\u00e1lise em laborat\u00f3rio.\u00a0<\/p>\n<p>De acordo com a secretaria, em 2024, o munic\u00edpio\u00a0registrou\u00a0111 mil casos da doen\u00e7a, o maior n\u00famero dos \u00faltimos 10 anos. A taxa de incid\u00eancia foi de 1.756,21 casos a cada 100 mil habitantes. Al\u00e9m disso, a cidade teve\u00a021\u00a0\u00f3bitos confirmados durante o ano.<\/p>\n<p>      <!-- Relacionada --><\/p>\n<p>            <!-- Relacionada -->\n    <\/div>\n<p><br \/>\n<br \/><a href=\"https:\/\/agenciabrasil.ebc.com.br\/saude\/noticia\/2025-01\/rio-alerta-para-2a-dose-da-vacina-contra-dengue-em-criancas\" rel=\"noopener\">Ag\u00eancia Brasil <\/a><\/p>\n","protected":false},"excerpt":{"rendered":"<p>A Secretaria Municipal de Sa\u00fade do Rio de Janeiro\u00a0est\u00e1 convocando\u00a0as crian\u00e7as e adolescentes, com idades entre 10 e\u00a014 anos, que ainda n\u00e3o tomaram a segunda dose da vacina contra a dengue para se imunizarem\u00a0at\u00e9 o dia 31 de janeiro. Ap\u00f3s essa data, segundo a secretaria,\u00a0a vacina passar\u00e1 a ser\u00a0disponibilizada para outra faixa et\u00e1ria.\u00a0 No ano [&hellip;]<\/p>\n","protected":false},"author":1,"featured_media":3236,"comment_status":"open","ping_status":"open","sticky":false,"template":"","format":"standard","meta":{"_jetpack_newsletter_access":"","_jetpack_dont_email_post_to_subs":false,"_jetpack_newsletter_tier_id":0,"_jetpack_memberships_contains_paywalled_content":false,"_mbp_banners":[],"_jetpack_feature_clip_id":0,"_jetpack_memberships_contains_paid_content":false,"footnotes":"","jetpack_publicize_message":"","jetpack_publicize_feature_enabled":true,"jetpack_social_post_already_shared":true,"jetpack_social_options":{"image_generator_settings":{"template":"highway","default_image_id":0,"font":"","enabled":false},"version":2},"jetpack_post_was_ever_published":false},"categories":[15],"tags":[],"class_list":["post-20150","post","type-post","status-publish","format-standard","has-post-thumbnail","category-saude"],"jetpack_publicize_connections":[],"jetpack-related-posts":[],"jetpack_shortlink":"https:\/\/wp.me\/p7Eq1F-5f0","jetpack_sharing_enabled":true,"jetpack_featured_media_url":"https:\/\/i0.wp.com\/guialimeira.com.br\/news\/wp-content\/uploads\/2024\/04\/instituto_butantan_esta_desenvolvendo_a_primeira_vacina_contra_a_dengue_totalmente_brasileira_.jpg?fit=1600%2C800&ssl=1","_links":{"self":[{"href":"https:\/\/guialimeira.com.br\/news\/wp-json\/wp\/v2\/posts\/20150","targetHints":{"allow":["GET"]}}],"collection":[{"href":"https:\/\/guialimeira.com.br\/news\/wp-json\/wp\/v2\/posts"}],"about":[{"href":"https:\/\/guialimeira.com.br\/news\/wp-json\/wp\/v2\/types\/post"}],"author":[{"embeddable":true,"href":"https:\/\/guialimeira.com.br\/news\/wp-json\/wp\/v2\/users\/1"}],"replies":[{"embeddable":true,"href":"https:\/\/guialimeira.com.br\/news\/wp-json\/wp\/v2\/comments?post=20150"}],"version-history":[{"count":0,"href":"https:\/\/guialimeira.com.br\/news\/wp-json\/wp\/v2\/posts\/20150\/revisions"}],"wp:featuredmedia":[{"embeddable":true,"href":"https:\/\/guialimeira.com.br\/news\/wp-json\/wp\/v2\/media\/3236"}],"wp:attachment":[{"href":"https:\/\/guialimeira.com.br\/news\/wp-json\/wp\/v2\/media?parent=20150"}],"wp:term":[{"taxonomy":"category","embeddable":true,"href":"https:\/\/guialimeira.com.br\/news\/wp-json\/wp\/v2\/categories?post=20150"},{"taxonomy":"post_tag","embeddable":true,"href":"https:\/\/guialimeira.com.br\/news\/wp-json\/wp\/v2\/tags?post=20150"}],"curies":[{"name":"wp","href":"https:\/\/api.w.org\/{rel}","templated":true}]}}