{"id":20143,"date":"2025-01-06T20:01:11","date_gmt":"2025-01-06T23:01:11","guid":{"rendered":"https:\/\/guialimeira.com.br\/2025\/01\/06\/dolar-cai-para-r-611-com-possivel-moderacao-de-tarifas-de-trump\/"},"modified":"2025-01-06T20:01:11","modified_gmt":"2025-01-06T23:01:11","slug":"dolar-cai-para-r-611-com-possivel-moderacao-de-tarifas-de-trump","status":"publish","type":"post","link":"https:\/\/guialimeira.com.br\/news\/dolar-cai-para-r-611-com-possivel-moderacao-de-tarifas-de-trump\/","title":{"rendered":"D\u00f3lar cai para R$ 6,11 com poss\u00edvel modera\u00e7\u00e3o de tarifas de Trump"},"content":{"rendered":"<p> <br \/>\n<\/p>\n<div>\n<p>A possibilidade de que o governo do presidente eleito Donald Trump modere as altas de tarifas comerciais prometidas durante a campanha eleitoral fez o d\u00f3lar cair em todo o planeta, com o real registrando um dos melhores resultados globais. A bolsa de valores subiu mais de 1% e voltou a superar os 120 mil pontos.<img data-recalc-dims=\"1\" decoding=\"async\" src=\"https:\/\/i0.wp.com\/agenciabrasil.ebc.com.br\/ebc.png?w=696&#038;ssl=1\" style=\"width:1px; height:1px; display:inline;\"\/><img data-recalc-dims=\"1\" decoding=\"async\" src=\"https:\/\/i0.wp.com\/agenciabrasil.ebc.com.br\/ebc.gif?w=696&#038;ssl=1\" style=\"width:1px; height:1px; display:inline;\"\/><\/p>\n<p>O d\u00f3lar comercial encerrou esta segunda-feira (6) vendido a R$ 6,111, com queda de R$ 0,07 (-1,14%). A cota\u00e7\u00e3o chegou a cair para R$ 6,09 na m\u00ednima do dia, por volta das 10h30, chegou a R$ 6,14 no fim da manh\u00e3 e estabilizou-se em torno de R$ 6,11 perto do fim das negocia\u00e7\u00f5es.<\/p>\n<p>No mercado de a\u00e7\u00f5es, o dia tamb\u00e9m foi marcado pelo otimismo. O \u00edndice Ibovespa, da B3, fechou aos 120.051 pontos, com alta de 1,26%. Na sexta-feira (3), o indicador tinha encerrado no menor n\u00edvel desde novembro de 2023.<\/p>\n<p>Nesta segunda, o jornal norte-americano Washington Post publicou que assessores de Trump estudam a suaviza\u00e7\u00e3o do aumento de tarifas prometido pelo presidente norte-americano eleito. Segundo a reportagem, o tarifa\u00e7o seria aplicado apenas a produtos espec\u00edficos, cujos n\u00edveis de importa\u00e7\u00e3o pelos Estados Unidos estariam em n\u00edveis cr\u00edticos para a economia ou para a seguran\u00e7a nacional.<\/p>\n<p>Horas mais tarde, Trump negou o conte\u00fado da reportagem, mas a negativa n\u00e3o desanimou os investidores. Pela promessa de campanha, o governo do presidente eleito aplicaria eleva\u00e7\u00f5es indiscriminadas de tarifas comerciais.<\/p>\n<p><em>* Com informa\u00e7\u00f5es da Reuters<\/em><\/p>\n<p>      <!-- Relacionada --><\/p>\n<p>            <!-- Relacionada -->\n    <\/div>\n<p><br \/>\n<br \/><a href=\"https:\/\/agenciabrasil.ebc.com.br\/economia\/noticia\/2025-01\/dolar-cai-para-r-611-com-possivel-moderacao-de-tarifas-de-trump\" rel=\"noopener\">Ag\u00eancia Brasil<\/a><\/p>\n","protected":false},"excerpt":{"rendered":"<p>A possibilidade de que o governo do presidente eleito Donald Trump modere as altas de tarifas comerciais prometidas durante a campanha eleitoral fez o d\u00f3lar cair em todo o planeta, com o real registrando um dos melhores resultados globais. A bolsa de valores subiu mais de 1% e voltou a superar os 120 mil pontos. [&hellip;]<\/p>\n","protected":false},"author":1,"featured_media":1072,"comment_status":"open","ping_status":"open","sticky":false,"template":"","format":"standard","meta":{"_jetpack_newsletter_access":"","_jetpack_dont_email_post_to_subs":false,"_jetpack_newsletter_tier_id":0,"_jetpack_memberships_contains_paywalled_content":false,"_mbp_banners":[],"_jetpack_feature_clip_id":0,"_jetpack_memberships_contains_paid_content":false,"footnotes":"","jetpack_publicize_message":"","jetpack_publicize_feature_enabled":true,"jetpack_social_post_already_shared":true,"jetpack_social_options":{"image_generator_settings":{"template":"highway","default_image_id":0,"font":"","enabled":false},"version":2},"jetpack_post_was_ever_published":false},"categories":[24],"tags":[],"class_list":["post-20143","post","type-post","status-publish","format-standard","has-post-thumbnail","category-economia"],"jetpack_publicize_connections":[],"jetpack-related-posts":[],"jetpack_shortlink":"https:\/\/wp.me\/p7Eq1F-5eT","jetpack_sharing_enabled":true,"jetpack_featured_media_url":"https:\/\/i0.wp.com\/guialimeira.com.br\/news\/wp-content\/uploads\/2024\/04\/1712359003_dolar_moeda_0803221206.jpg?fit=1600%2C800&ssl=1","_links":{"self":[{"href":"https:\/\/guialimeira.com.br\/news\/wp-json\/wp\/v2\/posts\/20143","targetHints":{"allow":["GET"]}}],"collection":[{"href":"https:\/\/guialimeira.com.br\/news\/wp-json\/wp\/v2\/posts"}],"about":[{"href":"https:\/\/guialimeira.com.br\/news\/wp-json\/wp\/v2\/types\/post"}],"author":[{"embeddable":true,"href":"https:\/\/guialimeira.com.br\/news\/wp-json\/wp\/v2\/users\/1"}],"replies":[{"embeddable":true,"href":"https:\/\/guialimeira.com.br\/news\/wp-json\/wp\/v2\/comments?post=20143"}],"version-history":[{"count":0,"href":"https:\/\/guialimeira.com.br\/news\/wp-json\/wp\/v2\/posts\/20143\/revisions"}],"wp:featuredmedia":[{"embeddable":true,"href":"https:\/\/guialimeira.com.br\/news\/wp-json\/wp\/v2\/media\/1072"}],"wp:attachment":[{"href":"https:\/\/guialimeira.com.br\/news\/wp-json\/wp\/v2\/media?parent=20143"}],"wp:term":[{"taxonomy":"category","embeddable":true,"href":"https:\/\/guialimeira.com.br\/news\/wp-json\/wp\/v2\/categories?post=20143"},{"taxonomy":"post_tag","embeddable":true,"href":"https:\/\/guialimeira.com.br\/news\/wp-json\/wp\/v2\/tags?post=20143"}],"curies":[{"name":"wp","href":"https:\/\/api.w.org\/{rel}","templated":true}]}}