{"id":20140,"date":"2025-01-06T19:49:23","date_gmt":"2025-01-06T22:49:23","guid":{"rendered":"https:\/\/guialimeira.com.br\/2025\/01\/06\/governo-de-sp-se-reune-com-municipios-da-baixada-santista-para-suporte-aos-casos-de-gastroenterite\/"},"modified":"2025-01-06T19:49:23","modified_gmt":"2025-01-06T22:49:23","slug":"governo-de-sp-se-reune-com-municipios-da-baixada-santista-para-suporte-aos-casos-de-gastroenterite","status":"publish","type":"post","link":"https:\/\/guialimeira.com.br\/news\/governo-de-sp-se-reune-com-municipios-da-baixada-santista-para-suporte-aos-casos-de-gastroenterite\/","title":{"rendered":"Governo de SP se re\u00fane com munic\u00edpios da Baixada Santista para suporte aos casos de gastroenterite"},"content":{"rendered":"<p> <br \/>\n<br \/><img data-recalc-dims=\"1\" decoding=\"async\" src=\"https:\/\/i0.wp.com\/www.agenciasp.sp.gov.br\/wp-content\/uploads\/2025\/01\/Reuniao-baixada-casos-de-virose.jpg?w=696&#038;ssl=1\" \/><\/p>\n<div>\n<p>A Secretaria de Estado da Sa\u00fade de S\u00e3o Paulo promoveu, nesta segunda-feira (6), uma reuni\u00e3o com os secret\u00e1rios municipais de sa\u00fade e representantes das vigil\u00e2ncias epidemiol\u00f3gicas dos nove munic\u00edpios da Baixada Santista para abordar <a href=\"https:\/\/www.agenciasp.sp.gov.br\/governo-de-sao-paulo-orienta-municipios-do-litoral-sobre-a-prevencao-de-casos-de-virose\/\" rel=\"noopener\">medidas a serem adotadas nos casos de gastroenterocolite aguda que ocorrem na regi\u00e3o<\/a>.<\/p>\n<p>O grupo t\u00e9cnico da pasta refor\u00e7ou a import\u00e2ncia dos protocolos de coleta de amostras humanas e de \u00e1gua para a an\u00e1lise dos casos. A Secretaria tamb\u00e9m orientou quanto a necessidade de notifica\u00e7\u00f5es e as a\u00e7\u00f5es de preven\u00e7\u00e3o \u00e0 popula\u00e7\u00e3o. Os cuidados preventivos s\u00e3o essenciais para evitar Doen\u00e7as Transmitidas por \u00c1gua e Alimentos (DTAs), especialmente em per\u00edodos de altas temperaturas, quando h\u00e1 aumento nos casos de enfermidades como a diarreia aguda.<\/p>\n<p>\u201cApresentamos o fluxo de informa\u00e7\u00f5es, coleta de amostras e cuidados que devem ser tomados diante da situa\u00e7\u00e3o para os secret\u00e1rios e equipes t\u00e9cnicas\u201d, ressaltou Regiane de Paula, coordenadora em sa\u00fade da coordenadoria de Controle de Doen\u00e7as (CCD\/SES).<\/p>\n<p>O Instituto Adolfo Lutz (IAL), laborat\u00f3rio de refer\u00eancia do Estado, \u00e9 o respons\u00e1vel pela an\u00e1lise das amostras coletadas pelos munic\u00edpios para identificar o poss\u00edvel agente causador da doen\u00e7a. \u201cAinda n\u00e3o podemos confirmar a origem do surto, pois estamos aguardando a conclus\u00e3o da an\u00e1lise das amostras para fechar os casos\u201d, afirmou Regiane.<\/p>\n<p>Estiveram presentes tamb\u00e9m representantes dos Grupos de Vigil\u00e2ncia Epidemiol\u00f3gica e Sanit\u00e1ria do Estado e dos munic\u00edpios de Bertioga, Praia Grande, Guaruj\u00e1, Santos, S\u00e3o Vicente, Cubat\u00e3o, Peru\u00edbe, Itanha\u00e9m e Mongagu\u00e1.<\/p>\n<h2 class=\"wp-block-heading\">Cuidados redobrados<\/h2>\n<p>As principais caracter\u00edsticas das DTAs s\u00e3o: diarreia (aquosa, com muco ou sangue), mal-estar geral, dor abdominal, n\u00e1usea, v\u00f4mito e febre. Os principais agentes causadores da doen\u00e7a diarreica aguda s\u00e3o os enterov\u00edrus, principalmente rotav\u00edrus e norov\u00edrus, e as bact\u00e9rias como Bacillus cereus, Clostridium perfringens, Escherichia coli patog\u00eanica (v\u00e1rios tipos), Salmonella (v\u00e1rios tipos), e Shigella.<\/p>\n<h2 class=\"wp-block-heading\">Orienta\u00e7\u00f5es para evitar contamina\u00e7\u00e3o<\/h2>\n<ul class=\"wp-block-list\">\n<li>N\u00e3o entre na \u00e1gua da praia se ela estiver classificada como impr\u00f3pria pela Cetesb e evite banhos de mar 24 horas ap\u00f3s as chuvas;<\/li>\n<li>Evite alimentos mal cozidos;<\/li>\n<li>Mantenha os alimentos bem refrigerados, com aten\u00e7\u00e3o especial \u00e0s temperaturas dos refrigeradores e geladeiras dos supermercados onde os alimentos ficam acondicionados;<\/li>\n<li>Leve seus pr\u00f3prios lanches em passeios, corretamente armazenados;<\/li>\n<li>Observe bem a higiene de lanchonetes e quiosques;<\/li>\n<li>Lave as m\u00e3os antes de se alimentar ou preparar alimentos;<\/li>\n<li>Beba sempre \u00e1gua filtrada;<\/li>\n<li>Em caso de diarreia, intensifique a hidrata\u00e7\u00e3o e se necess\u00e1rio, busque atendimento m\u00e9dico.<\/li>\n<\/ul>\n<\/div>\n<p><br \/>\n<br \/><a href=\"https:\/\/www.agenciasp.sp.gov.br\/governo-de-sp-se-reune-com-municipios-da-baixada-santista-para-suporte-aos-casos-de-gastroenterite\/\" rel=\"noopener\">Informa\u00e7\u00f5es GOV.SP<\/a><\/p>\n","protected":false},"excerpt":{"rendered":"<p>A Secretaria de Estado da Sa\u00fade de S\u00e3o Paulo promoveu, nesta segunda-feira (6), uma reuni\u00e3o com os secret\u00e1rios municipais de sa\u00fade e representantes das vigil\u00e2ncias epidemiol\u00f3gicas dos nove munic\u00edpios da Baixada Santista para abordar medidas a serem adotadas nos casos de gastroenterocolite aguda que ocorrem na regi\u00e3o. O grupo t\u00e9cnico da pasta refor\u00e7ou a import\u00e2ncia [&hellip;]<\/p>\n","protected":false},"author":1,"featured_media":20141,"comment_status":"open","ping_status":"open","sticky":false,"template":"","format":"standard","meta":{"_jetpack_newsletter_access":"","_jetpack_dont_email_post_to_subs":false,"_jetpack_newsletter_tier_id":0,"_jetpack_memberships_contains_paywalled_content":false,"_mbp_banners":[],"_jetpack_feature_clip_id":0,"_jetpack_memberships_contains_paid_content":false,"footnotes":"","jetpack_publicize_message":"","jetpack_publicize_feature_enabled":true,"jetpack_social_post_already_shared":true,"jetpack_social_options":{"image_generator_settings":{"template":"highway","default_image_id":0,"font":"","enabled":false},"version":2},"jetpack_post_was_ever_published":false},"categories":[21],"tags":[],"class_list":["post-20140","post","type-post","status-publish","format-standard","has-post-thumbnail","category-sp-news"],"jetpack_publicize_connections":[],"jetpack-related-posts":[],"jetpack_shortlink":"https:\/\/wp.me\/p7Eq1F-5eQ","jetpack_sharing_enabled":true,"jetpack_featured_media_url":"https:\/\/i0.wp.com\/guialimeira.com.br\/news\/wp-content\/uploads\/2025\/01\/Governo-de-SP-se-reune-com-municipios-da-Baixada-Santista.jpg?fit=1920%2C1277&ssl=1","_links":{"self":[{"href":"https:\/\/guialimeira.com.br\/news\/wp-json\/wp\/v2\/posts\/20140","targetHints":{"allow":["GET"]}}],"collection":[{"href":"https:\/\/guialimeira.com.br\/news\/wp-json\/wp\/v2\/posts"}],"about":[{"href":"https:\/\/guialimeira.com.br\/news\/wp-json\/wp\/v2\/types\/post"}],"author":[{"embeddable":true,"href":"https:\/\/guialimeira.com.br\/news\/wp-json\/wp\/v2\/users\/1"}],"replies":[{"embeddable":true,"href":"https:\/\/guialimeira.com.br\/news\/wp-json\/wp\/v2\/comments?post=20140"}],"version-history":[{"count":0,"href":"https:\/\/guialimeira.com.br\/news\/wp-json\/wp\/v2\/posts\/20140\/revisions"}],"wp:featuredmedia":[{"embeddable":true,"href":"https:\/\/guialimeira.com.br\/news\/wp-json\/wp\/v2\/media\/20141"}],"wp:attachment":[{"href":"https:\/\/guialimeira.com.br\/news\/wp-json\/wp\/v2\/media?parent=20140"}],"wp:term":[{"taxonomy":"category","embeddable":true,"href":"https:\/\/guialimeira.com.br\/news\/wp-json\/wp\/v2\/categories?post=20140"},{"taxonomy":"post_tag","embeddable":true,"href":"https:\/\/guialimeira.com.br\/news\/wp-json\/wp\/v2\/tags?post=20140"}],"curies":[{"name":"wp","href":"https:\/\/api.w.org\/{rel}","templated":true}]}}