{"id":2014,"date":"2024-04-19T16:00:14","date_gmt":"2024-04-19T19:00:14","guid":{"rendered":"https:\/\/guialimeira.com.br\/2024\/04\/19\/dino-quer-ouvir-congresso-sobre-suposta-ilegalidade-em-emendas\/"},"modified":"2024-04-19T16:00:14","modified_gmt":"2024-04-19T19:00:14","slug":"dino-quer-ouvir-congresso-sobre-suposta-ilegalidade-em-emendas","status":"publish","type":"post","link":"https:\/\/guialimeira.com.br\/news\/dino-quer-ouvir-congresso-sobre-suposta-ilegalidade-em-emendas\/","title":{"rendered":"Dino quer ouvir Congresso sobre suposta ilegalidade em emendas"},"content":{"rendered":"<p> <br \/>\n<\/p>\n<div>\n<p>O ministro do Supremo Tribunal Federal (STF) Fl\u00e1vio Dino concedeu nesta sexta-feira (19) prazo de 15 dias para o Congresso se manifestar sobre o suposto descumprimento dos fundamentos da decis\u00e3o da Corte que considerou inconstitucionais as emendas or\u00e7ament\u00e1rias RP9, conhecidas como or\u00e7amento secreto.<img data-recalc-dims=\"1\" decoding=\"async\" src=\"https:\/\/i0.wp.com\/agenciabrasil.ebc.com.br\/ebc.png?w=696&#038;ssl=1\" style=\"width:1px; height:1px; display:inline;\"\/><img data-recalc-dims=\"1\" decoding=\"async\" src=\"https:\/\/i0.wp.com\/agenciabrasil.ebc.com.br\/ebc.gif?w=696&#038;ssl=1\" style=\"width:1px; height:1px; display:inline;\"\/><\/p>\n<p>Pela decis\u00e3o, os presidentes da C\u00e2mara dos Deputados, Arthur Lira (PP-AL), e do Senado, Rodrigo Pacheco (PSB-MG), poder\u00e3o enviar esclarecimentos \u00e0 Corte. A presid\u00eancia da Rep\u00fablica tamb\u00e9m foi intimada a se manifestar sobre o caso. O envio das informa\u00e7\u00f5es n\u00e3o \u00e9 obrigat\u00f3rio.<\/p>\n<p>&#8220;Intimem-se o requerente [PSOL], bem como os interessados, presidente da Rep\u00fablica, presidente do Congresso Nacional e do Senado Federal e presidente da C\u00e2mara dos Deputados, para, querendo, no prazo de 15 dias, se manifestarem acerca do noticiado pelos amigos da Corte&#8221;, escreveu o ministro.<\/p>\n<p>A decis\u00e3o de Fl\u00e1vio Dino foi motivada por uma peti\u00e7\u00e3o enviada ao Supremo pelas organiza\u00e7\u00f5es Contas Abertas, Transpar\u00eancia Brasil e a Transpar\u00eancia Internacional. Segundo as entidades, o Congresso descumpre a decis\u00e3o tomada em 2022, quando o STF proibiu o or\u00e7amento secreto.<\/p>\n<p>Para as entidades, o Congresso continua utilizando indevidamente as emendas de relator na forma de &#8220;emendas Pix&#8221;, por meio de transfer\u00eancias individuais, com baixo controle de transpar\u00eancia sobre a aplica\u00e7\u00e3o dos recursos, descumprindo os fundamentos que consideraram o or\u00e7amento secreto inconstitucional.<\/p>\n<p>Ap\u00f3s receber as manifesta\u00e7\u00f5es, o ministro dever\u00e1 decidir a quest\u00e3o. A data do julgamento n\u00e3o foi definida.<\/p>\n<p>Em dezembro de 2022, a partir de uma a\u00e7\u00e3o protocolada pelo PSOL, o STF entendeu que as <a href=\"http:\/\/agenciabrasil.ebc.com.br\/justica\/noticia\/2022-12\/stf-considera-orcamento-secreto-inconstitucional\" target=\"_blank\" rel=\"noopener\">emendas do or\u00e7amento secreto s\u00e3o inconstitucionais<\/a>. Ap\u00f3s a decis\u00e3o, o Congresso Nacional aprovou uma resolu\u00e7\u00e3o que mudou as regras dos recursos distribu\u00eddos pelas emendas de relator para cumprir a determina\u00e7\u00e3o da Corte.<\/p>\n<\/p><\/div>\n<p><br \/>\n<br \/><a href=\"https:\/\/agenciabrasil.ebc.com.br\/justica\/noticia\/2024-04\/dino-quer-ouvir-congresso-sobre-suposta-ilegalidade-em-emendas\" rel=\"noopener\">Ag\u00eancia Brasil<\/a><\/p>\n","protected":false},"excerpt":{"rendered":"<p>O ministro do Supremo Tribunal Federal (STF) Fl\u00e1vio Dino concedeu nesta sexta-feira (19) prazo de 15 dias para o Congresso se manifestar sobre o suposto descumprimento dos fundamentos da decis\u00e3o da Corte que considerou inconstitucionais as emendas or\u00e7ament\u00e1rias RP9, conhecidas como or\u00e7amento secreto. Pela decis\u00e3o, os presidentes da C\u00e2mara dos Deputados, Arthur Lira (PP-AL), e [&hellip;]<\/p>\n","protected":false},"author":1,"featured_media":2015,"comment_status":"open","ping_status":"open","sticky":false,"template":"","format":"standard","meta":{"_jetpack_newsletter_access":"","_jetpack_dont_email_post_to_subs":false,"_jetpack_newsletter_tier_id":0,"_jetpack_memberships_contains_paywalled_content":false,"_mbp_banners":[],"_jetpack_feature_clip_id":0,"_jetpack_memberships_contains_paid_content":false,"footnotes":"","jetpack_publicize_message":"","jetpack_publicize_feature_enabled":true,"jetpack_social_post_already_shared":true,"jetpack_social_options":{"image_generator_settings":{"template":"highway","default_image_id":0,"font":"","enabled":false},"version":2},"jetpack_post_was_ever_published":false},"categories":[22],"tags":[],"class_list":["post-2014","post","type-post","status-publish","format-standard","has-post-thumbnail","category-nacional"],"jetpack_publicize_connections":[],"jetpack-related-posts":[],"jetpack_shortlink":"https:\/\/wp.me\/p7Eq1F-wu","jetpack_sharing_enabled":true,"jetpack_featured_media_url":"https:\/\/i0.wp.com\/guialimeira.com.br\/news\/wp-content\/uploads\/2024\/04\/53559840271_88b25d2602_o.jpg?fit=1600%2C800&ssl=1","_links":{"self":[{"href":"https:\/\/guialimeira.com.br\/news\/wp-json\/wp\/v2\/posts\/2014","targetHints":{"allow":["GET"]}}],"collection":[{"href":"https:\/\/guialimeira.com.br\/news\/wp-json\/wp\/v2\/posts"}],"about":[{"href":"https:\/\/guialimeira.com.br\/news\/wp-json\/wp\/v2\/types\/post"}],"author":[{"embeddable":true,"href":"https:\/\/guialimeira.com.br\/news\/wp-json\/wp\/v2\/users\/1"}],"replies":[{"embeddable":true,"href":"https:\/\/guialimeira.com.br\/news\/wp-json\/wp\/v2\/comments?post=2014"}],"version-history":[{"count":0,"href":"https:\/\/guialimeira.com.br\/news\/wp-json\/wp\/v2\/posts\/2014\/revisions"}],"wp:featuredmedia":[{"embeddable":true,"href":"https:\/\/guialimeira.com.br\/news\/wp-json\/wp\/v2\/media\/2015"}],"wp:attachment":[{"href":"https:\/\/guialimeira.com.br\/news\/wp-json\/wp\/v2\/media?parent=2014"}],"wp:term":[{"taxonomy":"category","embeddable":true,"href":"https:\/\/guialimeira.com.br\/news\/wp-json\/wp\/v2\/categories?post=2014"},{"taxonomy":"post_tag","embeddable":true,"href":"https:\/\/guialimeira.com.br\/news\/wp-json\/wp\/v2\/tags?post=2014"}],"curies":[{"name":"wp","href":"https:\/\/api.w.org\/{rel}","templated":true}]}}