{"id":20134,"date":"2025-01-06T18:48:21","date_gmt":"2025-01-06T21:48:21","guid":{"rendered":"https:\/\/guialimeira.com.br\/2025\/01\/06\/sp-confirma-febre-amarela-em-macacos-em-ribeirao-preto\/"},"modified":"2025-01-06T18:48:21","modified_gmt":"2025-01-06T21:48:21","slug":"sp-confirma-febre-amarela-em-macacos-em-ribeirao-preto","status":"publish","type":"post","link":"https:\/\/guialimeira.com.br\/news\/sp-confirma-febre-amarela-em-macacos-em-ribeirao-preto\/","title":{"rendered":"SP confirma febre amarela em macacos em Ribeir\u00e3o Preto"},"content":{"rendered":"<p> <br \/>\n<br \/><img data-recalc-dims=\"1\" decoding=\"async\" src=\"https:\/\/i0.wp.com\/www.agenciasp.sp.gov.br\/wp-content\/uploads\/2024\/07\/Pessoa-tomando-vacina.jpg?w=696&#038;ssl=1\" \/><\/p>\n<div>\n<p>A Secretaria de Estado da Sa\u00fade de S\u00e3o Paulo (SES-SP) confirmou, por meio do Instituto Adolfo Lutz (IAL), que os exames realizados em quatro primatas de Ribeir\u00e3o Preto testaram positivo para febre amarela.<\/p>\n<p>As a\u00e7\u00f5es de vigil\u00e2ncia em sa\u00fade e vacina\u00e7\u00e3o foram intensificadas na regi\u00e3o. A Pasta remanejou 55 mil doses da vacina contra a febre amarela para o Grupo de Vigil\u00e2ncia Epidemiol\u00f3gica de Ribeir\u00e3o Preto, al\u00e9m de orientar sobre a vacina\u00e7\u00e3o seletiva para a popula\u00e7\u00e3o n\u00e3o vacinada na \u00e1rea em que ocorreu a epizootia.<\/p>\n<p>Vale destacar que os macacos n\u00e3o transmitem febre amarela. A infec\u00e7\u00e3o se d\u00e1 por meio de mosquitos silvestres, que vivem em zonas de mata e n\u00e3o habitam o ambiente urbano das cidades. O risco \u00e9 maior em \u00e1reas de mata e zonas rurais que recebem turistas para acampamentos, trilhas e outras atividades.<\/p>\n<p>Caso algu\u00e9m identifique macacos mortos na regi\u00e3o onde vive ou est\u00e1, deve informar imediatamente \u00e0s autoridades sanit\u00e1rias do munic\u00edpio, de prefer\u00eancia, diretamente para a vigil\u00e2ncia ou controle de zoonoses.<\/p>\n<p><strong>LEIA TAMB\u00c9M: <a href=\"https:\/\/www.agenciasp.sp.gov.br\/sp-reforca-a-importancia-da-vacinacao-contra-a-febre-amarela\/\" rel=\"noopener\">SP refor\u00e7a a import\u00e2ncia da vacina\u00e7\u00e3o contra a febre amarela<\/a><\/strong><\/p>\n<h2 class=\"wp-block-heading\">Os sintomas iniciais da febre amarela s\u00e3o:<\/h2>\n<ul class=\"wp-block-list\">\n<li>In\u00edcio s\u00fabito de febre<\/li>\n<li>Calafrios<\/li>\n<li>Dor de cabe\u00e7a intensa<\/li>\n<li>Dores nas costas<\/li>\n<li>Dores no corpo em geral<\/li>\n<li>N\u00e1useas e v\u00f4mitos<\/li>\n<li>Fadiga<\/li>\n<li>Fraqueza<\/li>\n<\/ul>\n<h2 class=\"wp-block-heading\">Vacina\u00e7\u00e3o<\/h2>\n<p>A vacina contra a febre amarela faz parte do calend\u00e1rio de imuniza\u00e7\u00e3o e est\u00e1 dispon\u00edvel em todos os postos de sa\u00fade do estado. \u00c9 essencial manter a vacina\u00e7\u00e3o em dia e promover a conscientiza\u00e7\u00e3o sobre a imuniza\u00e7\u00e3o de rotina, evitando casos graves e protegendo a sa\u00fade, mesmo fora de per\u00edodos de surto.<\/p>\n<p>Desde abril de 2017, o Brasil adota o esquema vacinal de apenas uma dose durante toda a vida, medida que est\u00e1 de acordo com as recomenda\u00e7\u00f5es da Organiza\u00e7\u00e3o Mundial de Sa\u00fade (OMS). Toda pessoa que reside em \u00e1reas com recomenda\u00e7\u00e3o da vacina contra febre amarela e pessoas que ir\u00e3o viajar para essas \u00e1reas devem imunizar-se pelo menos 10 dias antes do deslocamento.<\/p>\n<p>\u201cA vacina da febre amarela tem um per\u00edodo de 10 dias para criar anticorpos. Desta forma, quem for viajar para zonas de mata, acampamentos, trilhas ou cachoeiras deve se imunizar o quanto antes\u201d, ressalta Regiane de Paula, coordenadora de Controle de Doen\u00e7as (CCD\/SES-SP).<\/p>\n<\/div>\n<p><br \/>\n<br \/><a href=\"https:\/\/www.agenciasp.sp.gov.br\/sp-confirma-casos-de-febre-amarela-em-macacos-em-ribeirao-preto\/\" rel=\"noopener\">Informa\u00e7\u00f5es GOV.SP<\/a><\/p>\n","protected":false},"excerpt":{"rendered":"<p>A Secretaria de Estado da Sa\u00fade de S\u00e3o Paulo (SES-SP) confirmou, por meio do Instituto Adolfo Lutz (IAL), que os exames realizados em quatro primatas de Ribeir\u00e3o Preto testaram positivo para febre amarela. As a\u00e7\u00f5es de vigil\u00e2ncia em sa\u00fade e vacina\u00e7\u00e3o foram intensificadas na regi\u00e3o. A Pasta remanejou 55 mil doses da vacina contra a [&hellip;]<\/p>\n","protected":false},"author":1,"featured_media":20135,"comment_status":"open","ping_status":"open","sticky":false,"template":"","format":"standard","meta":{"_jetpack_newsletter_access":"","_jetpack_dont_email_post_to_subs":false,"_jetpack_newsletter_tier_id":0,"_jetpack_memberships_contains_paywalled_content":false,"_mbp_banners":[],"_jetpack_feature_clip_id":0,"_jetpack_memberships_contains_paid_content":false,"footnotes":"","jetpack_publicize_message":"","jetpack_publicize_feature_enabled":true,"jetpack_social_post_already_shared":true,"jetpack_social_options":{"image_generator_settings":{"template":"highway","default_image_id":0,"font":"","enabled":false},"version":2},"jetpack_post_was_ever_published":false},"categories":[21],"tags":[],"class_list":["post-20134","post","type-post","status-publish","format-standard","has-post-thumbnail","category-sp-news"],"jetpack_publicize_connections":[],"jetpack-related-posts":[],"jetpack_shortlink":"https:\/\/wp.me\/p7Eq1F-5eK","jetpack_sharing_enabled":true,"jetpack_featured_media_url":"https:\/\/i0.wp.com\/guialimeira.com.br\/news\/wp-content\/uploads\/2025\/01\/SP-confirma-febre-amarela-em-macacos-em-Ribeirao-Preto.jpg?fit=750%2C500&ssl=1","_links":{"self":[{"href":"https:\/\/guialimeira.com.br\/news\/wp-json\/wp\/v2\/posts\/20134","targetHints":{"allow":["GET"]}}],"collection":[{"href":"https:\/\/guialimeira.com.br\/news\/wp-json\/wp\/v2\/posts"}],"about":[{"href":"https:\/\/guialimeira.com.br\/news\/wp-json\/wp\/v2\/types\/post"}],"author":[{"embeddable":true,"href":"https:\/\/guialimeira.com.br\/news\/wp-json\/wp\/v2\/users\/1"}],"replies":[{"embeddable":true,"href":"https:\/\/guialimeira.com.br\/news\/wp-json\/wp\/v2\/comments?post=20134"}],"version-history":[{"count":0,"href":"https:\/\/guialimeira.com.br\/news\/wp-json\/wp\/v2\/posts\/20134\/revisions"}],"wp:featuredmedia":[{"embeddable":true,"href":"https:\/\/guialimeira.com.br\/news\/wp-json\/wp\/v2\/media\/20135"}],"wp:attachment":[{"href":"https:\/\/guialimeira.com.br\/news\/wp-json\/wp\/v2\/media?parent=20134"}],"wp:term":[{"taxonomy":"category","embeddable":true,"href":"https:\/\/guialimeira.com.br\/news\/wp-json\/wp\/v2\/categories?post=20134"},{"taxonomy":"post_tag","embeddable":true,"href":"https:\/\/guialimeira.com.br\/news\/wp-json\/wp\/v2\/tags?post=20134"}],"curies":[{"name":"wp","href":"https:\/\/api.w.org\/{rel}","templated":true}]}}