{"id":20121,"date":"2025-01-06T17:46:47","date_gmt":"2025-01-06T20:46:47","guid":{"rendered":"https:\/\/guialimeira.com.br\/2025\/01\/06\/missoes-internacionais-geram-r-725-mi\/"},"modified":"2025-01-06T17:46:47","modified_gmt":"2025-01-06T20:46:47","slug":"missoes-internacionais-geram-r-725-mi","status":"publish","type":"post","link":"https:\/\/guialimeira.com.br\/news\/missoes-internacionais-geram-r-725-mi\/","title":{"rendered":"miss\u00f5es internacionais geram R$ 725 mi"},"content":{"rendered":"<p> <br \/>\n<br \/><img data-recalc-dims=\"1\" decoding=\"async\" src=\"https:\/\/i0.wp.com\/www.agenciasp.sp.gov.br\/wp-content\/uploads\/2024\/08\/womex.jpg?w=696&#038;ssl=1\" \/><\/p>\n<div>\n<p>O programa Creative SP, parceria da Secretaria da Cultura, Economia e Ind\u00fastria Criativas e da InvestSP (ag\u00eancia de promo\u00e7\u00e3o de investimentos vinculada \u00e0 Secretaria de Desenvolvimento Econ\u00f4mico), levou 103 empresas ao exterior no ano passado, gerando recorde de R$ 725 milh\u00f5es em neg\u00f3cios e movimentando 6.448 empregos diretos e indiretos.<\/p>\n<p>O n\u00famero \u00e9 superior a 2023, quando foram nove miss\u00f5es internacionais e 80 empresas participantes, com R$ 404 milh\u00f5es em potencial de neg\u00f3cios, resultantes de um investimento de R$ 4,7 milh\u00f5es.<\/p>\n<p>\u201cAs empresas paulistas t\u00eam um enorme potencial para gerar neg\u00f3cios e estabelecer parcerias ao redor do mundo. Com o CreativeSP, estamos levando S\u00e3o Paulo para o cen\u00e1rio internacional. As miss\u00f5es representam oportunidades valiosas de troca, que n\u00e3o apenas impulsionam neg\u00f3cios, mas tamb\u00e9m ampliam horizontes e fortalecem a cultura paulista. Estamos crescendo ano ap\u00f3s ano e queremos seguir nesse caminho, garantindo que o Governo de S\u00e3o Paulo seja cada vez mais presente e eficaz no desenvolvimento das empresas do estado\u201d, afirma Marilia Marton, secret\u00e1ria da Cultura, Economia e Ind\u00fastria Criativas do Estado de S\u00e3o Paulo.<\/p>\n<p>Em 2024, o CreativeSP esteve no Festival de Cinema de Berlim (Alemanha), no South by Southwest (EUA), na Game Developers Conference (EUA) e nos festivais de Cinema e Publicidade de Cannes (Fran\u00e7a), no Fringe (Esc\u00f3cia), na Gamescom (Alemanha), Feira do Livro de Frankfurt (Alemanha), Worldwide Music Expo-WOMEX (Inglaterra) e Ventana SUR (Uruguai). E o edital de chamamento para as a\u00e7\u00f5es do primeiro semestre de 2025 j\u00e1 est\u00e1 dispon\u00edvel:<a href=\"https:\/\/www.investe.sp.gov.br\/exporte\/creative-sp\/edicao-2025\/\" rel=\"noopener\"> https:\/\/www.investe.sp.gov.br\/exporte\/creative-sp\/edicao-2025\/<\/a><\/p>\n<h2 class=\"wp-block-heading\"><strong>S\u00e3o Paulo no SXSW<\/strong><\/h2>\n<p>O grande destaque entre as miss\u00f5es do CreativeSP neste ano foi a realiza\u00e7\u00e3o de uma a\u00e7\u00e3o in\u00e9dita no South by Southwest (SXSW), maior evento de inova\u00e7\u00e3o do mundo que aconteceu entre os dias 8 e 16 de mar\u00e7o, em Austin, nos EUA. O Governo de SP levou para o evento a Casa S\u00e3o Paulo, uma estrutura imponente, localizada em frente ao hangar principal do evento. O foco da a\u00e7\u00e3o foi promover S\u00e3o Paulo como o principal polo de inova\u00e7\u00e3o e economia criativa da Am\u00e9rica Latina, al\u00e9m de atrair investimentos estrangeiros.<\/p>\n<p>Mais de 10 mil pessoas, de 52 nacionalidades, passaram pela Casa. Diversos nomes renomados estavam entre os visitantes, como a futurista e especialista em tend\u00eancias tecnol\u00f3gicas, Amy Webb, que foi uma das palestrantes mais aguardadas do evento. Al\u00e9m dela, a renomada artista e ativista cultural, Maria Paula, o designer e criador de marcas ic\u00f4nicas, Fred Gelli, e o m\u00fasico e produtor de eventos culturais, Z\u00e9 Ricardo, tamb\u00e9m foram conhecer o espa\u00e7o.<\/p>\n<p>O Governo de SP j\u00e1 confirmou que a S\u00e3o Paulo House voltar\u00e1 ao SXSW em 2025, com an\u00fancio de novos espa\u00e7os que ser\u00e3o incorporados, al\u00e9m da amplia\u00e7\u00e3o daqueles que se destacaram. Com isso, o foco \u00e9 promover mais possibilidades de gera\u00e7\u00e3o de neg\u00f3cios e de visibilidade para as empresas e as a\u00e7\u00f5es do Estado.<\/p>\n<h2 class=\"wp-block-heading\"><strong>Sobre o programa<\/strong><\/h2>\n<p>O CreativeSP oferece um reembolso m\u00e1ximo de US$ 3 mil em despesas eleg\u00edveis, para custear at\u00e9 50% dos gastos das empresas selecionadas com a viagem. O programa ainda promove eventos de networking durante as miss\u00f5es e oferece a\u00e7\u00f5es de consultoria, monitoramento de resultados e acompanhamento p\u00f3s-evento. Al\u00e9m da gera\u00e7\u00e3o de neg\u00f3cios, a iniciativa busca promover S\u00e3o Paulo no cen\u00e1rio internacional, incentivar a troca de conhecimentos e atrair investimento estrangeiro para o Estado.<\/p>\n<h2 class=\"wp-block-heading\">S\u00e3o Paulo S\u00e3o Todos na Dire\u00e7\u00e3o Certa\u00a0<\/h2>\n<p>Em 2024, a administra\u00e7\u00e3o estadual trabalhou para trilhar um caminho que garante mais investimentos para gerar oportunidades, fomentar a prosperidade e garantir mais dignidade para as pessoas. O Governo de SP vem se tornando mais eficiente ao seguir as diretrizes do\u00a0<a href=\"https:\/\/www.spsaotodosnadirecaocerta.sp.gov.br\/\" target=\"_blank\" rel=\"noreferrer noopener\">plano SP na Dire\u00e7\u00e3o Cert<\/a><a href=\"https:\/\/www.agenciasp.sp.gov.br\/sp-na-direcao-certa-governo-define-diretrizes-para-ampliar-investimentos-e-eficiencia\/\" target=\"_blank\" rel=\"noreferrer noopener\">a<\/a>, focado em medidas de\u00a0<a href=\"https:\/\/www.agenciasp.sp.gov.br\/sp-na-direcao-certa-governo-define-diretrizes-para-ampliar-investimentos-e-eficiencia\/\" target=\"_blank\" rel=\"noreferrer noopener\">equil\u00edbrio fiscal e moderniza\u00e7\u00e3o do estado<\/a>.<\/p>\n<p>S\u00e3o Paulo atingiu maior marca dos \u00faltimos 25 anos em leil\u00f5es, com recorde de R$ 340 bilh\u00f5es em investimentos para escola, estradas, trilhos e saneamento desde o in\u00edcio da gest\u00e3o. Destaque para a hist\u00f3rica desestatiza\u00e7\u00e3o da Sabesp, que antecipa em 4 anos a universaliza\u00e7\u00e3o de \u00e1gua e esgoto em benef\u00edcio de milh\u00f5es de paulista e para o TIC Campinas, que ap\u00f3s 20 anos de espera est\u00e1 se tornando realidade. Na sa\u00fade, foram em m\u00e9dia 3,2 mil cirurgias di\u00e1rias, com redu\u00e7\u00e3o na espera em at\u00e9 82,6% para especialidades como reparadora de mamas e do aparelho circulat\u00f3rio. A educa\u00e7\u00e3o facilitou a entrada dos estudantes no ensino superior com 30 mil vagas no Prov\u00e3o Paulista.\u00a0<\/p>\n<p>Na seguran\u00e7a, o efetivo foi refor\u00e7ado com 7,8 mil novos policiais em 2024, maior crescimento dos \u00faltimos 14 anos. O movimento SP Por Todas integrou pol\u00edticas p\u00fablicas para sa\u00fade, seguran\u00e7a e independ\u00eancia da mulher pela 1\u00aa vez. O Casa Paulista, maior programa habitacional de SP, entregou mais de 50 mil casas. Com o apoio do Governo de S\u00e3o Paulo, o agro paulista se consolidou como o maior exportador do Brasil e liberou cerca de meio bilh\u00e3o em cr\u00e9dito.<\/p>\n<p>O Metr\u00f4 da capital atingiu o maior investimento em 50 anos com quatro obras de constru\u00e7\u00e3o e expans\u00e3o simult\u00e2neas. No Desenvolvimento Social, o Bom Prato serviu 3,2 milh\u00f5es de refei\u00e7\u00f5es por m\u00eas, com abertura de 20 novas unidades. O turismo recebeu o maior aporte em cr\u00e9ditos do pa\u00eds: R$ 2 bilh\u00f5es. E na Cultura, destaque para o CULTSP PRO, maior programa de forma\u00e7\u00e3o e qualifica\u00e7\u00e3o voltado ao setor cultural do Brasil, o maior programa de forma\u00e7\u00e3o e qualifica\u00e7\u00e3o do setor cultural e criativo do pa\u00eds.<\/p>\n<p>Leia mais sobre o balan\u00e7o no site\u00a0<a href=\"https:\/\/www.spsaotodosnadirecaocerta.sp.gov.br\/\" target=\"_blank\" rel=\"noreferrer noopener\">spsaotodosnadirecaocerta.sp.gov.br<\/a>.<\/p>\n<\/div>\n<p><br \/>\n<br \/><a href=\"https:\/\/www.agenciasp.sp.gov.br\/economia-criativa-missoes-internacionais-de-sp-geram-r-725-milhoes-em-potencial-de-negocios\/\" rel=\"noopener\">Informa\u00e7\u00f5es GOV.SP<\/a><\/p>\n","protected":false},"excerpt":{"rendered":"<p>O programa Creative SP, parceria da Secretaria da Cultura, Economia e Ind\u00fastria Criativas e da InvestSP (ag\u00eancia de promo\u00e7\u00e3o de investimentos vinculada \u00e0 Secretaria de Desenvolvimento Econ\u00f4mico), levou 103 empresas ao exterior no ano passado, gerando recorde de R$ 725 milh\u00f5es em neg\u00f3cios e movimentando 6.448 empregos diretos e indiretos. O n\u00famero \u00e9 superior a [&hellip;]<\/p>\n","protected":false},"author":1,"featured_media":20122,"comment_status":"open","ping_status":"open","sticky":false,"template":"","format":"standard","meta":{"_jetpack_newsletter_access":"","_jetpack_dont_email_post_to_subs":false,"_jetpack_newsletter_tier_id":0,"_jetpack_memberships_contains_paywalled_content":false,"_mbp_banners":[],"_jetpack_feature_clip_id":0,"_jetpack_memberships_contains_paid_content":false,"footnotes":"","jetpack_publicize_message":"","jetpack_publicize_feature_enabled":true,"jetpack_social_post_already_shared":true,"jetpack_social_options":{"image_generator_settings":{"template":"highway","default_image_id":0,"font":"","enabled":false},"version":2},"jetpack_post_was_ever_published":false},"categories":[21],"tags":[],"class_list":["post-20121","post","type-post","status-publish","format-standard","has-post-thumbnail","category-sp-news"],"jetpack_publicize_connections":[],"jetpack-related-posts":[],"jetpack_shortlink":"https:\/\/wp.me\/p7Eq1F-5ex","jetpack_sharing_enabled":true,"jetpack_featured_media_url":"https:\/\/i0.wp.com\/guialimeira.com.br\/news\/wp-content\/uploads\/2025\/01\/missoes-internacionais-geram-R-725-mi.jpg?fit=1140%2C705&ssl=1","_links":{"self":[{"href":"https:\/\/guialimeira.com.br\/news\/wp-json\/wp\/v2\/posts\/20121","targetHints":{"allow":["GET"]}}],"collection":[{"href":"https:\/\/guialimeira.com.br\/news\/wp-json\/wp\/v2\/posts"}],"about":[{"href":"https:\/\/guialimeira.com.br\/news\/wp-json\/wp\/v2\/types\/post"}],"author":[{"embeddable":true,"href":"https:\/\/guialimeira.com.br\/news\/wp-json\/wp\/v2\/users\/1"}],"replies":[{"embeddable":true,"href":"https:\/\/guialimeira.com.br\/news\/wp-json\/wp\/v2\/comments?post=20121"}],"version-history":[{"count":0,"href":"https:\/\/guialimeira.com.br\/news\/wp-json\/wp\/v2\/posts\/20121\/revisions"}],"wp:featuredmedia":[{"embeddable":true,"href":"https:\/\/guialimeira.com.br\/news\/wp-json\/wp\/v2\/media\/20122"}],"wp:attachment":[{"href":"https:\/\/guialimeira.com.br\/news\/wp-json\/wp\/v2\/media?parent=20121"}],"wp:term":[{"taxonomy":"category","embeddable":true,"href":"https:\/\/guialimeira.com.br\/news\/wp-json\/wp\/v2\/categories?post=20121"},{"taxonomy":"post_tag","embeddable":true,"href":"https:\/\/guialimeira.com.br\/news\/wp-json\/wp\/v2\/tags?post=20121"}],"curies":[{"name":"wp","href":"https:\/\/api.w.org\/{rel}","templated":true}]}}