{"id":20117,"date":"2025-01-06T16:58:21","date_gmt":"2025-01-06T19:58:21","guid":{"rendered":"https:\/\/guialimeira.com.br\/2025\/01\/06\/haddad-descarta-elevar-iof-para-conter-saida-de-dolares\/"},"modified":"2025-01-06T16:58:21","modified_gmt":"2025-01-06T19:58:21","slug":"haddad-descarta-elevar-iof-para-conter-saida-de-dolares","status":"publish","type":"post","link":"https:\/\/guialimeira.com.br\/news\/haddad-descarta-elevar-iof-para-conter-saida-de-dolares\/","title":{"rendered":"Haddad descarta elevar IOF para conter sa\u00edda de d\u00f3lares"},"content":{"rendered":"<p> <br \/>\n<\/p>\n<div>\n<p>O ministro da Fazenda, Fernando Haddad, negou nesta segunda-feira (6) a possibilidade de o governo federal elevar o Imposto sobre Opera\u00e7\u00f5es Financeiras (IOF) para segurar a alta do d\u00f3lar. Segundo o ministro, est\u00e1 acontecendo uma \u201cacomoda\u00e7\u00e3o\u201d no c\u00e2mbio no come\u00e7o de ano.<img data-recalc-dims=\"1\" decoding=\"async\" src=\"https:\/\/i0.wp.com\/agenciabrasil.ebc.com.br\/ebc.png?w=696&#038;ssl=1\" style=\"width:1px; height:1px; display:inline;\"\/><img data-recalc-dims=\"1\" decoding=\"async\" src=\"https:\/\/i0.wp.com\/agenciabrasil.ebc.com.br\/ebc.gif?w=696&#038;ssl=1\" style=\"width:1px; height:1px; display:inline;\"\/><\/p>\n<p>\u201cTem um processo de acomoda\u00e7\u00e3o natural [do c\u00e2mbio]. Houve um estresse no fim do ano passado no mundo todo e aqui tamb\u00e9m no Brasil\u201d, declarou o ministro ap\u00f3s retornar de <a href=\"https:\/\/agenciabrasil.ebc.com.br\/economia\/noticia\/2025-01\/haddad-suspende-ferias-para-discutir-orcamento-com-lula\" target=\"_blank\" rel=\"noopener\">encontro <\/a>com o presidente Luiz In\u00e1cio Lula da Silva para discutir o atraso no Or\u00e7amento de 2025.\u00a0<\/p>\n<p>Para Haddad, o arrefecimento da alta do d\u00f3lar decorre principalmente do mercado externo, ap\u00f3s o presidente eleito dos Estados Unidos, Donald Trump, dar declara\u00e7\u00f5es nesta segunda-feira que, segundo o ministro, \u201cmoderaram propostas feitas ao longo da campanha eleitoral\u201d.<\/p>\n<p>\u201c\u00c9 natural que as coisas se acomodem, mas n\u00e3o existe discuss\u00e3o sobre mudar o regime cambial no Brasil e nem de aumentar imposto com esse objetivo\u201d, declarou Haddad. \u201cEstamos recompondo a base fiscal do Estado brasileiro pelas propostas que est\u00e3o sendo endere\u00e7adas pelo Congresso Nacional\u201d, afirmou o ministro, negando que o governo pretenda usar o IOF para elevar a arrecada\u00e7\u00e3o.<\/p>\n<p>Atualmente, o sistema \u00e9 de c\u00e2mbio livre com flutua\u00e7\u00f5es \u201csujas\u201d, em que o Banco Central (BC) eventualmente interv\u00e9m no mercado em momentos de disfuncionalidade.<\/p>\n<h2>Imposto de Renda<\/h2>\n<p>Em rela\u00e7\u00e3o \u00e0 segunda fase da reforma tribut\u00e1ria, que prev\u00ea mudan\u00e7as no Imposto de Renda, o ministro da Fazenda declarou que a proposta de aumento da faixa de isen\u00e7\u00e3o para R$ 5 mil, em troca da cobran\u00e7a na fonte de uma al\u00edquota para quem recebe mais de R$ 50 mil, s\u00f3 ser\u00e1 enviada ap\u00f3s a elei\u00e7\u00e3o para os novos presidentes da C\u00e2mara e do Senado e da vota\u00e7\u00e3o do Or\u00e7amento de 2025 pelo Congresso.<\/p>\n<p>\u201cNossa prioridade neste momento \u00e9 a vota\u00e7\u00e3o do Or\u00e7amento\u201d, declarou. \u201cMas a discuss\u00e3o [sobre o Imposto de Renda] est\u00e1 programada para 2025 e ela tem de acontecer em 2025\u201d, completou.<\/p>\n<p>Em caf\u00e9 da manh\u00e3 com jornalistas em 20 de dezembro, Haddad afirmou que \u201cinconsist\u00eancias\u201d nos modelos estat\u00edsticos da Receita relativas ao Imposto de Renda Pessoa Jur\u00eddica (IRPJ) a<a href=\"https:\/\/agenciabrasil.ebc.com.br\/economia\/noticia\/2024-12\/reforma-da-renda-nao-foi-enviada-por-causa-de-novos-calculos-no-irpj\" target=\"_blank\" rel=\"noopener\">trasaram o envio do projeto de lei ao Congresso<\/a>. O ministro disse que receber\u00e1 nesta segunda-feira as informa\u00e7\u00f5es da Receita Federal sobre os ajustes nos c\u00e1lculos.<\/p>\n<p>      <!-- Relacionada --><\/p>\n<p>            <!-- Relacionada -->\n    <\/div>\n<p><br \/>\n<br \/><a href=\"https:\/\/agenciabrasil.ebc.com.br\/economia\/noticia\/2025-01\/haddad-descarta-elevar-iof-para-conter-saida-de-dolares\" rel=\"noopener\">Ag\u00eancia Brasil<\/a><\/p>\n","protected":false},"excerpt":{"rendered":"<p>O ministro da Fazenda, Fernando Haddad, negou nesta segunda-feira (6) a possibilidade de o governo federal elevar o Imposto sobre Opera\u00e7\u00f5es Financeiras (IOF) para segurar a alta do d\u00f3lar. Segundo o ministro, est\u00e1 acontecendo uma \u201cacomoda\u00e7\u00e3o\u201d no c\u00e2mbio no come\u00e7o de ano. \u201cTem um processo de acomoda\u00e7\u00e3o natural [do c\u00e2mbio]. Houve um estresse no fim [&hellip;]<\/p>\n","protected":false},"author":1,"featured_media":19877,"comment_status":"open","ping_status":"open","sticky":false,"template":"","format":"standard","meta":{"_jetpack_newsletter_access":"","_jetpack_dont_email_post_to_subs":false,"_jetpack_newsletter_tier_id":0,"_jetpack_memberships_contains_paywalled_content":false,"_mbp_banners":[],"_jetpack_feature_clip_id":0,"_jetpack_memberships_contains_paid_content":false,"footnotes":"","jetpack_publicize_message":"","jetpack_publicize_feature_enabled":true,"jetpack_social_post_already_shared":true,"jetpack_social_options":{"image_generator_settings":{"template":"highway","default_image_id":0,"font":"","enabled":false},"version":2},"jetpack_post_was_ever_published":false},"categories":[24],"tags":[],"class_list":["post-20117","post","type-post","status-publish","format-standard","has-post-thumbnail","category-economia"],"jetpack_publicize_connections":[],"jetpack-related-posts":[],"jetpack_shortlink":"https:\/\/wp.me\/p7Eq1F-5et","jetpack_sharing_enabled":true,"jetpack_featured_media_url":"https:\/\/i0.wp.com\/guialimeira.com.br\/news\/wp-content\/uploads\/2024\/12\/pzzb6874.jpg?fit=1600%2C800&ssl=1","_links":{"self":[{"href":"https:\/\/guialimeira.com.br\/news\/wp-json\/wp\/v2\/posts\/20117","targetHints":{"allow":["GET"]}}],"collection":[{"href":"https:\/\/guialimeira.com.br\/news\/wp-json\/wp\/v2\/posts"}],"about":[{"href":"https:\/\/guialimeira.com.br\/news\/wp-json\/wp\/v2\/types\/post"}],"author":[{"embeddable":true,"href":"https:\/\/guialimeira.com.br\/news\/wp-json\/wp\/v2\/users\/1"}],"replies":[{"embeddable":true,"href":"https:\/\/guialimeira.com.br\/news\/wp-json\/wp\/v2\/comments?post=20117"}],"version-history":[{"count":0,"href":"https:\/\/guialimeira.com.br\/news\/wp-json\/wp\/v2\/posts\/20117\/revisions"}],"wp:featuredmedia":[{"embeddable":true,"href":"https:\/\/guialimeira.com.br\/news\/wp-json\/wp\/v2\/media\/19877"}],"wp:attachment":[{"href":"https:\/\/guialimeira.com.br\/news\/wp-json\/wp\/v2\/media?parent=20117"}],"wp:term":[{"taxonomy":"category","embeddable":true,"href":"https:\/\/guialimeira.com.br\/news\/wp-json\/wp\/v2\/categories?post=20117"},{"taxonomy":"post_tag","embeddable":true,"href":"https:\/\/guialimeira.com.br\/news\/wp-json\/wp\/v2\/tags?post=20117"}],"curies":[{"name":"wp","href":"https:\/\/api.w.org\/{rel}","templated":true}]}}