{"id":20116,"date":"2025-01-06T16:53:13","date_gmt":"2025-01-06T19:53:13","guid":{"rendered":"https:\/\/guialimeira.com.br\/2025\/01\/06\/nos-eua-opositor-da-venezuela-pede-acao-de-militares-contra-maduro\/"},"modified":"2025-01-06T16:53:13","modified_gmt":"2025-01-06T19:53:13","slug":"nos-eua-opositor-da-venezuela-pede-acao-de-militares-contra-maduro","status":"publish","type":"post","link":"https:\/\/guialimeira.com.br\/news\/nos-eua-opositor-da-venezuela-pede-acao-de-militares-contra-maduro\/","title":{"rendered":"Nos EUA, opositor da Venezuela pede a\u00e7\u00e3o de militares contra Maduro"},"content":{"rendered":"<p> <br \/>\n<\/p>\n<div>\n<p>Em viagem aos Estados Unidos (EUA), o opositor venezuelano Edmundo Gonzalez Urrutia divulgou v\u00eddeo direcionado \u00e0 For\u00e7a Armada Nacional Bolivariana da Venezuela, na noite desse domingo (5), pedindo que os militares garantam a posse dele pr\u00f3prio no dia 10 de janeiro, tomando medidas contra o governo de Nicol\u00e1s Maduro.<img data-recalc-dims=\"1\" decoding=\"async\" src=\"https:\/\/i0.wp.com\/agenciabrasil.ebc.com.br\/ebc.png?w=696&#038;ssl=1\" style=\"width:1px; height:1px; display:inline;\"\/><img data-recalc-dims=\"1\" decoding=\"async\" src=\"https:\/\/i0.wp.com\/agenciabrasil.ebc.com.br\/ebc.gif?w=696&#038;ssl=1\" style=\"width:1px; height:1px; display:inline;\"\/><\/p>\n<p>\u201cEm 10 de janeiro, por vontade soberana do povo venezuelano, eu devo assumir o cargo de comandante chefe com a responsabilidade de proteger nossas fam\u00edlias e dirigir nossos esfor\u00e7os at\u00e9 um futuro de bem-estar e prosperidade para todos os venezuelanos. Nossa For\u00e7a Armada Nacional est\u00e1 chamada a ser a garantia da soberania e do respeito \u00e0 vontade popular\u201d, afirmou Gonz\u00e1lez, que sustenta ser o vencedor da elei\u00e7\u00e3o presidencial do dia 28 de junho de 2024.<\/p>\n<p>Em resposta, o ministro da Defesa da Venezuela, Vladimir Sobrino L\u00f3pez, divulgou comunicado nesta segunda-feira (6) afirmando que a mensagem de Gonz\u00e1lez \u00e9 \u201crid\u00edcula\u201d.<\/p>\n<p>\u201cRejeitamos, categ\u00f3rica e veementemente, este ato palha\u00e7o e buf\u00e3o de politicagem desprez\u00edvel que n\u00e3o ter\u00e1 o menor impacto na robusta consci\u00eancia patri\u00f3tica e revolucion\u00e1ria das For\u00e7as Armadas Nacionais Bolivarianas, que, em perfeita fus\u00e3o popular-militar-policial, defender\u00e3o com todas as for\u00e7as a Constitui\u00e7\u00e3o\u201d, afirmou L\u00f3pez, ressaltando que os militares reconhecem a vit\u00f3ria de Maduro na \u00faltima elei\u00e7\u00e3o presidencial.<\/p>\n<p>Antes da posse do presidente Nicol\u00e1s Maduro para o terceiro mandato 2025-2031, prevista para esta sexta-feira (10), o\u00a0opositor Edmundo Gonz\u00e1lez <a href=\"https:\/\/agenciabrasil.ebc.com.br\/internacional\/noticia\/2025-01\/venezuela-oferece-us-100-mil-por-prisao-de-opositor-de-maduro\" target=\"_blank\" rel=\"noopener\">visita pa\u00edses\u00a0que o apoiam<\/a>. Neste fim\u00a0de semana, Gonz\u00e1lez foi recebido pelos presidentes da Argentina, Javier Milei, e do Uruguai, Luis Lacalle Pou. Al\u00e9m disso, conversou por v\u00eddeo confer\u00eancia com o presidente do Paraguai, Santiago Pe\u00f1a.<\/p>\n<p>Nesta segunda-feira (6), Edmundo se reuniu com o presidente dos EUA, Joe Biden, e afirmou estar em contato com o presidente eleito Donald Trump, informou a Reuters.<\/p>\n<h2>Pris\u00e3o<\/h2>\n<p>Enquanto Edmundo tenta mobilizar apoio internacional contra a posse de Maduro, o governo da Venezuela afirmou que ele ser\u00e1 preso caso entre no pa\u00eds. Inicialmente\u00a0<a href=\"https:\/\/agenciabrasil.ebc.com.br\/internacional\/noticia\/2024-09\/opositor-edmundo-gonzalez-deixa-venezuela-e-recebe-asilo-na-espanha\" target=\"_blank\" rel=\"noopener\">exilado na Espanha<\/a>, o candidato opositor que disputou \u00e0s elei\u00e7\u00f5es contra Maduro promete voltar ao pa\u00eds para o dia 10 de janeiro.\u00a0<\/p>\n<p>O ministro do Interior da Venezuela, Diosdado Cabello, afirmou \u00e0 imprensa nesta segunda-feira (6) que a oposi\u00e7\u00e3o financia mercen\u00e1rios para desestabilizar o pa\u00eds e tentar tomar o poder. Al\u00e9m disso, o dirigente chavista ironizou o pedido de Gonz\u00e1lez para os militares atuarem contra o governo Maduro.<\/p>\n<p>\u201cSe Edmundo Gonz\u00e1lez Urrutia puser\u00a0um p\u00e9 na Venezuela ser\u00e1 preso e julgado pela Justi\u00e7a e os que venham com ele, o acompanhar\u00e3o. H\u00e1 espa\u00e7o para todos\u201d, disse Cabello, acrescentando que \u201cquem tratar de subverter a ordem vai receber todo o castigo, com uma resposta exemplar, mas contundente\u201d.<\/p>\n<p>Autoridades venezuelanas oferecem US$ 100 mil por informa\u00e7\u00f5es que levem a captura de Gonz\u00e1lez, acusado de diversos crimes, entre eles, tentativa de golpe de Estado por n\u00e3o reconhecer o resultado oficial das elei\u00e7\u00f5es de 2024.\u00a0<\/p>\n<p>A oposi\u00e7\u00e3o venezuelana tem convocado manifesta\u00e7\u00f5es para a pr\u00f3xima quinta-feira (9). Por sua vez, os chavistas t\u00eam convocados atos para o dia da posse para apoiar a nomea\u00e7\u00e3o de Maduro.<\/p>\n<h2>Entenda<\/h2>\n<p>A oposi\u00e7\u00e3o da Venezuela e parte da comunidade internacional, como Estados Unidos e a Uni\u00e3o Europeia, al\u00e9m de organismos internacionais e eleitorais, t\u00eam apontado que a elei\u00e7\u00e3o venezuelana descumpriu as regras do pa\u00eds ao <a href=\"https:\/\/agenciabrasil.ebc.com.br\/internacional\/noticia\/2024-09\/vence-prazo-de-30-dias-para-venezuela-publicar-dados-eleitorais\" target=\"_blank\" rel=\"noopener\">n\u00e3o realizar auditorias previstas<\/a> e n\u00e3o divulgar os dados por mesa eleitoral, como sempre ocorreu.\u00a0<\/p>\n<p>Os atos que contestaram o resultado eleitoral ap\u00f3s o dia 28 de julho de 2024 levaram a dezenas de mortes e mais de 2 mil presos. Nas \u00faltimas semanas, a justi\u00e7a venezuelana liberou mais de mil detidos nas manifesta\u00e7\u00f5es.<\/p>\n<p>Por sua vez, o governo defende que as elei\u00e7\u00f5es foram <a href=\"https:\/\/agenciabrasil.ebc.com.br\/internacional\/noticia\/2024-08\/supremo-da-venezuela-ratifica-reeleicao-de-maduro-em-decisao-final\" target=\"_blank\" rel=\"noopener\">ratificadas pelas institui\u00e7\u00f5es do pa\u00eds<\/a>, tanto o Conselho Nacional Eleitoral (CNE), quanto o Tribunal Supremo de Justi\u00e7a (TSJ). Com isso, tem exigido que a oposi\u00e7\u00e3o respeite a decis\u00e3o dos tribunais e que os governos estrangeiros n\u00e3o interfiram nas quest\u00f5es internas da Venezuela.\u00a0<\/p>\n<p>      <!-- Relacionada --><\/p>\n<p>            <!-- Relacionada -->\n    <\/div>\n<p><br \/>\n<br \/><a href=\"https:\/\/agenciabrasil.ebc.com.br\/internacional\/noticia\/2025-01\/nos-eua-opositor-da-venezuela-pede-acao-de-militares-contra-maduro\" rel=\"noopener\">Ag\u00eancia Brasil <\/a><\/p>\n","protected":false},"excerpt":{"rendered":"<p>Em viagem aos Estados Unidos (EUA), o opositor venezuelano Edmundo Gonzalez Urrutia divulgou v\u00eddeo direcionado \u00e0 For\u00e7a Armada Nacional Bolivariana da Venezuela, na noite desse domingo (5), pedindo que os militares garantam a posse dele pr\u00f3prio no dia 10 de janeiro, tomando medidas contra o governo de Nicol\u00e1s Maduro. \u201cEm 10 de janeiro, por vontade [&hellip;]<\/p>\n","protected":false},"author":1,"featured_media":11180,"comment_status":"open","ping_status":"open","sticky":false,"template":"","format":"standard","meta":{"_jetpack_newsletter_access":"","_jetpack_dont_email_post_to_subs":false,"_jetpack_newsletter_tier_id":0,"_jetpack_memberships_contains_paywalled_content":false,"_mbp_banners":[],"_jetpack_feature_clip_id":0,"_jetpack_memberships_contains_paid_content":false,"footnotes":"","jetpack_publicize_message":"","jetpack_publicize_feature_enabled":true,"jetpack_social_post_already_shared":true,"jetpack_social_options":{"image_generator_settings":{"template":"highway","default_image_id":0,"font":"","enabled":false},"version":2},"jetpack_post_was_ever_published":false},"categories":[25],"tags":[],"class_list":["post-20116","post","type-post","status-publish","format-standard","has-post-thumbnail","category-internacional"],"jetpack_publicize_connections":[],"jetpack-related-posts":[],"jetpack_shortlink":"https:\/\/wp.me\/p7Eq1F-5es","jetpack_sharing_enabled":true,"jetpack_featured_media_url":"https:\/\/i0.wp.com\/guialimeira.com.br\/news\/wp-content\/uploads\/2024\/07\/2024-07-28t112925z_1254787420_rc2a49ab9r1l_rtrmadp_3_venezuela-election.jpg?fit=1600%2C800&ssl=1","_links":{"self":[{"href":"https:\/\/guialimeira.com.br\/news\/wp-json\/wp\/v2\/posts\/20116","targetHints":{"allow":["GET"]}}],"collection":[{"href":"https:\/\/guialimeira.com.br\/news\/wp-json\/wp\/v2\/posts"}],"about":[{"href":"https:\/\/guialimeira.com.br\/news\/wp-json\/wp\/v2\/types\/post"}],"author":[{"embeddable":true,"href":"https:\/\/guialimeira.com.br\/news\/wp-json\/wp\/v2\/users\/1"}],"replies":[{"embeddable":true,"href":"https:\/\/guialimeira.com.br\/news\/wp-json\/wp\/v2\/comments?post=20116"}],"version-history":[{"count":0,"href":"https:\/\/guialimeira.com.br\/news\/wp-json\/wp\/v2\/posts\/20116\/revisions"}],"wp:featuredmedia":[{"embeddable":true,"href":"https:\/\/guialimeira.com.br\/news\/wp-json\/wp\/v2\/media\/11180"}],"wp:attachment":[{"href":"https:\/\/guialimeira.com.br\/news\/wp-json\/wp\/v2\/media?parent=20116"}],"wp:term":[{"taxonomy":"category","embeddable":true,"href":"https:\/\/guialimeira.com.br\/news\/wp-json\/wp\/v2\/categories?post=20116"},{"taxonomy":"post_tag","embeddable":true,"href":"https:\/\/guialimeira.com.br\/news\/wp-json\/wp\/v2\/tags?post=20116"}],"curies":[{"name":"wp","href":"https:\/\/api.w.org\/{rel}","templated":true}]}}