{"id":20104,"date":"2025-01-06T15:52:28","date_gmt":"2025-01-06T18:52:28","guid":{"rendered":"https:\/\/guialimeira.com.br\/2025\/01\/06\/premie-do-canada-diz-que-deixara-cargo-apos-nomeacao-de-novo-lider\/"},"modified":"2025-01-06T15:52:28","modified_gmt":"2025-01-06T18:52:28","slug":"premie-do-canada-diz-que-deixara-cargo-apos-nomeacao-de-novo-lider","status":"publish","type":"post","link":"https:\/\/guialimeira.com.br\/news\/premie-do-canada-diz-que-deixara-cargo-apos-nomeacao-de-novo-lider\/","title":{"rendered":"Premi\u00ea do Canad\u00e1 diz que deixar\u00e1 cargo ap\u00f3s nomea\u00e7\u00e3o de novo l\u00edder"},"content":{"rendered":"<p> <br \/>\n<\/p>\n<div>\n<p>O primeiro-ministro canadense, Justin Trudeau, anunciou nesta segunda-feira (6) que pretende renunciar \u00e0 lideran\u00e7a dos liberais, ap\u00f3s nove anos no cargo, mas permanecer\u00e1 no posto at\u00e9 que o partido escolha um substituto.<img data-recalc-dims=\"1\" decoding=\"async\" src=\"https:\/\/i0.wp.com\/agenciabrasil.ebc.com.br\/ebc.png?w=696&#038;ssl=1\" style=\"width:1px; height:1px; display:inline;\"\/><img data-recalc-dims=\"1\" decoding=\"async\" src=\"https:\/\/i0.wp.com\/agenciabrasil.ebc.com.br\/ebc.gif?w=696&#038;ssl=1\" style=\"width:1px; height:1px; display:inline;\"\/><\/p>\n<p>Trudeau, sob forte press\u00e3o dos parlamentares liberais para renunciar em meio a pesquisas que mostram que o partido ser\u00e1 esmagado na pr\u00f3xima elei\u00e7\u00e3o, disse em uma coletiva de imprensa que o Parlamento estar\u00e1 suspenso at\u00e9 mar\u00e7o.<\/p>\n<p>Isso significa que Trudeau ainda ser\u00e1 o primeiro-ministro em 20 de janeiro, quando o presidente eleito dos EUA, Donald Trump, assumir o cargo. Trump amea\u00e7ou impor tarifas que prejudicariam a economia do Canad\u00e1.<\/p>\n<p>&#8220;Pretendo renunciar como l\u00edder do partido, como primeiro-ministro depois que o partido selecionar seu pr\u00f3ximo l\u00edder por meio de um processo competitivo robusto e de \u00e2mbito nacional&#8221;, disse Trudeau. &#8220;Este pa\u00eds merece uma escolha real na pr\u00f3xima elei\u00e7\u00e3o, e ficou claro para mim que, se eu tiver que travar batalhas internas, n\u00e3o poderei ser a melhor op\u00e7\u00e3o nessa elei\u00e7\u00e3o.&#8221;<\/p>\n<p>Trudeau, de 53 anos, assumiu o cargo em novembro de 2015 e foi reeleito duas vezes, tornando-se um dos primeiros-ministros mais longevos do Canad\u00e1.<\/p>\n<p>Mas sua popularidade come\u00e7ou a cair h\u00e1 dois anos em meio \u00e0 raiva do p\u00fablico em rela\u00e7\u00e3o aos pre\u00e7os altos e \u00e0 escassez de moradias, e nunca se recuperou.<\/p>\n<p>As pesquisas mostram que os liberais perder\u00e3o com folga para os conservadores da oposi\u00e7\u00e3o oficial em uma elei\u00e7\u00e3o que deve ser realizada at\u00e9 o final de outubro, independentemente de quem seja o l\u00edder.<\/p>\n<p>O Parlamento deveria retornar em 27 de janeiro e os partidos de oposi\u00e7\u00e3o prometeram derrubar o governo assim que pudessem, provavelmente no final de mar\u00e7o. Mas se o Parlamento n\u00e3o retornar at\u00e9 24 de mar\u00e7o, o mais cedo que eles poderiam apresentar uma mo\u00e7\u00e3o de desconfian\u00e7a seria em algum momento de maio.<\/p>\n<p>At\u00e9 recentemente, Trudeau havia conseguido afastar os parlamentares liberais preocupados com o fraco desempenho nas pesquisas e com a perda de cadeiras seguras em duas elei\u00e7\u00f5es especiais no ano passado.<\/p>\n<p>Mas os apelos para que ele se afastasse aumentaram muito desde o m\u00eas passado, quando ele tentou rebaixar a ministra das Finan\u00e7as, Chrystia Freeland, uma de suas aliadas mais pr\u00f3ximas no gabinete, depois que ela se op\u00f4s \u00e0s suas propostas de mais gastos.<\/p>\n<p>Em vez disso, Freeland pediu demiss\u00e3o e escreveu uma carta acusando Trudeau de &#8220;artif\u00edcios pol\u00edticos&#8221; em vez de se concentrar no que \u00e9 melhor para o pa\u00eds.<\/p>\n<p>Os conservadores s\u00e3o liderados por Pierre Poilievre, um pol\u00edtico de carreira que ganhou destaque no in\u00edcio de 2022 quando apoiou os motoristas de caminh\u00e3o que tomaram o centro de Ottawa como parte de um protesto contra os mandatos de vacina contra a Covid-19.<\/p>\n<p><em>* \u00c9 proibida a reprodu\u00e7\u00e3o deste conte\u00fado<\/em><\/p>\n<p>      <!-- Relacionada --><br \/>\n            <!-- Relacionada -->\n    <\/div>\n<p><br \/>\n<br \/><a href=\"https:\/\/agenciabrasil.ebc.com.br\/internacional\/noticia\/2025-01\/premie-do-canada-diz-que-deixara-cargo-apos-nomeacao-de-novo-lider\" rel=\"noopener\">Ag\u00eancia Brasil <\/a><\/p>\n","protected":false},"excerpt":{"rendered":"<p>O primeiro-ministro canadense, Justin Trudeau, anunciou nesta segunda-feira (6) que pretende renunciar \u00e0 lideran\u00e7a dos liberais, ap\u00f3s nove anos no cargo, mas permanecer\u00e1 no posto at\u00e9 que o partido escolha um substituto. Trudeau, sob forte press\u00e3o dos parlamentares liberais para renunciar em meio a pesquisas que mostram que o partido ser\u00e1 esmagado na pr\u00f3xima elei\u00e7\u00e3o, [&hellip;]<\/p>\n","protected":false},"author":1,"featured_media":20105,"comment_status":"open","ping_status":"open","sticky":false,"template":"","format":"standard","meta":{"_jetpack_newsletter_access":"","_jetpack_dont_email_post_to_subs":false,"_jetpack_newsletter_tier_id":0,"_jetpack_memberships_contains_paywalled_content":false,"_mbp_banners":[],"_jetpack_feature_clip_id":0,"_jetpack_memberships_contains_paid_content":false,"footnotes":"","jetpack_publicize_message":"","jetpack_publicize_feature_enabled":true,"jetpack_social_post_already_shared":true,"jetpack_social_options":{"image_generator_settings":{"template":"highway","default_image_id":0,"font":"","enabled":false},"version":2},"jetpack_post_was_ever_published":false},"categories":[25],"tags":[],"class_list":["post-20104","post","type-post","status-publish","format-standard","has-post-thumbnail","category-internacional"],"jetpack_publicize_connections":[],"jetpack-related-posts":[],"jetpack_shortlink":"https:\/\/wp.me\/p7Eq1F-5eg","jetpack_sharing_enabled":true,"jetpack_featured_media_url":"https:\/\/i0.wp.com\/guialimeira.com.br\/news\/wp-content\/uploads\/2025\/01\/2025-01-06t172631z_2126164745_rc2b4cajyllb_rtrmadp_3_canada-politics.jpg?fit=1600%2C800&ssl=1","_links":{"self":[{"href":"https:\/\/guialimeira.com.br\/news\/wp-json\/wp\/v2\/posts\/20104","targetHints":{"allow":["GET"]}}],"collection":[{"href":"https:\/\/guialimeira.com.br\/news\/wp-json\/wp\/v2\/posts"}],"about":[{"href":"https:\/\/guialimeira.com.br\/news\/wp-json\/wp\/v2\/types\/post"}],"author":[{"embeddable":true,"href":"https:\/\/guialimeira.com.br\/news\/wp-json\/wp\/v2\/users\/1"}],"replies":[{"embeddable":true,"href":"https:\/\/guialimeira.com.br\/news\/wp-json\/wp\/v2\/comments?post=20104"}],"version-history":[{"count":0,"href":"https:\/\/guialimeira.com.br\/news\/wp-json\/wp\/v2\/posts\/20104\/revisions"}],"wp:featuredmedia":[{"embeddable":true,"href":"https:\/\/guialimeira.com.br\/news\/wp-json\/wp\/v2\/media\/20105"}],"wp:attachment":[{"href":"https:\/\/guialimeira.com.br\/news\/wp-json\/wp\/v2\/media?parent=20104"}],"wp:term":[{"taxonomy":"category","embeddable":true,"href":"https:\/\/guialimeira.com.br\/news\/wp-json\/wp\/v2\/categories?post=20104"},{"taxonomy":"post_tag","embeddable":true,"href":"https:\/\/guialimeira.com.br\/news\/wp-json\/wp\/v2\/tags?post=20104"}],"curies":[{"name":"wp","href":"https:\/\/api.w.org\/{rel}","templated":true}]}}