{"id":20096,"date":"2025-01-06T13:50:22","date_gmt":"2025-01-06T16:50:22","guid":{"rendered":"https:\/\/guialimeira.com.br\/2025\/01\/06\/soldado-de-israel-acusado-de-crimes-em-gaza-ja-deixou-o-brasil\/"},"modified":"2025-01-06T13:50:22","modified_gmt":"2025-01-06T16:50:22","slug":"soldado-de-israel-acusado-de-crimes-em-gaza-ja-deixou-o-brasil","status":"publish","type":"post","link":"https:\/\/guialimeira.com.br\/news\/soldado-de-israel-acusado-de-crimes-em-gaza-ja-deixou-o-brasil\/","title":{"rendered":"Soldado de Israel acusado de crimes em Gaza j\u00e1 deixou o Brasil"},"content":{"rendered":"<p> <br \/>\n<\/p>\n<div>\n<p>O soldado israelense Yuval Vagdani, denunciado por crimes de guerra na Faixa de Gaza, deixou o Brasil neste fim de semana ap\u00f3s a Justi\u00e7a Federal do Distrito Federal determinar a apura\u00e7\u00e3o dos supostos crimes de guerra cometidos pelo militar.<img data-recalc-dims=\"1\" decoding=\"async\" src=\"https:\/\/i0.wp.com\/agenciabrasil.ebc.com.br\/ebc.png?w=696&#038;ssl=1\" style=\"width:1px; height:1px; display:inline;\"\/><img data-recalc-dims=\"1\" decoding=\"async\" src=\"https:\/\/i0.wp.com\/agenciabrasil.ebc.com.br\/ebc.gif?w=696&#038;ssl=1\" style=\"width:1px; height:1px; display:inline;\"\/><\/p>\n<p>A r\u00e1dio oficial do ex\u00e9rcito israelense informou que o governo de Tel Aviv acompanhou todo o trajeto para sa\u00edda do militar do pa\u00eds, j\u00e1 a Embaixada de Israel no Brasil informou que o suspeito saiu por contra pr\u00f3pria.<\/p>\n<p>Vagdani foi alvo de uma a\u00e7\u00e3o da organiza\u00e7\u00e3o n\u00e3o governamental (Ong) Hind Rajab Foudation (HRF), que atua para responsabilizar o Estado de Israel em supostas viola\u00e7\u00f5es de direitos humanos contra os palestinos. A organiza\u00e7\u00e3o acionou a Justi\u00e7a brasileira contra o militar, que expediu decis\u00e3o de investigar o soldado. Em seguida, ele deixou o pa\u00eds.<\/p>\n<p>Passando f\u00e9rias nas praias de Morro de S\u00e3o Paulo, na Bahia, Vagdani foi acusado pela HRF de participar de demoli\u00e7\u00f5es massivas de casas civis em Gaza. A organiza\u00e7\u00e3o usou filmagens, dados de geolocaliza\u00e7\u00e3o e fotografias do suspeito plantando explosivos para destrui\u00e7\u00e3o de bairros inteiros.<\/p>\n<p>\u201cEsses materiais provam, sem sombra de d\u00favida, o envolvimento direto do suspeito nesses atos hediondos. Esses atos s\u00e3o parte de um esfor\u00e7o mais amplo para impor condi\u00e7\u00f5es de vida insuport\u00e1veis \u200b\u200ba civis palestinos, constituindo genoc\u00eddio e crimes contra a humanidade sob o direito internacional\u201d, argumentou a organiza\u00e7\u00e3o.<\/p>\n<p>A funda\u00e7\u00e3o internacional pediu a pris\u00e3o imediata do suspeito, citando o risco de fuga e a potencial destrui\u00e7\u00e3o de evid\u00eancias. A a\u00e7\u00e3o usou como base o Estatuto de Roma, acordo internacional que o Brasil assinou e que obriga os pa\u00edses a agirem em casos de crimes contra a humanidade, crimes de guerra e genoc\u00eddio.<\/p>\n<p>Ap\u00f3s a decis\u00e3o de investigar o soldado israelense, a principal advogada do HRF, Ma\u00edra Pinheiro, denunciou ter sofrido amea\u00e7as contra a vida dela. \u201cEstou sendo amea\u00e7ado no exerc\u00edcio da minha profiss\u00e3o. Est\u00e3o amea\u00e7ando at\u00e9 a minha filha\u201d, afirmou em uma rede social, acrescentando que todas as amea\u00e7as foram encaminhadas \u00e0 Pol\u00edcia Federal.<\/p>\n<h2>Israel reage<\/h2>\n<p>Por meio de nota, a embaixada de Israel no Brasil afirmou que existe uma campanha global contra Israel e seus soldados, \u201cutilizando den\u00fancias para avan\u00e7ar objetivos pol\u00edticos\u201d.<\/p>\n<p>Segundo a representa\u00e7\u00e3o israelense, \u201co peticion\u00e1rio representa uma organiza\u00e7\u00e3o estrangeira e est\u00e1 explorando de forma c\u00ednica os sistemas legais para fomentar uma narrativa anti-Israel tanto globalmente quanto no Brasil, apesar de saber plenamente que as alega\u00e7\u00f5es carecem de qualquer fundamento legal\u201d.<\/p>\n<p>A r\u00e1dio oficial do ex\u00e9rcito israelense informou, por meio de uma rede social, que o <a href=\"https:\/\/x.com\/GLZRadio\/status\/1875887895313260998\u00a0\" target=\"_blank\">Minist\u00e9rio das Rela\u00e7\u00f5es Exteriores de Israel <\/a>acompanhou o soldado \u201cdurante todo o incidente at\u00e9 sua sa\u00edda r\u00e1pida e segura do Brasil\u201d.\u00a0<\/p>\n<p>Por sua vez, a organiza\u00e7\u00e3o palestina brasileira Fepal (Federa\u00e7\u00e3o \u00c1rabe Palestina do Brasil) acusou o governo israelense e a embaixada do pa\u00eds no Brasil de promover a fuga do acusado. \u201cHouve uma ofensa severa \u00e0 soberania do Estado brasileiro por um Estado investigado por genoc\u00eddio, crimes de guerra, crime de Apartheid e colonialismo\u201d, afirma Ualid Rabah, presidente da Fepal.<\/p>\n<p>Indagada, a embaixada de Israel negou participa\u00e7\u00e3o na sa\u00edda do militar do pa\u00eds. \u201cO soldado decidiu deixar o pa\u00eds, e fez isso por decis\u00e3o e conta pr\u00f3pria\u201d, informou a representa\u00e7\u00e3o israelense no Brasil.<\/p>\n<h2>Repercuss\u00e3o em Israel<\/h2>\n<p>O caso ganhou repercuss\u00e3o em Israel. O <a href=\"https:\/\/www.haaretz.com\/israel-news\/haaretz-today\/2025-01-05\/ty-article\/.highlight\/how-a-war-crimes-arrest-warrant-in-brazil-sent-israel-into-panic-mode\/00000194-36a8-ddaf-adb7-7fa880340000\" target=\"_blank\" rel=\"noopener\">principal jornal do pa\u00eds \u2013 o Haaretz \u2013 publicou artigo neste domingo (5)<\/a> intitulado \u201cComo um mandado de pris\u00e3o por crimes de guerra no Brasil deixou Israel em p\u00e2nico\u201d.\u00a0<\/p>\n<p>O epis\u00f3dio serviu para o l\u00edder da oposi\u00e7\u00e3o do pa\u00eds, Yair Lapid, acusar o governo de n\u00e3o saber proteger os militares israelenses no exterior. \u201cO fato de um reservista israelense ter tido que fugir do Brasil na calada da noite para evitar ser preso por combater em Gaza \u00e9 um fracasso pol\u00edtico colossal de um<a href=\"https:\/\/x.com\/yairlapid\/status\/1875811672784343071\" target=\"_blank\"> governo irrespons\u00e1vel que simplesmente n\u00e3o sabe como trabalhar<\/a>. N\u00e3o pode ser que os soldados tenham medo de viajar para o exterior por medo de serem presos\u201d, afirmou.\u00a0<\/p>\n<p>Em resposta, o ministro das rela\u00e7\u00f5es exteriores de Israel, Gideon Sa\u2019ar, rebateu Lapid chamando-o de \u201ccharlat\u00e3o\u201d. O <a href=\"https:\/\/x.com\/gidonsaar\/status\/1875823845061296243\" target=\"_blank\">chanceler justificou que existe um sistema \u201canti-semita<\/a> cujo objetivo \u00e9 negar o direito de Israel \u00e0 autodefesa\u201d.\u00a0<\/p>\n<h2>Entenda<\/h2>\n<p>Israel vem sendo acusado pela \u00c1frica do Sul na <a href=\"https:\/\/agenciabrasil.ebc.com.br\/internacional\/noticia\/2024-01\/em-haia-africa-do-sul-diz-que-israel-promove-colonizacao-e-genocidio\" target=\"_blank\" rel=\"noopener\">Corte Internacional de Justi\u00e7a (CIJ), principal tribunal das Na\u00e7\u00f5es Unidas (ONU)<\/a>, por genoc\u00eddio na Palestina. A a\u00e7\u00e3o \u00e9 apoiada por uma s\u00e9rie de pa\u00edses, entre eles, o Brasil.\u00a0<\/p>\n<p>O <a href=\"https:\/\/agenciabrasil.ebc.com.br\/internacional\/noticia\/2024-11\/tribunal-penal-internacional-emite-mandado-de-captura-para-netanyahu\" target=\"_blank\" rel=\"noopener\">Tribunal Penal Internacional (TPI), de Haia<\/a>, j\u00e1 emitiu um mandado de pris\u00e3o contra o primeiro-ministro de Israel, Benjamin Netaniahu, e o ex-ministro da Defesa, Yoav Gallant, por crimes de guerra e contra a humanidade em Gaza.\u00a0<\/p>\n<p>Ao mesmo tempo, organiza\u00e7\u00f5es como a <a href=\"https:\/\/agenciabrasil.ebc.com.br\/direitos-humanos\/noticia\/2024-12\/anistia-internacional-classifica-acao-de-israel-em-gaza-como-genocidio\" target=\"_blank\" rel=\"noopener\">Anistia Internacional <\/a>acusam o Estado de Israel de promover um genoc\u00eddio em Gaza. <a href=\"https:\/\/agenciabrasil.ebc.com.br\/internacional\/noticia\/2024-01\/em-haia-israel-diz-que-africa-do-sul-distorceu-situacao-em-gaza\" target=\"_blank\" rel=\"noopener\">Israel nega todas as acusa\u00e7\u00f5es sob a alega\u00e7\u00e3o de que apenas est\u00e1 se defendendo <\/a>contra o Hamas que, no dia 7 de outubro de 2023, atacou Israel causando a morte de cerca de 1,2 mil pessoas e sequestrando cerca de 200 pessoas.\u00a0<\/p>\n<p>      <!-- Relacionada --><\/p>\n<p>            <!-- Relacionada -->\n    <\/div>\n<p><br \/>\n<br \/><a href=\"https:\/\/agenciabrasil.ebc.com.br\/internacional\/noticia\/2025-01\/soldado-de-israel-acusado-de-crime-de-guerra-em-gaza-foge-do-brasil\" rel=\"noopener\">Ag\u00eancia Brasil <\/a><\/p>\n","protected":false},"excerpt":{"rendered":"<p>O soldado israelense Yuval Vagdani, denunciado por crimes de guerra na Faixa de Gaza, deixou o Brasil neste fim de semana ap\u00f3s a Justi\u00e7a Federal do Distrito Federal determinar a apura\u00e7\u00e3o dos supostos crimes de guerra cometidos pelo militar. A r\u00e1dio oficial do ex\u00e9rcito israelense informou que o governo de Tel Aviv acompanhou todo o [&hellip;]<\/p>\n","protected":false},"author":1,"featured_media":20097,"comment_status":"open","ping_status":"open","sticky":false,"template":"","format":"standard","meta":{"_jetpack_newsletter_access":"","_jetpack_dont_email_post_to_subs":false,"_jetpack_newsletter_tier_id":0,"_jetpack_memberships_contains_paywalled_content":false,"_mbp_banners":[],"_jetpack_feature_clip_id":0,"_jetpack_memberships_contains_paid_content":false,"footnotes":"","jetpack_publicize_message":"","jetpack_publicize_feature_enabled":true,"jetpack_social_post_already_shared":true,"jetpack_social_options":{"image_generator_settings":{"template":"highway","default_image_id":0,"font":"","enabled":false},"version":2},"jetpack_post_was_ever_published":false},"categories":[25],"tags":[],"class_list":["post-20096","post","type-post","status-publish","format-standard","has-post-thumbnail","category-internacional"],"jetpack_publicize_connections":[],"jetpack-related-posts":[],"jetpack_shortlink":"https:\/\/wp.me\/p7Eq1F-5e8","jetpack_sharing_enabled":true,"jetpack_featured_media_url":"https:\/\/i0.wp.com\/guialimeira.com.br\/news\/wp-content\/uploads\/2025\/01\/2024-03-05t112042z_1_lynxnpek240dn_rtroptp_4_israel-palestinians.jpg?fit=1600%2C800&ssl=1","_links":{"self":[{"href":"https:\/\/guialimeira.com.br\/news\/wp-json\/wp\/v2\/posts\/20096","targetHints":{"allow":["GET"]}}],"collection":[{"href":"https:\/\/guialimeira.com.br\/news\/wp-json\/wp\/v2\/posts"}],"about":[{"href":"https:\/\/guialimeira.com.br\/news\/wp-json\/wp\/v2\/types\/post"}],"author":[{"embeddable":true,"href":"https:\/\/guialimeira.com.br\/news\/wp-json\/wp\/v2\/users\/1"}],"replies":[{"embeddable":true,"href":"https:\/\/guialimeira.com.br\/news\/wp-json\/wp\/v2\/comments?post=20096"}],"version-history":[{"count":0,"href":"https:\/\/guialimeira.com.br\/news\/wp-json\/wp\/v2\/posts\/20096\/revisions"}],"wp:featuredmedia":[{"embeddable":true,"href":"https:\/\/guialimeira.com.br\/news\/wp-json\/wp\/v2\/media\/20097"}],"wp:attachment":[{"href":"https:\/\/guialimeira.com.br\/news\/wp-json\/wp\/v2\/media?parent=20096"}],"wp:term":[{"taxonomy":"category","embeddable":true,"href":"https:\/\/guialimeira.com.br\/news\/wp-json\/wp\/v2\/categories?post=20096"},{"taxonomy":"post_tag","embeddable":true,"href":"https:\/\/guialimeira.com.br\/news\/wp-json\/wp\/v2\/tags?post=20096"}],"curies":[{"name":"wp","href":"https:\/\/api.w.org\/{rel}","templated":true}]}}