{"id":20094,"date":"2025-01-06T12:54:53","date_gmt":"2025-01-06T15:54:53","guid":{"rendered":"https:\/\/guialimeira.com.br\/2025\/01\/06\/mercado-financeiro-estima-inflacao-de-499-em-2025-diz-bc\/"},"modified":"2025-01-06T12:54:53","modified_gmt":"2025-01-06T15:54:53","slug":"mercado-financeiro-estima-inflacao-de-499-em-2025-diz-bc","status":"publish","type":"post","link":"https:\/\/guialimeira.com.br\/news\/mercado-financeiro-estima-inflacao-de-499-em-2025-diz-bc\/","title":{"rendered":"Mercado financeiro estima infla\u00e7\u00e3o de 4,99% em 2025, diz BC"},"content":{"rendered":"<p> <br \/>\n<\/p>\n<div>\n<p>O mercado financeiro mant\u00e9m as expectativas de alta tanto para a infla\u00e7\u00e3o como para a cota\u00e7\u00e3o do d\u00f3lar em 2025. No caso da infla\u00e7\u00e3o, essa expectativa de alta se mant\u00e9m h\u00e1 12 semanas, culminando, agora, com uma proje\u00e7\u00e3o de que, ao final do ano, o \u00cdndice Nacional de Pre\u00e7os ao Consumidor Amplo (IPCA) \u2013 considerado a infla\u00e7\u00e3o oficial do pa\u00eds \u2013 esteja em 4,99%.<img data-recalc-dims=\"1\" decoding=\"async\" src=\"https:\/\/i0.wp.com\/agenciabrasil.ebc.com.br\/ebc.png?w=696&#038;ssl=1\" style=\"width:1px; height:1px; display:inline;\"\/><img data-recalc-dims=\"1\" decoding=\"async\" src=\"https:\/\/i0.wp.com\/agenciabrasil.ebc.com.br\/ebc.gif?w=696&#038;ssl=1\" style=\"width:1px; height:1px; display:inline;\"\/><\/p>\n<p>H\u00e1 uma semana, a expectativa do mercado era de que a infla\u00e7\u00e3o fechasse 2025 em 4,96%; e h\u00e1 quatro semanas era de que fechasse em 4,59%. Para os anos subsequentes, o mercado trabalha com expectativas inflacion\u00e1rias de 4,03% em 2026; e de 3,90 em 2027. Os n\u00fameros constam do Boletim Focus, divulgado nesta segunda-feira (6) pelo Banco Central (BC).<\/p>\n<p>A estimativa para 2025 \u00e9 mais pessimista que as previs\u00f5es oficiais. O governo federal estima um IPCA de 3,1% este ano, segundo a Lei de Diretrizes Or\u00e7ament\u00e1rias (LDO) de 2025 aprovada no Congresso Nacional.<\/p>\n<p>Como ainda n\u00e3o foi divulgado o \u00edndice oficial da infla\u00e7\u00e3o de 2024, o mercado continua a fazer proje\u00e7\u00f5es para o ano encerrado. Neste caso, a expectativa para o \u00edndice inflacion\u00e1rio caminhou em sentido oposto, reduzindo dos 4,90% projetados h\u00e1 uma semana para 4,89%, segundo o boletim divulgado hoje. O teto para a meta inflacion\u00e1ria estipulada para 2024 \u00e9 4,50%.<\/p>\n<h2>Selic<\/h2>\n<p>Para alcan\u00e7ar a meta de infla\u00e7\u00e3o, o Banco Central usa como principal instrumento a taxa b\u00e1sica de juros, a Selic, definida em 12,25% ao ano pelo Comit\u00ea de Pol\u00edtica Monet\u00e1ria (Copom). A alta recente do d\u00f3lar e as incertezas em torno da infla\u00e7\u00e3o e da economia global fizeram o BC aumentar o ritmo de alta dos juros na \u00faltima reuni\u00e3o do ano, dia 11 de dezembro.<\/p>\n<p>A expectativa, portanto, \u00e9 que a Selic apresente alta j\u00e1 no in\u00edcio de 2025. Diante desse cen\u00e1rio, o mercado financeiro aumentou a proje\u00e7\u00e3o dessa taxa b\u00e1sica para o fim deste ano, passando dos 14,75% projetados h\u00e1 uma semana, para os 15% projetados neste boletim mais recente. H\u00e1 quatro semanas, esta proje\u00e7\u00e3o estava em 13,50%.<\/p>\n<p>Para os anos subsequentes, o mercado trabalha com uma proje\u00e7\u00e3o de 12% em 2026; e de 10% em 2027.<\/p>\n<h2>D\u00f3lar e PIB<\/h2>\n<p>O mercado projeta que, ao final de 2025, o d\u00f3lar esteja sendo comercializado a R$ 6, mantendo a tend\u00eancia de alta que vem sendo observada h\u00e1 10 semanas. Na semana passada, a cota\u00e7\u00e3o esperada para o final deste ano era de R$ 5,96; e h\u00e1 quatro semanas era de que a cota\u00e7\u00e3o da moeda norte-americana fecharia o ano em R$ 5,77.<\/p>\n<p>Para 2026 e 2027, as expectativas se mant\u00eam est\u00e1veis, em R$ 5,90 e R$ 5,80, respectivamente.<\/p>\n<p>J\u00e1 as previs\u00f5es para o Produto Interno Bruto (PIB \u2013 a soma dos bens e servi\u00e7os produzidos no pa\u00eds) de 2025 aumentaram de 2,01% para 2,02%. H\u00e1 quatro semanas, o mercado projetava crescimento de 2% para o PIB de 2025. Para os PIBs de 2026 e 2027, o mercado projeta crescimentos de 1% e 2%, respectivamente.<\/p>\n<p>      <!-- Relacionada --><\/p>\n<p>            <!-- Relacionada -->\n    <\/div>\n<p><br \/>\n<br \/><a href=\"https:\/\/agenciabrasil.ebc.com.br\/economia\/noticia\/2025-01\/mercado-financeiro-estima-inflacao-de-499-em-2025-diz-bc\" rel=\"noopener\">Ag\u00eancia Brasil<\/a><\/p>\n","protected":false},"excerpt":{"rendered":"<p>O mercado financeiro mant\u00e9m as expectativas de alta tanto para a infla\u00e7\u00e3o como para a cota\u00e7\u00e3o do d\u00f3lar em 2025. No caso da infla\u00e7\u00e3o, essa expectativa de alta se mant\u00e9m h\u00e1 12 semanas, culminando, agora, com uma proje\u00e7\u00e3o de que, ao final do ano, o \u00cdndice Nacional de Pre\u00e7os ao Consumidor Amplo (IPCA) \u2013 considerado [&hellip;]<\/p>\n","protected":false},"author":1,"featured_media":4806,"comment_status":"open","ping_status":"open","sticky":false,"template":"","format":"standard","meta":{"_jetpack_newsletter_access":"","_jetpack_dont_email_post_to_subs":false,"_jetpack_newsletter_tier_id":0,"_jetpack_memberships_contains_paywalled_content":false,"_mbp_banners":[],"_jetpack_feature_clip_id":0,"_jetpack_memberships_contains_paid_content":false,"footnotes":"","jetpack_publicize_message":"","jetpack_publicize_feature_enabled":true,"jetpack_social_post_already_shared":true,"jetpack_social_options":{"image_generator_settings":{"template":"highway","default_image_id":0,"font":"","enabled":false},"version":2},"jetpack_post_was_ever_published":false},"categories":[24],"tags":[],"class_list":["post-20094","post","type-post","status-publish","format-standard","has-post-thumbnail","category-economia"],"jetpack_publicize_connections":[],"jetpack-related-posts":[],"jetpack_shortlink":"https:\/\/wp.me\/p7Eq1F-5e6","jetpack_sharing_enabled":true,"jetpack_featured_media_url":"https:\/\/i0.wp.com\/guialimeira.com.br\/news\/wp-content\/uploads\/2024\/05\/20231025_150203.jpg?fit=1600%2C800&ssl=1","_links":{"self":[{"href":"https:\/\/guialimeira.com.br\/news\/wp-json\/wp\/v2\/posts\/20094","targetHints":{"allow":["GET"]}}],"collection":[{"href":"https:\/\/guialimeira.com.br\/news\/wp-json\/wp\/v2\/posts"}],"about":[{"href":"https:\/\/guialimeira.com.br\/news\/wp-json\/wp\/v2\/types\/post"}],"author":[{"embeddable":true,"href":"https:\/\/guialimeira.com.br\/news\/wp-json\/wp\/v2\/users\/1"}],"replies":[{"embeddable":true,"href":"https:\/\/guialimeira.com.br\/news\/wp-json\/wp\/v2\/comments?post=20094"}],"version-history":[{"count":0,"href":"https:\/\/guialimeira.com.br\/news\/wp-json\/wp\/v2\/posts\/20094\/revisions"}],"wp:featuredmedia":[{"embeddable":true,"href":"https:\/\/guialimeira.com.br\/news\/wp-json\/wp\/v2\/media\/4806"}],"wp:attachment":[{"href":"https:\/\/guialimeira.com.br\/news\/wp-json\/wp\/v2\/media?parent=20094"}],"wp:term":[{"taxonomy":"category","embeddable":true,"href":"https:\/\/guialimeira.com.br\/news\/wp-json\/wp\/v2\/categories?post=20094"},{"taxonomy":"post_tag","embeddable":true,"href":"https:\/\/guialimeira.com.br\/news\/wp-json\/wp\/v2\/tags?post=20094"}],"curies":[{"name":"wp","href":"https:\/\/api.w.org\/{rel}","templated":true}]}}