{"id":20060,"date":"2025-01-05T14:22:53","date_gmt":"2025-01-05T17:22:53","guid":{"rendered":"https:\/\/guialimeira.com.br\/2025\/01\/05\/sabesp-nega-relacao-de-surto-de-virose-com-operacao-da-empresa\/"},"modified":"2025-01-05T14:22:53","modified_gmt":"2025-01-05T17:22:53","slug":"sabesp-nega-relacao-de-surto-de-virose-com-operacao-da-empresa","status":"publish","type":"post","link":"https:\/\/guialimeira.com.br\/news\/sabesp-nega-relacao-de-surto-de-virose-com-operacao-da-empresa\/","title":{"rendered":"Sabesp nega rela\u00e7\u00e3o de surto de virose\u00a0com opera\u00e7\u00e3o da empresa"},"content":{"rendered":"<p> <br \/>\n<\/p>\n<div>\n<p>A Companhia de Saneamento B\u00e1sico do Estado de S\u00e3o Paulo (Sabesp) informou, neste domingo (5), que o surto de virose em Guaruj\u00e1, no litoral paulista, n\u00e3o tem rela\u00e7\u00e3o com a opera\u00e7\u00e3o da empresa. \u201cN\u00e3o foi identificado qualquer problema na rede da companhia que possa ter atingido as praias do Guaruj\u00e1\u201d, disse, em nota.<img data-recalc-dims=\"1\" decoding=\"async\" src=\"https:\/\/i0.wp.com\/agenciabrasil.ebc.com.br\/ebc.png?w=696&#038;ssl=1\" style=\"width:1px; height:1px; display:inline;\"\/><img data-recalc-dims=\"1\" decoding=\"async\" src=\"https:\/\/i0.wp.com\/agenciabrasil.ebc.com.br\/ebc.gif?w=696&#038;ssl=1\" style=\"width:1px; height:1px; display:inline;\"\/><\/p>\n<p>A prefeitura de Guaruj\u00e1 havia informado que notificou a Sabesp sobre a possibilidade de vazamentos e liga\u00e7\u00f5es clandestinas de esgoto na regi\u00e3o da Enseada, que poderiam ser a causa do <a href=\"https:\/\/agenciabrasil.ebc.com.br\/saude\/noticia\/2025-01\/litoral-de-sao-paulo-enfrenta-aumento-em-casos-de-virose\" target=\"_blank\" rel=\"noopener\">aumento dos casos de virose<\/a> na cidade. No entanto, a Sabesp negou a informa\u00e7\u00e3o.\u00a0<\/p>\n<p>\u201cA companhia ainda n\u00e3o foi notificada pela prefeitura da cidade, mas, de toda forma, j\u00e1 prestou os devidos esclarecimentos \u00e0 Secretaria Municipal de Meio Ambiente\u201d, diz a nota. Ainda segundo a Sabesp, os sistemas de \u00e1gua e esgoto da Baixada Santista est\u00e3o operando normalmente e s\u00e3o monitorados 24 horas por dia.<\/p>\n<p>\u201cO\u00a0munic\u00edpio possui cerca de 45 mil im\u00f3veis irregulares, cujo despejo de esgoto pode estar sendo realizado em galerias de \u00e1guas pluviais, o que afetaria a balneabilidade das praias. Isso porque as redes municipais de \u00e1guas das chuvas, que devem ser fiscalizadas pela prefeitura, desembocam no mar\u201d, acrescentou a Sabesp.<\/p>\n<p>Al\u00e9m disso, o munic\u00edpio de Guaruj\u00e1 informou que \u201caguarda o resultado de an\u00e1lises encaminhadas ao Instituto Adolfo Lutz para tentar esclarecer a origem dos casos de GECA (gastroenterocolite aguda), uma doen\u00e7a que causa inflama\u00e7\u00e3o no est\u00f4mago, intestino delgado e intestino grosso\u201d.<\/p>\n<h2>Praias impr\u00f3prias<\/h2>\n<p>O governo de S\u00e3o Paulo orienta a popula\u00e7\u00e3o a ficar atenta\u00a0\u00e0 qualidade da \u00e1gua do mar e buscar informa\u00e7\u00f5es antes de se banhar no litoral paulista, consultando a situa\u00e7\u00e3o da \u00e1gua no <a href=\"https:\/\/arcgis.cetesb.sp.gov.br\/portal\/apps\/experiencebuilder\/experience\/?id=bdd0cbd4bf094df9a000bf663254c21f&amp;page=Classifica%C3%A7%C3%A3o-Atual&amp;_gl=1*1uq7vec*_ga*MTQ4MjM0NDcwNy4xNzM1OTMxNDAx*_ga_PXY9ELVELD*MTczNTkzMzYwNS4yLjEuMTczNTkzMzYwNS4wLjAuMA\" target=\"_blank\" rel=\"noopener\"><em>site<\/em> da Companhia Ambiental do Estado de S\u00e3o Paulo (Cetesb)<\/a> ou acompanhando a bandeira de sinaliza\u00e7\u00e3o da praias: se ela estiver vermelha, isso indica que a praia se encontra impr\u00f3pria para banho. Tamb\u00e9m n\u00e3o \u00e9 recomendado o banho na \u00e1gua 24 horas ap\u00f3s as chuvas.<\/p>\n<p>Das 175 praias frequentadas\u00a0por banhistas no estado de S\u00e3o Paulo e que s\u00e3o monitoradas pela Cetesb, 38 est\u00e3o impr\u00f3prias para banho. Entre elas, as praias Avia\u00e7\u00e3o, Vila Tupi, Vila Mirim, Maracan\u00e3, Real e Balne\u00e1rio Fl\u00f3rida, em Praia Grande, e as praias de Perequ\u00ea e Enseada, em\u00a0Guaruj\u00e1. J\u00e1 em Santos, a Ponta da Praia, Aparecida, Embar\u00e9, Boqueir\u00e3o, Gonzaga e Jos\u00e9 Menino estavam impr\u00f3prias para banho.<\/p>\n<p>      <!-- Relacionada --><\/p>\n<p>            <!-- Relacionada -->\n    <\/div>\n<p><br \/>\n<br \/><a href=\"https:\/\/agenciabrasil.ebc.com.br\/saude\/noticia\/2025-01\/sabesp-diz-que-surto-de-virose-nao-tem-relacao-com-operacao-da-empresa\" rel=\"noopener\">Ag\u00eancia Brasil <\/a><\/p>\n","protected":false},"excerpt":{"rendered":"<p>A Companhia de Saneamento B\u00e1sico do Estado de S\u00e3o Paulo (Sabesp) informou, neste domingo (5), que o surto de virose em Guaruj\u00e1, no litoral paulista, n\u00e3o tem rela\u00e7\u00e3o com a opera\u00e7\u00e3o da empresa. \u201cN\u00e3o foi identificado qualquer problema na rede da companhia que possa ter atingido as praias do Guaruj\u00e1\u201d, disse, em nota. A prefeitura [&hellip;]<\/p>\n","protected":false},"author":1,"featured_media":20061,"comment_status":"open","ping_status":"open","sticky":false,"template":"","format":"standard","meta":{"_jetpack_newsletter_access":"","_jetpack_dont_email_post_to_subs":false,"_jetpack_newsletter_tier_id":0,"_jetpack_memberships_contains_paywalled_content":false,"_mbp_banners":[],"_jetpack_feature_clip_id":0,"_jetpack_memberships_contains_paid_content":false,"footnotes":"","jetpack_publicize_message":"","jetpack_publicize_feature_enabled":true,"jetpack_social_post_already_shared":true,"jetpack_social_options":{"image_generator_settings":{"template":"highway","default_image_id":0,"font":"","enabled":false},"version":2},"jetpack_post_was_ever_published":false},"categories":[15],"tags":[],"class_list":["post-20060","post","type-post","status-publish","format-standard","has-post-thumbnail","category-saude"],"jetpack_publicize_connections":[],"jetpack-related-posts":[],"jetpack_shortlink":"https:\/\/wp.me\/p7Eq1F-5dy","jetpack_sharing_enabled":true,"jetpack_featured_media_url":"https:\/\/i0.wp.com\/guialimeira.com.br\/news\/wp-content\/uploads\/2025\/01\/usei-05.05.24-img_3602.jpg?fit=1600%2C800&ssl=1","_links":{"self":[{"href":"https:\/\/guialimeira.com.br\/news\/wp-json\/wp\/v2\/posts\/20060","targetHints":{"allow":["GET"]}}],"collection":[{"href":"https:\/\/guialimeira.com.br\/news\/wp-json\/wp\/v2\/posts"}],"about":[{"href":"https:\/\/guialimeira.com.br\/news\/wp-json\/wp\/v2\/types\/post"}],"author":[{"embeddable":true,"href":"https:\/\/guialimeira.com.br\/news\/wp-json\/wp\/v2\/users\/1"}],"replies":[{"embeddable":true,"href":"https:\/\/guialimeira.com.br\/news\/wp-json\/wp\/v2\/comments?post=20060"}],"version-history":[{"count":0,"href":"https:\/\/guialimeira.com.br\/news\/wp-json\/wp\/v2\/posts\/20060\/revisions"}],"wp:featuredmedia":[{"embeddable":true,"href":"https:\/\/guialimeira.com.br\/news\/wp-json\/wp\/v2\/media\/20061"}],"wp:attachment":[{"href":"https:\/\/guialimeira.com.br\/news\/wp-json\/wp\/v2\/media?parent=20060"}],"wp:term":[{"taxonomy":"category","embeddable":true,"href":"https:\/\/guialimeira.com.br\/news\/wp-json\/wp\/v2\/categories?post=20060"},{"taxonomy":"post_tag","embeddable":true,"href":"https:\/\/guialimeira.com.br\/news\/wp-json\/wp\/v2\/tags?post=20060"}],"curies":[{"name":"wp","href":"https:\/\/api.w.org\/{rel}","templated":true}]}}