{"id":20050,"date":"2025-01-05T10:22:50","date_gmt":"2025-01-05T13:22:50","guid":{"rendered":"https:\/\/guialimeira.com.br\/2025\/01\/05\/chile-bolivia-e-equador-terao-eleicoes-presidenciais-este-ano\/"},"modified":"2025-01-05T10:22:50","modified_gmt":"2025-01-05T13:22:50","slug":"chile-bolivia-e-equador-terao-eleicoes-presidenciais-este-ano","status":"publish","type":"post","link":"https:\/\/guialimeira.com.br\/news\/chile-bolivia-e-equador-terao-eleicoes-presidenciais-este-ano\/","title":{"rendered":"Chile, Bol\u00edvia e Equador ter\u00e3o elei\u00e7\u00f5es presidenciais este ano"},"content":{"rendered":"<p> <br \/>\n<\/p>\n<div>\n<p>Os eleitores do Chile, da Bol\u00edvia, da Guiana, de Honduras e do Equador v\u00e3o \u00e0s urnas este ano de 2025 para decidir os pr\u00f3ximos presidentes e tamb\u00e9m escolher os ocupantes das assembleias nacionais. Argentina e Venezuela tamb\u00e9m ter\u00e3o vota\u00e7\u00e3o, mas para eleger parlamentares e, no caso da Venezuela, tamb\u00e9m governadores e prefeitos. O M\u00e9xico far\u00e1 elei\u00e7\u00f5es diretas para o Poder Judici\u00e1rio.\u00a0<img data-recalc-dims=\"1\" decoding=\"async\" src=\"https:\/\/i0.wp.com\/agenciabrasil.ebc.com.br\/ebc.png?w=696&#038;ssl=1\" style=\"width:1px; height:1px; display:inline;\"\/><img data-recalc-dims=\"1\" decoding=\"async\" src=\"https:\/\/i0.wp.com\/agenciabrasil.ebc.com.br\/ebc.gif?w=696&#038;ssl=1\" style=\"width:1px; height:1px; display:inline;\"\/><\/p>\n<p>Ao todo, 14 pa\u00edses da Am\u00e9rica Latina e Caribe devem realizar elei\u00e7\u00e3o este ano, sejam presidenciais, legislativas, regionais ou para o judici\u00e1rio.\u00a0A primeira elei\u00e7\u00e3o presidencial latino-americana \u00e9 a do Equador, com o primeiro turno no dia 9 de fevereiro e, caso necess\u00e1rio, o segundo turno no dia 13 de abril.<\/p>\n<p>O atual presidente equatoriano Daniel Noboa tenta a reelei\u00e7\u00e3o ap\u00f3s um mandato tamp\u00e3o de 18 meses. Identificado com a direita, Noboa enfrenta novamente, entre outros candidatos, a integrante do partido Revolu\u00e7\u00e3o Cidad\u00e3, a advogada Luisa Gonz\u00e1lez, da legenda do ex-presidente Rafael Correia, de centro-esquerda.<\/p>\n<p><a href=\"https:\/\/agenciabrasil.ebc.com.br\/internacional\/noticia\/2023-09\/bolivia-morales-anuncia-candidatura-para-presidente-em-2025\" target=\"_blank\" rel=\"noopener\">Em agosto, \u00e9 a vez dos eleitores irem \u00e0s urnas para eleger o presidente da Bol\u00edvia<\/a>, assim como o Poder Legislativo do pa\u00eds. A vota\u00e7\u00e3o foi marcada para o dia 17 de agosto de 2025. Caso haja segundo turno, a vota\u00e7\u00e3o ser\u00e1 no dia 19 de outubro.<\/p>\n<p>O cen\u00e1rio pol\u00edtico boliviano segue convulsionado por uma disputa entre o atual mandat\u00e1rio do pa\u00eds, Luis Arce, e o <a href=\"https:\/\/agenciabrasil.ebc.com.br\/internacional\/noticia\/2023-09\/bolivia-morales-anuncia-candidatura-para-presidente-em-2025\" target=\"_blank\" rel=\"noopener\">ex-presidente Evo Morales<\/a>, que disputam o controle do partido governista MAS [Movimento ao Socialismo].<\/p>\n<h2>Processos<\/h2>\n<p>Morales \u00e9 alvo de processos judiciais e tenta se viabilizar para um novo mandato. O Tribunal Constitucional da Bol\u00edvia, \u00f3rg\u00e3o judicial m\u00e1ximo do pa\u00eds, j\u00e1 emitiu senten\u00e7a contr\u00e1ria a uma nova reelei\u00e7\u00e3o de Evo.<\/p>\n<p>Em Honduras, a elei\u00e7\u00e3o est\u00e1 marcada para o dia 30 de novembro. Antes, em mar\u00e7o pr\u00f3ximo, os partidos hondurenhos realizam as prim\u00e1rias para escolher os candidatos. A atual presidente de Honduras, Xiomara Castro, do partido Livre, identificado como de esquerda, espera emplacar sua ministra da Defesa, Rixi Moncada, como sucessora.<\/p>\n<p>Entre os nomes da oposi\u00e7\u00e3o hondurenha na disputa, figuram Ana Garc\u00eda, ex-primeira dama de Juan Orlando Hern\u00e1ndez, presidente extraditado para os Estados Unidos e condenado &#8211; em julho de 2024 &#8211; por narcotr\u00e1fico a 45 anos de pris\u00e3o.<\/p>\n<p>O Chile tamb\u00e9m vai \u00e0s urnas em novembro. O primeiro turno ser\u00e1 no dia 16 de novembro. Caso nenhum candidato ven\u00e7a de primeira, ser\u00e1 realizado um segundo turno em 14 de dezembro.<\/p>\n<p>O atual presidente Gabriel Boric, de centro-esquerda, n\u00e3o pode se candidatar a uma reelei\u00e7\u00e3o e ainda n\u00e3o foi definido quem ele apoiar\u00e1. Enquanto isso, o nome da ex-presidente Michele Bachelet tem sido citado nos debates para a elei\u00e7\u00e3o presidencial de 2025.<\/p>\n<p>O segundo colocado nas elei\u00e7\u00f5es chilenas de 2021, o pol\u00edtico de extrema-direita Jos\u00e9 Antonio Kast, defensor da ditadura de Pinochet, \u00e9 apontado como um forte candidato \u00e0 cadeira presidencial.<\/p>\n<p>A Guiana tamb\u00e9m vai \u00e0s urnas eleger seu presidente e sua assembleia nacional em dezembro deste ano em meio a tens\u00f5es com sua vizinha Venezuela, que reivindica parte do territ\u00f3rio hoje ocupada pela ex-col\u00f4nia brit\u00e2nica.<\/p>\n<div class=\"dnd-widget-wrapper context-cheio_8colunas type-image\">\n<div class=\"dnd-atom-rendered\"><!-- scald=410259:cheio_8colunas {\"additionalClasses\":\"\"} --><br \/>\n            <img data-recalc-dims=\"1\" decoding=\"async\" src=\"https:\/\/i0.wp.com\/imagens.ebc.com.br\/A26HcrUAgG6KErvLS8J7Pgmf_TA%3D\/754x0\/smart\/https%3A\/\/agenciabrasil.ebc.com.br\/sites\/default\/files\/thumbnails\/image\/2025\/01\/03\/eleicoes-na-america-latina-e-caribe.jpg?w=696&#038;ssl=1\" alt=\"Bras\u00edlia (DF) 03\/01\/2025 - Elei\u00e7\u00f5es na Am\u00e9rica Latina e Caribe&#13;&#10;Arte EBC\" title=\"Arte EBC\"\/><br \/>\n        <img data-recalc-dims=\"1\" decoding=\"async\" src=\"https:\/\/i0.wp.com\/imagens.ebc.com.br\/A26HcrUAgG6KErvLS8J7Pgmf_TA%3D\/754x0\/smart\/https%3A\/\/agenciabrasil.ebc.com.br\/sites\/default\/files\/thumbnails\/image\/2025\/01\/03\/eleicoes-na-america-latina-e-caribe.jpg?w=696&#038;ssl=1\" alt=\"Bras\u00edlia (DF) 03\/01\/2025 - Elei\u00e7\u00f5es na Am\u00e9rica Latina e Caribe&#13;&#10;Arte EBC\" title=\"Arte EBC\"\/><br \/>\n    <!-- END scald=410259 --><\/div>\n<p><h6 class=\"meta\"><!--copyright=410259-->Elei\u00e7\u00f5es na Am\u00e9rica Latina e Caribe, por <strong>Arte EBC<\/strong><!--END copyright=410259--><\/h6>\n<\/p>\n<\/div>\n<h2>Haiti<\/h2>\n<p>Uma situa\u00e7\u00e3o distinta vive o Haiti que, devido \u00e0 falta de seguran\u00e7a, h\u00e1 d\u00favidas sobre a possibilidade de elei\u00e7\u00f5es este ano. <a href=\"https:\/\/agenciabrasil.ebc.com.br\/direitos-humanos\/noticia\/2024-04\/cidade-sitiada-brasileiro-e-haitiano-contam-rotina-em-porto-principe\" target=\"_blank\" rel=\"noopener\">Com cerca de 80% da capital Porto-Pr\u00edncipe<\/a> controlada por gangues armadas, um dos principais objetivos do governo provis\u00f3rio \u00e9 viabilizar as elei\u00e7\u00f5es.<\/p>\n<p>O Comit\u00ea Presidencial Provis\u00f3rio que governa o Haiti criou, em setembro de 2024, um conselho eleitoral tamb\u00e9m provis\u00f3rio com objetivo de estabelecer condi\u00e7\u00f5es para a primeira elei\u00e7\u00e3o em quase dez anos, segundo informou a ag\u00eancia de not\u00edcias Reuters.<\/p>\n<p>Autoridades do Haiti t\u00eam indicado a possibilidade de elei\u00e7\u00e3o no final deste ano, com um segundo turno no in\u00edcio de 2026.\u00a0<\/p>\n<h2>Outras elei\u00e7\u00f5es<\/h2>\n<p>Outro pa\u00eds que vai \u00e0s urnas este ano \u00e9 a Argentina, que deve escolher 127 dos 257 deputados, assim como 24 dos 72 senadores. Prevista para o dia 26 de outubro, a vota\u00e7\u00e3o ser\u00e1 um teste para o atual presidente de ultradireita Javier Milei.<\/p>\n<p>A Venezuela tamb\u00e9m convocou elei\u00e7\u00f5es parlamentares e regionais para este ano, mas ainda n\u00e3o foi fixada uma data. O M\u00e9xico, por sua vez, realizar\u00e1 elei\u00e7\u00f5es para o judici\u00e1rio pela primeira vez ap\u00f3s uma reforma que permite a vota\u00e7\u00e3o direta para ju\u00edzes e ministros da Suprema Corte. As elei\u00e7\u00f5es para o judici\u00e1rio mexicano est\u00e3o previstas para junho.<\/p>\n<p>Outras na\u00e7\u00f5es latino-americanas e caribenhas que realizar\u00e3o elei\u00e7\u00f5es legislativas ou regionais para este ano s\u00e3o: Suriname, Uruguai, Jamaica, Belize e Trinidad e Tobago, segundo levantamento do Centro Estrat\u00e9gico Latino-Americano de Geopol\u00edtica (Celag).<\/p>\n<p>      <!-- Relacionada --><\/p>\n<p>            <!-- Relacionada -->\n    <\/div>\n<p><br \/>\n<br \/><a href=\"https:\/\/agenciabrasil.ebc.com.br\/internacional\/noticia\/2025-01\/chile-bolivia-e-equador-terao-eleicoes-presidenciais-este-ano\" rel=\"noopener\">Ag\u00eancia Brasil <\/a><\/p>\n","protected":false},"excerpt":{"rendered":"<p>Os eleitores do Chile, da Bol\u00edvia, da Guiana, de Honduras e do Equador v\u00e3o \u00e0s urnas este ano de 2025 para decidir os pr\u00f3ximos presidentes e tamb\u00e9m escolher os ocupantes das assembleias nacionais. Argentina e Venezuela tamb\u00e9m ter\u00e3o vota\u00e7\u00e3o, mas para eleger parlamentares e, no caso da Venezuela, tamb\u00e9m governadores e prefeitos. O M\u00e9xico far\u00e1 [&hellip;]<\/p>\n","protected":false},"author":1,"featured_media":20051,"comment_status":"open","ping_status":"open","sticky":false,"template":"","format":"standard","meta":{"_jetpack_newsletter_access":"","_jetpack_dont_email_post_to_subs":false,"_jetpack_newsletter_tier_id":0,"_jetpack_memberships_contains_paywalled_content":false,"_mbp_banners":[],"_jetpack_feature_clip_id":0,"_jetpack_memberships_contains_paid_content":false,"footnotes":"","jetpack_publicize_message":"","jetpack_publicize_feature_enabled":true,"jetpack_social_post_already_shared":true,"jetpack_social_options":{"image_generator_settings":{"template":"highway","default_image_id":0,"font":"","enabled":false},"version":2},"jetpack_post_was_ever_published":false},"categories":[25],"tags":[],"class_list":["post-20050","post","type-post","status-publish","format-standard","has-post-thumbnail","category-internacional"],"jetpack_publicize_connections":[],"jetpack-related-posts":[],"jetpack_shortlink":"https:\/\/wp.me\/p7Eq1F-5do","jetpack_sharing_enabled":true,"jetpack_featured_media_url":"https:\/\/i0.wp.com\/guialimeira.com.br\/news\/wp-content\/uploads\/2025\/01\/2023-10-17t100655z_1990778462_rc24n2atx4f5_rtrmadp_3_argentina-election-youth.jpg?fit=1600%2C800&ssl=1","_links":{"self":[{"href":"https:\/\/guialimeira.com.br\/news\/wp-json\/wp\/v2\/posts\/20050","targetHints":{"allow":["GET"]}}],"collection":[{"href":"https:\/\/guialimeira.com.br\/news\/wp-json\/wp\/v2\/posts"}],"about":[{"href":"https:\/\/guialimeira.com.br\/news\/wp-json\/wp\/v2\/types\/post"}],"author":[{"embeddable":true,"href":"https:\/\/guialimeira.com.br\/news\/wp-json\/wp\/v2\/users\/1"}],"replies":[{"embeddable":true,"href":"https:\/\/guialimeira.com.br\/news\/wp-json\/wp\/v2\/comments?post=20050"}],"version-history":[{"count":0,"href":"https:\/\/guialimeira.com.br\/news\/wp-json\/wp\/v2\/posts\/20050\/revisions"}],"wp:featuredmedia":[{"embeddable":true,"href":"https:\/\/guialimeira.com.br\/news\/wp-json\/wp\/v2\/media\/20051"}],"wp:attachment":[{"href":"https:\/\/guialimeira.com.br\/news\/wp-json\/wp\/v2\/media?parent=20050"}],"wp:term":[{"taxonomy":"category","embeddable":true,"href":"https:\/\/guialimeira.com.br\/news\/wp-json\/wp\/v2\/categories?post=20050"},{"taxonomy":"post_tag","embeddable":true,"href":"https:\/\/guialimeira.com.br\/news\/wp-json\/wp\/v2\/tags?post=20050"}],"curies":[{"name":"wp","href":"https:\/\/api.w.org\/{rel}","templated":true}]}}