{"id":20010,"date":"2025-01-03T21:52:45","date_gmt":"2025-01-04T00:52:45","guid":{"rendered":"https:\/\/guialimeira.com.br\/2025\/01\/03\/receita-federal-ira-monitorar-dados-de-cartao-de-credito-e-pix\/"},"modified":"2025-01-03T21:52:45","modified_gmt":"2025-01-04T00:52:45","slug":"receita-federal-ira-monitorar-dados-de-cartao-de-credito-e-pix","status":"publish","type":"post","link":"https:\/\/guialimeira.com.br\/news\/receita-federal-ira-monitorar-dados-de-cartao-de-credito-e-pix\/","title":{"rendered":"Receita Federal ir\u00e1 monitorar dados de cart\u00e3o de cr\u00e9dito e Pix"},"content":{"rendered":"<p> <br \/>\n<\/p>\n<div>\n<p>As operadoras de cart\u00f5es de cr\u00e9dito e institui\u00e7\u00f5es de pagamento que movimentam recursos financeiros devem prestar informa\u00e7\u00f5es \u00e0 Receita Federal\u00a0sobre opera\u00e7\u00f5es financeiras de contribuintes.\u00a0O envio dos dados ser\u00e1 semestral.<img data-recalc-dims=\"1\" decoding=\"async\" src=\"https:\/\/i0.wp.com\/agenciabrasil.ebc.com.br\/ebc.png?w=696&#038;ssl=1\" style=\"width:1px; height:1px; display:inline;\"\/><img data-recalc-dims=\"1\" decoding=\"async\" src=\"https:\/\/i0.wp.com\/agenciabrasil.ebc.com.br\/ebc.gif?w=696&#038;ssl=1\" style=\"width:1px; height:1px; display:inline;\"\/><\/p>\n<p>A regra come\u00e7ou a valer nesta quarta-feira (1\u00ba) e est\u00e1 prevista na Instru\u00e7\u00e3o Normativa\u00a0<a href=\"http:\/\/normas.receita.fazenda.gov.br\/sijut2consulta\/link.action?idAto=140539\" target=\"_blank\" rel=\"noopener\">2.219, de 2024<\/a> do \u00f3rg\u00e3o federal.<\/p>\n<p>Em nota, a Receita Federal afirma que as medidas t\u00eam o objetivo de melhorar o controle e a fiscaliza\u00e7\u00e3o das opera\u00e7\u00f5es financeiras, por meio de uma maior coleta de dados.<\/p>\n<p>\u201c[As medidas] refor\u00e7am os compromissos internacionais do Brasil, contribuindo para o combate \u00e0 evas\u00e3o fiscal e promovendo a transpar\u00eancia nas opera\u00e7\u00f5es financeiras globais\u201d, refor\u00e7ou a nota da Receita Federal.<\/p>\n<p>A norma atualiza e amplia a obrigatoriedade de envio de informa\u00e7\u00f5es \u00e0 Receita Federal via e-Financeira, que \u00e9 o sistema eletr\u00f4nico da Receita Federal que faz parte do Sistema P\u00fablico de Escritura\u00e7\u00e3o Digital (Sped).<\/p>\n<p>A e-Financeira monitora e coleta informa\u00e7\u00f5es sobre opera\u00e7\u00f5es financeiras. Os arquivos digitais incluem dados de cadastro, abertura, fechamento, opera\u00e7\u00f5es financeiras e previd\u00eancia privada.<\/p>\n<h2>Institui\u00e7\u00f5es\u00a0<\/h2>\n<p>As\u00a0institui\u00e7\u00f5es financeiras tradicionais, como os bancos p\u00fablicos e privados, financeiras e cooperativas de cr\u00e9dito, j\u00e1 eram obrigadas a enviar \u00e0 Receita Federal as informa\u00e7\u00f5es sobre movimenta\u00e7\u00f5es financeiras de seus clientes, como saldos em conta corrente, movimenta\u00e7\u00f5es de resgate e investimentos dos correntistas, rendimentos de aplica\u00e7\u00f5es e poupan\u00e7as.<\/p>\n<p>Com a mudan\u00e7a que entra em vigor em 2025, a obriga\u00e7\u00e3o de presta\u00e7\u00e3o de informa\u00e7\u00f5es relativas \u00e0s contas p\u00f3s-pagas e contas em moeda eletr\u00f4nica passa a ser tamb\u00e9m de operadoras de cart\u00f5es de cr\u00e9dito e institui\u00e7\u00f5es de pagamento.\u00a0<\/p>\n<p>Estas \u00faltimas s\u00e3o empresas autorizadas pelo Banco Central a oferecer servi\u00e7os financeiros relacionados a pagamentos, como transfer\u00eancias, recebimentos e emiss\u00e3o de cart\u00f5es. Entre elas est\u00e3o as plataformas e aplicativos de pagamentos; bancos virtuais; e varejistas de grande porte, a exemplo de lojas de departamentos, de venda de eletrodom\u00e9sticos; e atacadistas.<\/p>\n<h2>Envios<\/h2>\n<p>As novas entidades listadas na norma da Receita Federal est\u00e3o obrigadas a apresentar as informa\u00e7\u00f5es mencionadas quando o montante movimentado no m\u00eas for superior a R$ 5 mil, para pessoas f\u00edsicas; ou R$15 mil, para pessoas jur\u00eddicas.<\/p>\n<p>Os dados dever\u00e3o ser apresentados via e-Financeira semestralmente:<\/p>\n<p>\u00b7\u00a0 \u00a0at\u00e9 o \u00faltimo dia \u00fatil do m\u00eas de agosto, contendo as informa\u00e7\u00f5es relativas ao primeiro semestre do ano em curso; e<\/p>\n<p>\u00b7\u00a0 \u00a0at\u00e9 o \u00faltimo dia \u00fatil de fevereiro, contendo as informa\u00e7\u00f5es relativas ao segundo semestre do ano anterior.<\/p>\n<p>Desta forma, dados de pagamentos via Pix e cart\u00f5es de cr\u00e9dito superiores aos valores citados ser\u00e3o informados \u00e0 Receita Federal \u2013 via e-Financeira \u2013 em agosto de 2025.<\/p>\n<p>      <!-- Relacionada --><\/p>\n<p>            <!-- Relacionada -->\n    <\/div>\n<p><br \/>\n<br \/><a href=\"https:\/\/agenciabrasil.ebc.com.br\/economia\/noticia\/2025-01\/receita-federal-ira-monitorar-dados-de-cartao-de-credito-e-pix\" rel=\"noopener\">Ag\u00eancia Brasil<\/a><\/p>\n","protected":false},"excerpt":{"rendered":"<p>As operadoras de cart\u00f5es de cr\u00e9dito e institui\u00e7\u00f5es de pagamento que movimentam recursos financeiros devem prestar informa\u00e7\u00f5es \u00e0 Receita Federal\u00a0sobre opera\u00e7\u00f5es financeiras de contribuintes.\u00a0O envio dos dados ser\u00e1 semestral. A regra come\u00e7ou a valer nesta quarta-feira (1\u00ba) e est\u00e1 prevista na Instru\u00e7\u00e3o Normativa\u00a02.219, de 2024 do \u00f3rg\u00e3o federal. Em nota, a Receita Federal afirma que [&hellip;]<\/p>\n","protected":false},"author":1,"featured_media":20011,"comment_status":"open","ping_status":"open","sticky":false,"template":"","format":"standard","meta":{"_jetpack_newsletter_access":"","_jetpack_dont_email_post_to_subs":false,"_jetpack_newsletter_tier_id":0,"_jetpack_memberships_contains_paywalled_content":false,"_mbp_banners":[],"_jetpack_feature_clip_id":0,"_jetpack_memberships_contains_paid_content":false,"footnotes":"","jetpack_publicize_message":"","jetpack_publicize_feature_enabled":true,"jetpack_social_post_already_shared":true,"jetpack_social_options":{"image_generator_settings":{"template":"highway","default_image_id":0,"font":"","enabled":false},"version":2},"jetpack_post_was_ever_published":false},"categories":[24],"tags":[],"class_list":["post-20010","post","type-post","status-publish","format-standard","has-post-thumbnail","category-economia"],"jetpack_publicize_connections":[],"jetpack-related-posts":[],"jetpack_shortlink":"https:\/\/wp.me\/p7Eq1F-5cK","jetpack_sharing_enabled":true,"jetpack_featured_media_url":"https:\/\/i0.wp.com\/guialimeira.com.br\/news\/wp-content\/uploads\/2025\/01\/compra_online2411203173.jpg?fit=1600%2C800&ssl=1","_links":{"self":[{"href":"https:\/\/guialimeira.com.br\/news\/wp-json\/wp\/v2\/posts\/20010","targetHints":{"allow":["GET"]}}],"collection":[{"href":"https:\/\/guialimeira.com.br\/news\/wp-json\/wp\/v2\/posts"}],"about":[{"href":"https:\/\/guialimeira.com.br\/news\/wp-json\/wp\/v2\/types\/post"}],"author":[{"embeddable":true,"href":"https:\/\/guialimeira.com.br\/news\/wp-json\/wp\/v2\/users\/1"}],"replies":[{"embeddable":true,"href":"https:\/\/guialimeira.com.br\/news\/wp-json\/wp\/v2\/comments?post=20010"}],"version-history":[{"count":0,"href":"https:\/\/guialimeira.com.br\/news\/wp-json\/wp\/v2\/posts\/20010\/revisions"}],"wp:featuredmedia":[{"embeddable":true,"href":"https:\/\/guialimeira.com.br\/news\/wp-json\/wp\/v2\/media\/20011"}],"wp:attachment":[{"href":"https:\/\/guialimeira.com.br\/news\/wp-json\/wp\/v2\/media?parent=20010"}],"wp:term":[{"taxonomy":"category","embeddable":true,"href":"https:\/\/guialimeira.com.br\/news\/wp-json\/wp\/v2\/categories?post=20010"},{"taxonomy":"post_tag","embeddable":true,"href":"https:\/\/guialimeira.com.br\/news\/wp-json\/wp\/v2\/tags?post=20010"}],"curies":[{"name":"wp","href":"https:\/\/api.w.org\/{rel}","templated":true}]}}