{"id":19987,"date":"2025-01-03T16:37:43","date_gmt":"2025-01-03T19:37:43","guid":{"rendered":"https:\/\/guialimeira.com.br\/2025\/01\/03\/estoques-de-vacinas-estao-100-abastecidos-diz-ministerio-da-saude\/"},"modified":"2025-01-03T16:37:43","modified_gmt":"2025-01-03T19:37:43","slug":"estoques-de-vacinas-estao-100-abastecidos-diz-ministerio-da-saude","status":"publish","type":"post","link":"https:\/\/guialimeira.com.br\/news\/estoques-de-vacinas-estao-100-abastecidos-diz-ministerio-da-saude\/","title":{"rendered":"Estoques de vacinas est\u00e3o 100% abastecidos, diz Minist\u00e9rio da Sa\u00fade"},"content":{"rendered":"<p> <br \/>\n<\/p>\n<div>\n<p>O Minist\u00e9rio da Sa\u00fade garantiu que todos os estados do Brasil est\u00e3o 100% abastecidos com as vacinas do calend\u00e1rio b\u00e1sico. Anualmente, o Programa Nacional de Imuniza\u00e7\u00f5es distribui cerca de 300 milh\u00f5es de doses de vacinas para todos os 5.570 munic\u00edpios brasileiros. Mas essa quantia foi superada em 2023 e 2024, com a entrega de mais de 643 milh\u00f5es de doses a todos os estados.\u00a0<img data-recalc-dims=\"1\" decoding=\"async\" src=\"https:\/\/i0.wp.com\/agenciabrasil.ebc.com.br\/ebc.png?w=696&#038;ssl=1\" style=\"width:1px; height:1px; display:inline;\"\/><img data-recalc-dims=\"1\" decoding=\"async\" src=\"https:\/\/i0.wp.com\/agenciabrasil.ebc.com.br\/ebc.gif?w=696&#038;ssl=1\" style=\"width:1px; height:1px; display:inline;\"\/><\/p>\n<p>De acordo com a pasta, mesmo os estoques da vacina contra a varicela foram abastecidos, apesar de haver uma escassez global da mat\u00e9ria-prima utilizada. &#8220;Hoje, contamos com tr\u00eas fornecedores para essa vacina, assegurando a normaliza\u00e7\u00e3o ao longo do primeiro semestre de 2025\u201d, garantiu o diretor do PNI, Eder\u00a0Gatti.\u00a0<\/p>\n<p>De acordo com pesquisa divulgada pela Confedera\u00e7\u00e3o Nacional dos Munic\u00edpios na semana passada, em cerca de 1,5 mil\u00a0munic\u00edpios, os gestores declararam que o <a href=\"https:\/\/agenciabrasil.ebc.com.br\/saude\/noticia\/2024-12\/cnm-aponta-falta-de-vacinas-de-catapora-e-covid-governo-nega-car%C3%AAncia\" target=\"_blank\" rel=\"noopener\">imunizante estava em falta<\/a>..\u00a0<\/p>\n<p>No mesmo levantamento, 746 cidades declararam que n\u00e3o tinham vacinas contra a covid-19 para a imuniza\u00e7\u00e3o de adultos. Mas, de acordo com o minist\u00e9rio, os estoques dessa vacina tamb\u00e9m foram refor\u00e7ados: de outubro a dezembro de 2024\u00a0foram distribu\u00eddas 3,7 milh\u00f5es de doses aos estados, e apenas 503 mil foram aplicadas.\u00a0<\/p>\n<p>O Minist\u00e9rio da Sa\u00fade mudou a forma de compra das vacinas contra a covid-19 no ano passado. Por meio de preg\u00e3o eletr\u00f4nico, j\u00e1 garantiu a aquisi\u00e7\u00e3o de 69 milh\u00f5es de doses, que poder\u00e3o ser utilizadas em at\u00e9 dois anos, mas ser\u00e3o entregues de forma gradual, conforme a demanda, para evitar desperd\u00edcios.\u00a0<\/p>\n<p>Gatti ressaltou que a distribui\u00e7\u00e3o das vacinas pelo Brasil representa um desafio log\u00edstico complexo, considerando a extens\u00e3o territorial e a diversidade do pa\u00eds. &#8220;Trabalhamos em parceria com os estados, que fazem a distribui\u00e7\u00e3o aos munic\u00edpios. Apesar dos desafios, conseguimos enviar todas as grades de vacinas do calend\u00e1rio b\u00e1sico no m\u00eas de dezembro. Temos estoques garantidos, como \u00e9 o caso das vacinas de meningite e coqueluche, com reservas para atender a demanda dos pr\u00f3ximos seis meses\u201d, complementou.<\/p>\n<p>      <!-- Relacionada --><\/p>\n<p>            <!-- Relacionada -->\n    <\/div>\n<p><br \/>\n<br \/><a href=\"https:\/\/agenciabrasil.ebc.com.br\/saude\/noticia\/2025-01\/estoques-de-vacinas-estao-100-abastecidos-diz-ministerio-da-saude\" rel=\"noopener\">Ag\u00eancia Brasil <\/a><\/p>\n","protected":false},"excerpt":{"rendered":"<p>O Minist\u00e9rio da Sa\u00fade garantiu que todos os estados do Brasil est\u00e3o 100% abastecidos com as vacinas do calend\u00e1rio b\u00e1sico. Anualmente, o Programa Nacional de Imuniza\u00e7\u00f5es distribui cerca de 300 milh\u00f5es de doses de vacinas para todos os 5.570 munic\u00edpios brasileiros. Mas essa quantia foi superada em 2023 e 2024, com a entrega de mais [&hellip;]<\/p>\n","protected":false},"author":1,"featured_media":2098,"comment_status":"open","ping_status":"open","sticky":false,"template":"","format":"standard","meta":{"_jetpack_newsletter_access":"","_jetpack_dont_email_post_to_subs":false,"_jetpack_newsletter_tier_id":0,"_jetpack_memberships_contains_paywalled_content":false,"_mbp_banners":[],"_jetpack_feature_clip_id":0,"_jetpack_memberships_contains_paid_content":false,"footnotes":"","jetpack_publicize_message":"","jetpack_publicize_feature_enabled":true,"jetpack_social_post_already_shared":true,"jetpack_social_options":{"image_generator_settings":{"template":"highway","default_image_id":0,"font":"","enabled":false},"version":2},"jetpack_post_was_ever_published":false},"categories":[15],"tags":[],"class_list":["post-19987","post","type-post","status-publish","format-standard","has-post-thumbnail","category-saude"],"jetpack_publicize_connections":[],"jetpack-related-posts":[],"jetpack_shortlink":"https:\/\/wp.me\/p7Eq1F-5cn","jetpack_sharing_enabled":true,"jetpack_featured_media_url":"https:\/\/i0.wp.com\/guialimeira.com.br\/news\/wp-content\/uploads\/2024\/04\/dsc8071.jpg?fit=1600%2C800&ssl=1","_links":{"self":[{"href":"https:\/\/guialimeira.com.br\/news\/wp-json\/wp\/v2\/posts\/19987","targetHints":{"allow":["GET"]}}],"collection":[{"href":"https:\/\/guialimeira.com.br\/news\/wp-json\/wp\/v2\/posts"}],"about":[{"href":"https:\/\/guialimeira.com.br\/news\/wp-json\/wp\/v2\/types\/post"}],"author":[{"embeddable":true,"href":"https:\/\/guialimeira.com.br\/news\/wp-json\/wp\/v2\/users\/1"}],"replies":[{"embeddable":true,"href":"https:\/\/guialimeira.com.br\/news\/wp-json\/wp\/v2\/comments?post=19987"}],"version-history":[{"count":0,"href":"https:\/\/guialimeira.com.br\/news\/wp-json\/wp\/v2\/posts\/19987\/revisions"}],"wp:featuredmedia":[{"embeddable":true,"href":"https:\/\/guialimeira.com.br\/news\/wp-json\/wp\/v2\/media\/2098"}],"wp:attachment":[{"href":"https:\/\/guialimeira.com.br\/news\/wp-json\/wp\/v2\/media?parent=19987"}],"wp:term":[{"taxonomy":"category","embeddable":true,"href":"https:\/\/guialimeira.com.br\/news\/wp-json\/wp\/v2\/categories?post=19987"},{"taxonomy":"post_tag","embeddable":true,"href":"https:\/\/guialimeira.com.br\/news\/wp-json\/wp\/v2\/tags?post=19987"}],"curies":[{"name":"wp","href":"https:\/\/api.w.org\/{rel}","templated":true}]}}