{"id":1996,"date":"2024-04-19T14:35:54","date_gmt":"2024-04-19T17:35:54","guid":{"rendered":"https:\/\/guialimeira.com.br\/2024\/04\/19\/pacientes-da-upa-piracicamirim-aprovam-uso-da-telemedicina-portal-do-municipio-de-piracicaba\/"},"modified":"2024-04-19T14:35:54","modified_gmt":"2024-04-19T17:35:54","slug":"pacientes-da-upa-piracicamirim-aprovam-uso-da-telemedicina-portal-do-municipio-de-piracicaba","status":"publish","type":"post","link":"https:\/\/guialimeira.com.br\/news\/pacientes-da-upa-piracicamirim-aprovam-uso-da-telemedicina-portal-do-municipio-de-piracicaba\/","title":{"rendered":"Pacientes da UPA Piracicamirim aprovam uso da telemedicina \u2013 Portal do Munic\u00edpio de Piracicaba"},"content":{"rendered":"<p> <br \/>\n<\/p>\n<div>\n<figure class=\"text-center\">\n<img data-recalc-dims=\"1\" width=\"696\" height=\"504\" src=\"https:\/\/i0.wp.com\/piracicaba.sp.gov.br\/wp-content\/uploads\/2024\/04\/Lubia-Maciel-Ramos-foi-uma-das-primeiras-pessoas-a-utilizar-a-cabine-de-telemedicina-1024x742.jpg?resize=696%2C504&#038;ssl=1\" class=\"img-fluid img-thumbnail border-1 wp-post-image\" alt=\"Lubia Maciel Ramos foi uma das primeiras pessoas a utilizar a cabine de telemedicina\" itemprop=\"image\" decoding=\"async\" fetchpriority=\"high\" srcset=\"https:\/\/piracicaba.sp.gov.br\/wp-content\/uploads\/2024\/04\/Lubia-Maciel-Ramos-foi-uma-das-primeiras-pessoas-a-utilizar-a-cabine-de-telemedicina-1024x742.jpg 1024w, https:\/\/piracicaba.sp.gov.br\/wp-content\/uploads\/2024\/04\/Lubia-Maciel-Ramos-foi-uma-das-primeiras-pessoas-a-utilizar-a-cabine-de-telemedicina-300x217.jpg 300w, https:\/\/piracicaba.sp.gov.br\/wp-content\/uploads\/2024\/04\/Lubia-Maciel-Ramos-foi-uma-das-primeiras-pessoas-a-utilizar-a-cabine-de-telemedicina-768x556.jpg 768w, https:\/\/piracicaba.sp.gov.br\/wp-content\/uploads\/2024\/04\/Lubia-Maciel-Ramos-foi-uma-das-primeiras-pessoas-a-utilizar-a-cabine-de-telemedicina-1536x1112.jpg 1536w, https:\/\/piracicaba.sp.gov.br\/wp-content\/uploads\/2024\/04\/Lubia-Maciel-Ramos-foi-uma-das-primeiras-pessoas-a-utilizar-a-cabine-de-telemedicina-2048x1483.jpg 2048w\" sizes=\"(max-width: 1024px) 100vw, 1024px\"\/><figcaption class=\"text-center small fw-bold fst-italic mt-1\">Lubia Maciel Ramos foi uma das primeiras pessoas a utilizar a cabine de telemedicina<\/figcaption><\/figure>\n<p>No seu primeiro turno de funcionamento, o projeto-piloto da cabine de telemedicina recebeu nove pacientes com risco de sa\u00fade considerados menos graves \u2013 classificados como verde ou azul \u2013 na UPA Piracicamirim. Iniciado ontem, 17\/04, quem utilizou o novo sistema aprovou a iniciativa da Prefeitura de Piracicaba, como foi o caso de Lucimar de F\u00e1tima Batista Beraldo, ajudante de produ\u00e7\u00e3o, que fez uso da nova tecnologia. \u201cFoi minha primeira experi\u00eancia com a telemedicina e me surpreendeu muito positivamente. Ajudou bastante j\u00e1 que meu atendimento foi bem r\u00e1pido e n\u00e3o fiquei esperando muito tempo. Nessa consulta por videochamada o m\u00e9dico me atendeu muito bem, com calma, me senti muito bem acolhida. Ter este servi\u00e7o oferecido no SUS mostra a preocupa\u00e7\u00e3o em melhorar o atendimento ao paciente\u201d, enfatizou.<\/p>\n<p>Juliana e Helo\u00edsa Figueiredo Bergara, m\u00e3e e filha respectivamente, foram at\u00e9 a UPA Piracicamirim apresentando sintomas gripais leves e tamb\u00e9m elogiaram o novo conceito de atendimento. \u201cImaginei que este tipo de atendimento s\u00f3 acontecia na rede particular e n\u00e3o no SUS. A minha primeira experi\u00eancia foi muito positiva, principalmente pelo fato de documentos como receitu\u00e1rio m\u00e9dico e atestados serem todos digitais, o que facilita a nossa vida\u201d, disse Juliana que \u00e9 assistente de vendas.<\/p>\n<figure class=\"wp-block-image size-large\"><img data-recalc-dims=\"1\" loading=\"lazy\" decoding=\"async\" width=\"594\" height=\"1024\" src=\"https:\/\/i0.wp.com\/piracicaba.sp.gov.br\/wp-content\/uploads\/2024\/04\/Lucimar-de-Fatima-Batista-Beraldo-aprovou-a-oferta-do-servico-de-teledicina-junto-a-UPA-Piracicamirim-594x1024.jpg?resize=594%2C1024&#038;ssl=1\" alt=\"Lucimar de F\u00e1tima Batista Beraldo aprovou a oferta do servi\u00e7o de telemedicina junto a UPA Piracicamirim\" class=\"wp-image-77355\" srcset=\"https:\/\/piracicaba.sp.gov.br\/wp-content\/uploads\/2024\/04\/Lucimar-de-Fatima-Batista-Beraldo-aprovou-a-oferta-do-servico-de-teledicina-junto-a-UPA-Piracicamirim-594x1024.jpg 594w, https:\/\/piracicaba.sp.gov.br\/wp-content\/uploads\/2024\/04\/Lucimar-de-Fatima-Batista-Beraldo-aprovou-a-oferta-do-servico-de-teledicina-junto-a-UPA-Piracicamirim-174x300.jpg 174w, https:\/\/piracicaba.sp.gov.br\/wp-content\/uploads\/2024\/04\/Lucimar-de-Fatima-Batista-Beraldo-aprovou-a-oferta-do-servico-de-teledicina-junto-a-UPA-Piracicamirim-768x1324.jpg 768w, https:\/\/piracicaba.sp.gov.br\/wp-content\/uploads\/2024\/04\/Lucimar-de-Fatima-Batista-Beraldo-aprovou-a-oferta-do-servico-de-teledicina-junto-a-UPA-Piracicamirim-891x1536.jpg 891w, https:\/\/piracicaba.sp.gov.br\/wp-content\/uploads\/2024\/04\/Lucimar-de-Fatima-Batista-Beraldo-aprovou-a-oferta-do-servico-de-teledicina-junto-a-UPA-Piracicamirim-1188x2048.jpg 1188w, https:\/\/piracicaba.sp.gov.br\/wp-content\/uploads\/2024\/04\/Lucimar-de-Fatima-Batista-Beraldo-aprovou-a-oferta-do-servico-de-teledicina-junto-a-UPA-Piracicamirim-scaled.jpg 1485w\" sizes=\"auto, (max-width: 594px) 100vw, 594px\"\/><figcaption class=\"wp-element-caption\"><strong><em>Lucimar de F\u00e1tima Batista Beraldo aprovou a oferta do servi\u00e7o de telemedicina junto a UPA Piracicamirim<\/em><\/strong><\/figcaption><\/figure>\n<p>\u201c\u00c9 uma surpresa positiva ver esta tecnologia aqui para os pacientes da rede p\u00fablica. Para mim o diferencial foi o atendimento do m\u00e9dico que foi calmo, explicou tudo sobre meus sintomas e recupera\u00e7\u00e3o, al\u00e9m de estar dispon\u00edvel para nova consulta que posso realizar de casa, pelo meu celular, por meio do aplicativo Pira Cidad\u00e3o\u201d, completou a filha Helo\u00edsa, estudante do ensino m\u00e9dio.<\/p>\n<p>Tamb\u00e9m com sintomas gripais leves, Lubia Maciel Ramos destacou a praticidade do atendimento. \u201cN\u00e3o conhecia esta tecnologia. Gostei muito da agilidade no atendimento, na realiza\u00e7\u00e3o do cadastro e agendamento para a consulta na cabine, bem como o de ter atestado m\u00e9dico e receita dos medicamentos de forma digital e online. Aprovo este atendimento e indico para as pessoas que tenham sintomas mais leves que fa\u00e7am essa consulta. Numa pr\u00f3xima vez eu j\u00e1 vou usar o atendimento pelo meu celular, da minha casa, sem precisar enfrentar fila aqui na UPA\u201d, completou.<\/p>\n<p>Augusto Muzilli J\u00fanior, secret\u00e1rio de Sa\u00fade, destacou que o projeto \u00e9 novo e, em breve, toda a popula\u00e7\u00e3o far\u00e1 uso desta nova tecnologia. \u201c\u00c9 uma a\u00e7\u00e3o nova, antes restrita apenas a planos de sa\u00fade privados e que agora estamos oferecendo a toda popula\u00e7\u00e3o no Sistema \u00danico de Sa\u00fade de Piracicaba. Aos poucos a popula\u00e7\u00e3o vai conhecendo este novo conceito que veio para agilizar o atendimento em sa\u00fade da cidade\u201d.<\/p>\n<p><strong>PROJETO-PILOTO \u2013\u00a0<\/strong>A cabine de telemedicina instalada na UPA Piracicamirim tem a inten\u00e7\u00e3o de oferecer ao paciente \u2013 considerado menos grave, classificado nas cores azul e verde \u2013 um atendimento individual mais \u00e1gil em um consult\u00f3rio m\u00f3vel instalado na recep\u00e7\u00e3o da UPA, assim proporcionando maior fluidez ao atendimento das urg\u00eancias e emerg\u00eancias classificadas como amarelo, laranja e vermelho.<\/p>\n<figure class=\"wp-block-image size-large\"><img data-recalc-dims=\"1\" loading=\"lazy\" decoding=\"async\" width=\"608\" height=\"1024\" src=\"https:\/\/i0.wp.com\/piracicaba.sp.gov.br\/wp-content\/uploads\/2024\/04\/Cabine-de-Telemedicina-esta-funcionando-na-recepcao-da-UPA-Piracicamirim-608x1024.jpg?resize=608%2C1024&#038;ssl=1\" alt=\"Cabine de Telemedicina est\u00e1 funcionando na recep\u00e7\u00e3o da UPA Piracicamirim\" class=\"wp-image-77353\" srcset=\"https:\/\/piracicaba.sp.gov.br\/wp-content\/uploads\/2024\/04\/Cabine-de-Telemedicina-esta-funcionando-na-recepcao-da-UPA-Piracicamirim-608x1024.jpg 608w, https:\/\/piracicaba.sp.gov.br\/wp-content\/uploads\/2024\/04\/Cabine-de-Telemedicina-esta-funcionando-na-recepcao-da-UPA-Piracicamirim-178x300.jpg 178w, https:\/\/piracicaba.sp.gov.br\/wp-content\/uploads\/2024\/04\/Cabine-de-Telemedicina-esta-funcionando-na-recepcao-da-UPA-Piracicamirim-768x1294.jpg 768w, https:\/\/piracicaba.sp.gov.br\/wp-content\/uploads\/2024\/04\/Cabine-de-Telemedicina-esta-funcionando-na-recepcao-da-UPA-Piracicamirim-911x1536.jpg 911w, https:\/\/piracicaba.sp.gov.br\/wp-content\/uploads\/2024\/04\/Cabine-de-Telemedicina-esta-funcionando-na-recepcao-da-UPA-Piracicamirim-1215x2048.jpg 1215w, https:\/\/piracicaba.sp.gov.br\/wp-content\/uploads\/2024\/04\/Cabine-de-Telemedicina-esta-funcionando-na-recepcao-da-UPA-Piracicamirim-scaled.jpg 1519w\" sizes=\"auto, (max-width: 608px) 100vw, 608px\"\/><figcaption class=\"wp-element-caption\"><strong><em>Cabine de Telemedicina est\u00e1 funcionando na recep\u00e7\u00e3o da UPA Piracicamirim<\/em><\/strong><\/figcaption><\/figure>\n<p>O atendimento ser\u00e1 de segunda a sexta-feira, das 17h \u00e0s 8h, aos s\u00e1bados, domingos e feriados 24h\/dia, nos mesmos moldes da telemedicina convencional \u2013 baseado no conceito de ofertar mais comodidade e seguran\u00e7a aos pacientes, que podem cuidar da sa\u00fade sem precisar sair de casa e com menos tempo de espera \u2013 implantada no m\u00eas passado na rede municipal de sa\u00fade.<\/p>\n<p><strong>COMO UTILIZAR \u2013<\/strong>\u00a0Na recep\u00e7\u00e3o da UPA estar\u00e1 um servidor da Prefeitura e outro da cabine que dar\u00e3o as devidas orienta\u00e7\u00f5es e suporte na utiliza\u00e7\u00e3o do novo servi\u00e7o que ser\u00e1 acessado por meio do cart\u00e3o Pira Cidad\u00e3o.<\/p>\n<p>Ao chegar \u00e0 UPA Piracicamirim, antes de retirar uma senha para atendimento convencional, o paciente ser\u00e1 acolhido por um t\u00e9cnico de enfermagem que oferecer\u00e1 o novo servi\u00e7o caso ele se encaixe no perfil deste atendimento. O paciente, concordando em utilizar a cabine de telemedicina, ser\u00e1 recepcionado por um funcion\u00e1rio da cabine que explicar\u00e1 como acessar o servi\u00e7o por meio do cart\u00e3o Pira Cidad\u00e3o.<\/p>\n<p>Neste caso, com o cart\u00e3o ser\u00e1 feito o primeiro acesso \u2013 para cadastramento do paciente e abertura de ficha \u2013, em seguida agendado seu atendimento para a cabine. Assim que solicitado, o paciente entra na cabine e faz a sua consulta com m\u00e9dico cl\u00ednico geral ou pediatra, em caso de crian\u00e7as; ap\u00f3s devido diagn\u00f3stico e libera\u00e7\u00e3o do paciente, a receita com a prescri\u00e7\u00e3o de medicamentos, atestado m\u00e9dico e encaminhamento para especialidade ou exame laboratorial \u2013 a ser realizado na unidade b\u00e1sica de sa\u00fade de refer\u00eancia quando solicitado \u2013 fica dispon\u00edvel imediatamente no aplicativo do cart\u00e3o Pira Cidad\u00e3o, de forma online.<\/p>\n<p>Em um segundo caso, quando o paciente n\u00e3o tem o cart\u00e3o Pira Cidad\u00e3o, poder\u00e1 faz\u00ea-lo imediatamente com as equipes do cart\u00e3o que estar\u00e3o na UPA para o devido credenciamento. Neste caso \u00e9 necess\u00e1ria a apresenta\u00e7\u00e3o de um documento de identifica\u00e7\u00e3o pessoal com foto atual (RG e CPF ou CNH), telefone celular e e-mail (v\u00e1lidos), e comprovante de endere\u00e7o (CEP). Ap\u00f3s o credenciamento, \u00e9 gerado um cart\u00e3o virtual provis\u00f3rio e o paciente j\u00e1 pode acessar a cabine e agendar seu atendimento conforme j\u00e1 descrito.<\/p>\n<p>\u00c9 importante lembrar que, durante a consulta, caso o m\u00e9dico entenda ser necess\u00e1rio um atendimento presencial de urg\u00eancia, subindo sua classifica\u00e7\u00e3o de risco \u2013 de menos grave para grave \u2013 o paciente ser\u00e1 encaminhado para a equipe da UPA com a devida classifica\u00e7\u00e3o de risco e aguardar\u00e1 ser chamado.<\/p>\n<\/div>\n<p><br \/>\n<br \/><a href=\"https:\/\/piracicaba.sp.gov.br\/noticias\/pacientes-da-upa-piracicamirim-aprovam-uso-da-telemedicina\/\" rel=\"noopener\">Informa\u00e7\u00f5es PMP <\/a><\/p>\n","protected":false},"excerpt":{"rendered":"<p>Lubia Maciel Ramos foi uma das primeiras pessoas a utilizar a cabine de telemedicina No seu primeiro turno de funcionamento, o projeto-piloto da cabine de telemedicina recebeu nove pacientes com risco de sa\u00fade considerados menos graves \u2013 classificados como verde ou azul \u2013 na UPA Piracicamirim. Iniciado ontem, 17\/04, quem utilizou o novo sistema aprovou [&hellip;]<\/p>\n","protected":false},"author":1,"featured_media":1997,"comment_status":"open","ping_status":"open","sticky":false,"template":"","format":"standard","meta":{"_jetpack_newsletter_access":"","_jetpack_dont_email_post_to_subs":false,"_jetpack_newsletter_tier_id":0,"_jetpack_memberships_contains_paywalled_content":false,"_mbp_banners":[],"_jetpack_feature_clip_id":0,"_jetpack_memberships_contains_paid_content":false,"footnotes":"","jetpack_publicize_message":"","jetpack_publicize_feature_enabled":true,"jetpack_social_post_already_shared":true,"jetpack_social_options":{"image_generator_settings":{"template":"highway","default_image_id":0,"font":"","enabled":false},"version":2},"jetpack_post_was_ever_published":false},"categories":[20],"tags":[],"class_list":["post-1996","post","type-post","status-publish","format-standard","has-post-thumbnail","category-regiao"],"jetpack_publicize_connections":[],"jetpack-related-posts":[],"jetpack_shortlink":"https:\/\/wp.me\/p7Eq1F-wc","jetpack_sharing_enabled":true,"jetpack_featured_media_url":"https:\/\/i0.wp.com\/guialimeira.com.br\/news\/wp-content\/uploads\/2024\/04\/Lubia-Maciel-Ramos-foi-uma-das-primeiras-pessoas-a-utilizar-a-cabine-de-telemedicina.jpg?fit=2473%2C1791&ssl=1","_links":{"self":[{"href":"https:\/\/guialimeira.com.br\/news\/wp-json\/wp\/v2\/posts\/1996","targetHints":{"allow":["GET"]}}],"collection":[{"href":"https:\/\/guialimeira.com.br\/news\/wp-json\/wp\/v2\/posts"}],"about":[{"href":"https:\/\/guialimeira.com.br\/news\/wp-json\/wp\/v2\/types\/post"}],"author":[{"embeddable":true,"href":"https:\/\/guialimeira.com.br\/news\/wp-json\/wp\/v2\/users\/1"}],"replies":[{"embeddable":true,"href":"https:\/\/guialimeira.com.br\/news\/wp-json\/wp\/v2\/comments?post=1996"}],"version-history":[{"count":0,"href":"https:\/\/guialimeira.com.br\/news\/wp-json\/wp\/v2\/posts\/1996\/revisions"}],"wp:featuredmedia":[{"embeddable":true,"href":"https:\/\/guialimeira.com.br\/news\/wp-json\/wp\/v2\/media\/1997"}],"wp:attachment":[{"href":"https:\/\/guialimeira.com.br\/news\/wp-json\/wp\/v2\/media?parent=1996"}],"wp:term":[{"taxonomy":"category","embeddable":true,"href":"https:\/\/guialimeira.com.br\/news\/wp-json\/wp\/v2\/categories?post=1996"},{"taxonomy":"post_tag","embeddable":true,"href":"https:\/\/guialimeira.com.br\/news\/wp-json\/wp\/v2\/tags?post=1996"}],"curies":[{"name":"wp","href":"https:\/\/api.w.org\/{rel}","templated":true}]}}