{"id":19941,"date":"2025-01-02T15:21:50","date_gmt":"2025-01-02T18:21:50","guid":{"rendered":"https:\/\/guialimeira.com.br\/2025\/01\/02\/pagamento-do-bolsa-familia-comeca-no-proximo-dia-20\/"},"modified":"2025-01-02T15:21:50","modified_gmt":"2025-01-02T18:21:50","slug":"pagamento-do-bolsa-familia-comeca-no-proximo-dia-20","status":"publish","type":"post","link":"https:\/\/guialimeira.com.br\/news\/pagamento-do-bolsa-familia-comeca-no-proximo-dia-20\/","title":{"rendered":"Pagamento do Bolsa Fam\u00edlia come\u00e7a no pr\u00f3ximo dia 20"},"content":{"rendered":"<p> <br \/>\n<\/p>\n<div>\n<p>Come\u00e7a no pr\u00f3ximo dia 20 o pagamento do Bolsa Fam\u00edlia aos cerca de 21 milh\u00f5es de benefici\u00e1rios do programa em todo o pa\u00eds.<img data-recalc-dims=\"1\" decoding=\"async\" src=\"https:\/\/i0.wp.com\/agenciabrasil.ebc.com.br\/ebc.png?w=696&#038;ssl=1\" style=\"width:1px; height:1px; display:inline;\"\/><img data-recalc-dims=\"1\" decoding=\"async\" src=\"https:\/\/i0.wp.com\/agenciabrasil.ebc.com.br\/ebc.gif?w=696&#038;ssl=1\" style=\"width:1px; height:1px; display:inline;\"\/><\/p>\n<p>Os dep\u00f3sitos ocorrerem sempre nos \u00faltimos dez dias \u00fateis de cada m\u00eas, de forma escalonada conforme o d\u00edgito final do N\u00famero de Inscri\u00e7\u00e3o Social (NIS), exceto em dezembro, quando o cronograma \u00e9 antecipado em cerca de uma semana para n\u00e3o coincidir com o feriado do Natal.<\/p>\n<p>Confira o calend\u00e1rio divulgado pelo Minist\u00e9rio do Desenvolvimento Social e Combate \u00e0 Fome (MDS):<\/p>\n<div class=\"dnd-widget-wrapper context-cheio_8colunas type-image\">\n<div class=\"dnd-atom-rendered\"><!-- scald=409653:cheio_8colunas {\"additionalClasses\":\"\"} --><br \/>\n            <img data-recalc-dims=\"1\" decoding=\"async\" src=\"https:\/\/i0.wp.com\/imagens.ebc.com.br\/oTuFwmZFrki4S6Q_8yjYEF79I0o%3D\/754x0\/smart\/https%3A\/\/agenciabrasil.ebc.com.br\/sites\/default\/files\/thumbnails\/image\/2024\/12\/23\/calendario_bolsa_familia_2025.png?w=696&#038;ssl=1\" alt=\"Calend\u00e1rio Bolsa Fam\u00edlia 2025\" title=\"Divulga\u00e7\u00e3o\/Minist\u00e9rio do Desenvolvimento e Assist\u00eancia Social\"\/><br \/>\n        <img data-recalc-dims=\"1\" decoding=\"async\" src=\"https:\/\/i0.wp.com\/imagens.ebc.com.br\/oTuFwmZFrki4S6Q_8yjYEF79I0o%3D\/754x0\/smart\/https%3A\/\/agenciabrasil.ebc.com.br\/sites\/default\/files\/thumbnails\/image\/2024\/12\/23\/calendario_bolsa_familia_2025.png?w=696&#038;ssl=1\" alt=\"Calend\u00e1rio Bolsa Fam\u00edlia 2025\" title=\"Divulga\u00e7\u00e3o\/Minist\u00e9rio do Desenvolvimento e Assist\u00eancia Social\"\/><br \/>\n    <!-- END scald=409653 --><\/div>\n<\/div>\n<p>Para evitar a perda do benef\u00edcio, o MDS recomenda que cada benefici\u00e1rio atualize os dados no Cadastro \u00danico para Programas Sociais do Governo Federal (Cad\u00danico) a cada 24 meses. Ap\u00f3s a aprova\u00e7\u00e3o do pacote de corte de gastos, o processo exigir\u00e1 biometria.<\/p>\n<p>A atualiza\u00e7\u00e3o dos dados exige que a pessoa respons\u00e1vel pela fam\u00edlia v\u00e1 a um posto de atendimento socioassistencial, como o Centro de Refer\u00eancia de Assist\u00eancia Social (Cras), ou a um posto de atendimento do Cadastro \u00danico. Al\u00e9m de apresentar os documentos de cada membro da fam\u00edlia, o benefici\u00e1rio dever\u00e1 comprovar a renda domiciliar.<\/p>\n<h2>Regra<\/h2>\n<p>O Bolsa Fam\u00edlia \u00e9 pago a quem tem renda de, no m\u00e1ximo, R$ 218 mensais para cada integrante da fam\u00edlia que vive na mesma casa, al\u00e9m de estar inscrito no Cad\u00danico. O cadastramento \u00e9 feito em postos de atendimento da assist\u00eancia social dos munic\u00edpios.<\/p>\n<p>Ao recriar o Bolsa Fam\u00edlia, em mar\u00e7o de 2023, o Governo Federal passou a garantir o repasse m\u00ednimo de R$ 600 por fam\u00edlia inscrita, com adicionais conforme a composi\u00e7\u00e3o da fam\u00edlia. Os pagamentos s\u00e3o feitos pelo aplicativo Caixa Tem ou podem ser sacados em caixas eletr\u00f4nicos por quem tem o cart\u00e3o do programa social.<\/p>\n<p>O Benef\u00edcio Vari\u00e1vel Familiar Nutriz paga seis parcelas de R$ 50 a m\u00e3es de beb\u00eas de at\u00e9 seis meses de idade, para garantir a alimenta\u00e7\u00e3o da crian\u00e7a.<\/p>\n<p>O Bolsa Fam\u00edlia tamb\u00e9m paga um acr\u00e9scimo de R$ 50 a fam\u00edlias com gestantes e filhos de 7 a 18 anos e outro, de R$ 150, a fam\u00edlias com crian\u00e7as de at\u00e9 6 anos.<\/p>\n<h2>Informa\u00e7\u00f5es<\/h2>\n<p>Quem tiver d\u00favidas sobre o Bolsa Fam\u00edlia deve ligar no Disque Social, no n\u00famero 121. Tamb\u00e9m \u00e9 poss\u00edvel acionar o canal de atendimento da Caixa Econ\u00f4mica Federal, por meio do n\u00famero 111. O benefici\u00e1rio pode ainda consultar os aplicativos do Bolsa Fam\u00edlia e da Caixa, dispon\u00edveis para download gratuito nas lojas virtuais.<\/p>\n<p>      <!-- Relacionada --><\/p>\n<p>            <!-- Relacionada -->\n    <\/div>\n<p><br \/>\n<br \/><a href=\"https:\/\/agenciabrasil.ebc.com.br\/economia\/noticia\/2025-01\/pagamento-do-bolsa-familia-comeca-no-proximo-dia-20\" rel=\"noopener\">Ag\u00eancia Brasil<\/a><\/p>\n","protected":false},"excerpt":{"rendered":"<p>Come\u00e7a no pr\u00f3ximo dia 20 o pagamento do Bolsa Fam\u00edlia aos cerca de 21 milh\u00f5es de benefici\u00e1rios do programa em todo o pa\u00eds. Os dep\u00f3sitos ocorrerem sempre nos \u00faltimos dez dias \u00fateis de cada m\u00eas, de forma escalonada conforme o d\u00edgito final do N\u00famero de Inscri\u00e7\u00e3o Social (NIS), exceto em dezembro, quando o cronograma \u00e9 [&hellip;]<\/p>\n","protected":false},"author":1,"featured_media":1808,"comment_status":"open","ping_status":"open","sticky":false,"template":"","format":"standard","meta":{"_jetpack_newsletter_access":"","_jetpack_dont_email_post_to_subs":false,"_jetpack_newsletter_tier_id":0,"_jetpack_memberships_contains_paywalled_content":false,"_mbp_banners":[],"_jetpack_feature_clip_id":0,"_jetpack_memberships_contains_paid_content":false,"footnotes":"","jetpack_publicize_message":"","jetpack_publicize_feature_enabled":true,"jetpack_social_post_already_shared":true,"jetpack_social_options":{"image_generator_settings":{"template":"highway","default_image_id":0,"font":"","enabled":false},"version":2},"jetpack_post_was_ever_published":false},"categories":[24],"tags":[],"class_list":["post-19941","post","type-post","status-publish","format-standard","has-post-thumbnail","category-economia"],"jetpack_publicize_connections":[],"jetpack-related-posts":[],"jetpack_shortlink":"https:\/\/wp.me\/p7Eq1F-5bD","jetpack_sharing_enabled":true,"jetpack_featured_media_url":"https:\/\/i0.wp.com\/guialimeira.com.br\/news\/wp-content\/uploads\/2024\/04\/53628072030_5dffa3859b_o.jpg?fit=1600%2C800&ssl=1","_links":{"self":[{"href":"https:\/\/guialimeira.com.br\/news\/wp-json\/wp\/v2\/posts\/19941","targetHints":{"allow":["GET"]}}],"collection":[{"href":"https:\/\/guialimeira.com.br\/news\/wp-json\/wp\/v2\/posts"}],"about":[{"href":"https:\/\/guialimeira.com.br\/news\/wp-json\/wp\/v2\/types\/post"}],"author":[{"embeddable":true,"href":"https:\/\/guialimeira.com.br\/news\/wp-json\/wp\/v2\/users\/1"}],"replies":[{"embeddable":true,"href":"https:\/\/guialimeira.com.br\/news\/wp-json\/wp\/v2\/comments?post=19941"}],"version-history":[{"count":0,"href":"https:\/\/guialimeira.com.br\/news\/wp-json\/wp\/v2\/posts\/19941\/revisions"}],"wp:featuredmedia":[{"embeddable":true,"href":"https:\/\/guialimeira.com.br\/news\/wp-json\/wp\/v2\/media\/1808"}],"wp:attachment":[{"href":"https:\/\/guialimeira.com.br\/news\/wp-json\/wp\/v2\/media?parent=19941"}],"wp:term":[{"taxonomy":"category","embeddable":true,"href":"https:\/\/guialimeira.com.br\/news\/wp-json\/wp\/v2\/categories?post=19941"},{"taxonomy":"post_tag","embeddable":true,"href":"https:\/\/guialimeira.com.br\/news\/wp-json\/wp\/v2\/tags?post=19941"}],"curies":[{"name":"wp","href":"https:\/\/api.w.org\/{rel}","templated":true}]}}