{"id":19940,"date":"2025-01-02T15:17:50","date_gmt":"2025-01-02T18:17:50","guid":{"rendered":"https:\/\/guialimeira.com.br\/2025\/01\/02\/costa-do-marfim-e-senegal-anunciam-saida-de-militares-franceses\/"},"modified":"2025-01-02T15:17:50","modified_gmt":"2025-01-02T18:17:50","slug":"costa-do-marfim-e-senegal-anunciam-saida-de-militares-franceses","status":"publish","type":"post","link":"https:\/\/guialimeira.com.br\/news\/costa-do-marfim-e-senegal-anunciam-saida-de-militares-franceses\/","title":{"rendered":"Costa do Marfim e Senegal anunciam sa\u00edda de militares franceses"},"content":{"rendered":"<p> <br \/>\n<\/p>\n<div>\n<p>A exemplo de outras na\u00e7\u00f5es africanas, os chefes de Estado da Costa do Marfim e do Senegal anunciaram planos para acabar com a presen\u00e7a militar da Fran\u00e7a em seus pa\u00edses em 2025. Para especialistas consultados pela <strong>Ag\u00eancia Brasil<\/strong>, as ex-col\u00f4nias francesas buscam afirmar sua soberania nacional frente ao antigo colonizador que, ap\u00f3s as independ\u00eancias, seguiu com forte influ\u00eancia econ\u00f4mica, pol\u00edtica e militar na regi\u00e3o.<img data-recalc-dims=\"1\" decoding=\"async\" src=\"https:\/\/i0.wp.com\/agenciabrasil.ebc.com.br\/ebc.png?w=696&#038;ssl=1\" style=\"width:1px; height:1px; display:inline;\"\/><img data-recalc-dims=\"1\" decoding=\"async\" src=\"https:\/\/i0.wp.com\/agenciabrasil.ebc.com.br\/ebc.gif?w=696&#038;ssl=1\" style=\"width:1px; height:1px; display:inline;\"\/><\/p>\n<p>O presidente do Senegal, Bassirou Diomaye Faye, em pronunciamento \u00e0 na\u00e7\u00e3o no \u00faltimo dia de 2024, anunciou o fim da presen\u00e7a militar estrangeira no pa\u00eds africano.<\/p>\n<p>\u201cJ\u00e1 pedi ao ministro das For\u00e7as Armadas que proponha uma nova doutrina de coopera\u00e7\u00e3o em defesa e seguran\u00e7a envolvendo, entre outras consequ\u00eancias, o fim de todas as presen\u00e7as militares de pa\u00edses estrangeiros no Senegal, a partir de 2025\u201d, afirmou Faye, que j\u00e1 vinha defendendo o fechamento de todas as bases militares da Fran\u00e7a no pa\u00eds.<\/p>\n<p>An\u00fancio semelhante fez o presidente da Costa do Marfim, Alassane Ouattara, tamb\u00e9m no pronunciamento de fim de ano feito \u00e0 popula\u00e7\u00e3o. Segundo Ouattara, a Costa do Marfim est\u00e1 disposta a assumir plenamente a gest\u00e3o da sua seguran\u00e7a nacional.<\/p>\n<p>\u201cNos orgulha nosso ex\u00e9rcito, cuja moderniza\u00e7\u00e3o j\u00e1 est\u00e1 em vigor. \u00c9 neste contexto que decidimos pela retirada concertada e organizada das for\u00e7as francesas da Costa do Marfim. O acampamento do 43\u00ba batalh\u00e3o de infantaria de fuzileiros navais de Port-Bou\u00ebt ser\u00e1 entregue \u00e0s For\u00e7as Armadas da Costa do Marfim a partir deste m\u00eas de janeiro de 2025\u201d, destacou o mandat\u00e1rio costa-marfinense.<\/p>\n<p>Com isso, a Costa do Marfim se une a <a href=\"https:\/\/agenciabrasil.ebc.com.br\/internacional\/noticia\/2023-09\/franca-negocia-retirada-de-seus-soldados-do-niger\" target=\"_blank\" rel=\"noopener\">lista de ex-col\u00f4nias africanas da Fran\u00e7a<\/a> que p\u00f5e fim a presen\u00e7a militar do pa\u00eds europeu nos seus territ\u00f3rios. Nos \u00faltimos anos, N\u00edger, Burkina Faso, Chade e Mali tamb\u00e9m decidiram acabar com a presen\u00e7a militar francesa nos seus pa\u00edses.\u00a0<\/p>\n<h2>Descoloniza\u00e7\u00e3o<\/h2>\n<p>O professor de rela\u00e7\u00f5es internacionais e defesa da Universidade Federal do Rio de Janeiro (UFRJ), El\u00eddio A. B. Marques, destacou que esses pa\u00edses da \u00c1frica franc\u00f3fona mantiveram, mesmo ap\u00f3s as independ\u00eancias nos anos 1960, uma forte depend\u00eancia francesa, tanto econ\u00f4mica, quanto militar.<\/p>\n<p>\u201cEsse poder neo-imperialista se expressou fortemente no campo militar com \u2018acordos de coopera\u00e7\u00e3o\u2019 que significavam a forte presen\u00e7a militar e tecnol\u00f3gica da Fran\u00e7a nesses territ\u00f3rios\u201d, explicou El\u00eddio, acrescentando que essa situa\u00e7\u00e3o criou um forte sentimento antifranc\u00eas na popula\u00e7\u00e3o.<\/p>\n<p>Marques avalia os fracassos das interven\u00e7\u00f5es militares francesas nesses pa\u00edses, nos \u00faltimos anos, levaram ao fortalecimento dos movimentos nacionalistas que questionam a presen\u00e7a militar estrangeira.\u00a0<\/p>\n<p>O pesquisador do Observat\u00f3rio de Pol\u00edtica Externa Brasileira (Opeb) da Universidade Federal do ABC (UFABC), Bruno Fabricio Alcebino da Silva, lembrou que foi muito criticada a Opera\u00e7\u00e3o Barkhane, iniciada em 2014 para combater o terrorismo na regi\u00e3o com a participa\u00e7\u00e3o da Fran\u00e7a.\u00a0<\/p>\n<p>\u201cEm vez de reduzir a viol\u00eancia, a opera\u00e7\u00e3o coincidiu com uma escalada de conflitos armados e crises humanit\u00e1rias, alimentando cr\u00edticas de que a Fran\u00e7a utiliza o pretexto da seguran\u00e7a para manter sua influ\u00eancia estrat\u00e9gica e proteger interesses econ\u00f4micos na regi\u00e3o\u201d, avaliou.<\/p>\n<p>Para o especialista, esse movimento de sa\u00edda dos militares franceses da \u00c1frica est\u00e1 inserido em um contexto maior de descoloniza\u00e7\u00e3o pr\u00e1tica, em que as na\u00e7\u00f5es africanas buscam redefinir suas rela\u00e7\u00f5es com antigas pot\u00eancias coloniais.<\/p>\n<p>\u201cA \u00c1frica franc\u00f3fona, historicamente submetida \u00e0 hegemonia francesa, est\u00e1 agora se posicionando como um espa\u00e7o de contesta\u00e7\u00e3o e transforma\u00e7\u00e3o em busca de maior independ\u00eancia pol\u00edtica, econ\u00f4mica e cultural\u201d, completou.<\/p>\n<h2>Novos desafios<\/h2>\n<p>O professor da UFRJ El\u00eddio Marques pondera que a Fran\u00e7a, e demais grandes pot\u00eancias, n\u00e3o devem observar essas mudan\u00e7as de bra\u00e7os cruzados. \u201cTanto mais porque no interior da Fran\u00e7a a press\u00e3o exercida pela extrema direita e refletida concretamente pelos \u00faltimos sucessivos governos n\u00e3o \u00e9 pequena\u201d, explicou.<\/p>\n<p>Para o pesquisador da UFABC, Bruno Fabricio Alcebino da Silva, os pa\u00edses africanos ter\u00e3o grandes novos desafios daqui para frente com a sa\u00edda dos militares franceses.<\/p>\n<p>\u201cO fim do neocolonialismo, seja por meios democr\u00e1ticos ou autorit\u00e1rios, \u00e9 um passo essencial para a soberania africana. No entanto, a retirada das pot\u00eancias coloniais n\u00e3o encerra as disputas pelo Continente. Pot\u00eancias como China e R\u00fassia, al\u00e9m das antigas pot\u00eancias coloniais, continuam a competir pela explora\u00e7\u00e3o de recursos naturais e influ\u00eancia pol\u00edtica, desafiando a verdadeira autonomia dos pa\u00edses africanos\u201d, finalizou.<\/p>\n<h2>Entenda<\/h2>\n<p>Nos \u00faltimos anos, levantes ou golpes militares de cunho nacionalista assumiram o poder em pa\u00edses como Burkina Faso e N\u00edger, aumentando a press\u00e3o para sa\u00edda dos militares franceses da regi\u00e3o.<\/p>\n<p>Em setembro de 2023, os governos do Mali, Burkina Faso e N\u00edger formaram um pacto de seguran\u00e7a e criaram a Alian\u00e7a dos Estados do Sahel (AES) para se protegerem mutualmente em caso de rebeli\u00f5es ou agress\u00e3o externa, segundo <a href=\"https:\/\/www.reuters.com\/world\/africa\/mali-niger-burkina-faso-sign-sahel-security-pact-2023-09-16\/\" target=\"_blank\" rel=\"noopener\">informou a Reuters<\/a>.\u00a0<\/p>\n<p>Os pa\u00edses da regi\u00e3o lutam para conter insurgentes isl\u00e2micos ligados \u00e0 Al Qaeda e ao Estado Isl\u00e2mico. Al\u00e9m disso, pa\u00edses da Comunidade Econ\u00f4mica dos Estados da \u00c1frica Ocidental (Ecowas) amea\u00e7aram usar a for\u00e7a contra o N\u00edger ap\u00f3s um grupo militar assumir o controle do Estado, em julho de 2023.<\/p>\n<p>      <!-- Relacionada --><\/p>\n<p>            <!-- Relacionada -->\n    <\/div>\n<p><br \/>\n<br \/><a href=\"https:\/\/agenciabrasil.ebc.com.br\/internacional\/noticia\/2025-01\/costa-do-marfim-e-senegal-anunciam-saida-de-militares-franceses\" rel=\"noopener\">Ag\u00eancia Brasil <\/a><\/p>\n","protected":false},"excerpt":{"rendered":"<p>A exemplo de outras na\u00e7\u00f5es africanas, os chefes de Estado da Costa do Marfim e do Senegal anunciaram planos para acabar com a presen\u00e7a militar da Fran\u00e7a em seus pa\u00edses em 2025. Para especialistas consultados pela Ag\u00eancia Brasil, as ex-col\u00f4nias francesas buscam afirmar sua soberania nacional frente ao antigo colonizador que, ap\u00f3s as independ\u00eancias, seguiu [&hellip;]<\/p>\n","protected":false},"author":1,"featured_media":269,"comment_status":"open","ping_status":"open","sticky":false,"template":"","format":"standard","meta":{"_jetpack_newsletter_access":"","_jetpack_dont_email_post_to_subs":false,"_jetpack_newsletter_tier_id":0,"_jetpack_memberships_contains_paywalled_content":false,"_mbp_banners":[],"_jetpack_feature_clip_id":0,"_jetpack_memberships_contains_paid_content":false,"footnotes":"","jetpack_publicize_message":"","jetpack_publicize_feature_enabled":true,"jetpack_social_post_already_shared":true,"jetpack_social_options":{"image_generator_settings":{"template":"highway","default_image_id":0,"font":"","enabled":false},"version":2},"jetpack_post_was_ever_published":false},"categories":[25],"tags":[],"class_list":["post-19940","post","type-post","status-publish","format-standard","has-post-thumbnail","category-internacional"],"jetpack_publicize_connections":[],"jetpack-related-posts":[],"jetpack_shortlink":"https:\/\/wp.me\/p7Eq1F-5bC","jetpack_sharing_enabled":true,"jetpack_featured_media_url":"https:\/\/i0.wp.com\/guialimeira.com.br\/news\/wp-content\/uploads\/2024\/03\/thumb_1200x600_agbrasil.png?fit=1200%2C600&ssl=1","_links":{"self":[{"href":"https:\/\/guialimeira.com.br\/news\/wp-json\/wp\/v2\/posts\/19940","targetHints":{"allow":["GET"]}}],"collection":[{"href":"https:\/\/guialimeira.com.br\/news\/wp-json\/wp\/v2\/posts"}],"about":[{"href":"https:\/\/guialimeira.com.br\/news\/wp-json\/wp\/v2\/types\/post"}],"author":[{"embeddable":true,"href":"https:\/\/guialimeira.com.br\/news\/wp-json\/wp\/v2\/users\/1"}],"replies":[{"embeddable":true,"href":"https:\/\/guialimeira.com.br\/news\/wp-json\/wp\/v2\/comments?post=19940"}],"version-history":[{"count":0,"href":"https:\/\/guialimeira.com.br\/news\/wp-json\/wp\/v2\/posts\/19940\/revisions"}],"wp:featuredmedia":[{"embeddable":true,"href":"https:\/\/guialimeira.com.br\/news\/wp-json\/wp\/v2\/media\/269"}],"wp:attachment":[{"href":"https:\/\/guialimeira.com.br\/news\/wp-json\/wp\/v2\/media?parent=19940"}],"wp:term":[{"taxonomy":"category","embeddable":true,"href":"https:\/\/guialimeira.com.br\/news\/wp-json\/wp\/v2\/categories?post=19940"},{"taxonomy":"post_tag","embeddable":true,"href":"https:\/\/guialimeira.com.br\/news\/wp-json\/wp\/v2\/tags?post=19940"}],"curies":[{"name":"wp","href":"https:\/\/api.w.org\/{rel}","templated":true}]}}