{"id":19934,"date":"2025-01-02T11:17:44","date_gmt":"2025-01-02T14:17:44","guid":{"rendered":"https:\/\/guialimeira.com.br\/2025\/01\/02\/receita-abre-opcao-de-ingresso-ou-reingresso-no-simples-nacional\/"},"modified":"2025-01-02T11:17:44","modified_gmt":"2025-01-02T14:17:44","slug":"receita-abre-opcao-de-ingresso-ou-reingresso-no-simples-nacional","status":"publish","type":"post","link":"https:\/\/guialimeira.com.br\/news\/receita-abre-opcao-de-ingresso-ou-reingresso-no-simples-nacional\/","title":{"rendered":"Receita abre op\u00e7\u00e3o de ingresso ou reingresso no Simples Nacional"},"content":{"rendered":"<p> <br \/>\n<\/p>\n<div>\n<p>A partir desta quinta-feira (2) e at\u00e9 o \u00faltimo dia \u00fatil (31) de janeiro, o<a href=\"https:\/\/www8.receita.fazenda.gov.br\/simplesnacional\" target=\"_blank\" rel=\"noopener\"> Portal do Simples Nacional<\/a> estar\u00e1 dispon\u00edvel para que contribuintes que desejam ingressar ou reingressar no regime possam fazer o pedido.<img data-recalc-dims=\"1\" decoding=\"async\" src=\"https:\/\/i0.wp.com\/agenciabrasil.ebc.com.br\/ebc.png?w=696&#038;ssl=1\" style=\"width:1px; height:1px; display:inline;\"\/><img data-recalc-dims=\"1\" decoding=\"async\" src=\"https:\/\/i0.wp.com\/agenciabrasil.ebc.com.br\/ebc.gif?w=696&#038;ssl=1\" style=\"width:1px; height:1px; display:inline;\"\/><\/p>\n<p>Em nota, a Receita Federal destacou que a op\u00e7\u00e3o est\u00e1 dispon\u00edvel para contribuintes exclu\u00eddos do Simples Nacional em 2024 e que desejam retornar ao regime, incluindo os que n\u00e3o regularizaram d\u00e9bitos vinculados aos Termos de Exclus\u00e3o enviados entre os dias 30 de setembro e 4 de outubro.<\/p>\n<p>Todos os 1.876.334 contribuintes que receberam o termo e regularizaram seus d\u00e9bitos no prazo previsto na legisla\u00e7\u00e3o, segundo a autarquia, continuar\u00e3o no regime do Simples de forma autom\u00e1tica. N\u00e3o \u00e9 necess\u00e1rio, portanto, renovar a op\u00e7\u00e3o.<\/p>\n<p>J\u00e1 os 1,5 milh\u00e3o de contribuintes que n\u00e3o regularizaram sua situa\u00e7\u00e3o come\u00e7aram a ser exclu\u00eddos do regime, segundo a Receita, a partir da \u00faltima quarta-feira (1\u00ba). Para que esses CNPJs possam reingressar no regime, s\u00e3o oferecidas diversas op\u00e7\u00f5es para sua regulariza\u00e7\u00e3o, incluindo parcelamento e transa\u00e7\u00e3o.<\/p>\n<h2>Consulta<\/h2>\n<p>Para saber se ser\u00e1 exclu\u00eddo ou n\u00e3o do Simples Nacional, o contribuinte deve acessar a <a href=\"https:\/\/www8.receita.fazenda.gov.br\/SimplesNacional\/aplicacoes.aspx?id=21\" target=\"_blank\" rel=\"noopener\">aba Consulta Optantes<\/a>. \u201cEntretanto, imprescind\u00edvel observar que o CNPJ, para ingressar ou reingressar no Simples, deve estar em regularidade com as administra\u00e7\u00f5es tribut\u00e1rias da Uni\u00e3o, estados, DF e munic\u00edpios\u201d, esclareceu a Receita Federal.<\/p>\n<p>Dados da autarquia mostram que, atualmente, 23,4 milh\u00f5es de contribuintes s\u00e3o abrangidos pelo Simples Nacional, sendo 16 milh\u00f5es microempreendedores individuais (MEI). A Receita projeta, at\u00e9 31 de janeiro, um n\u00famero de pedidos formulados compat\u00edvel com os anos anteriores \u2013 em torno de 1,2 milh\u00e3o de contribuintes.<\/p>\n<p>      <!-- Relacionada --><\/p>\n<p>            <!-- Relacionada -->\n    <\/div>\n<p><br \/>\n<br \/><a href=\"https:\/\/agenciabrasil.ebc.com.br\/economia\/noticia\/2025-01\/receita-abre-opcao-de-ingresso-ou-reingresso-no-simples-nacional\" rel=\"noopener\">Ag\u00eancia Brasil<\/a><\/p>\n","protected":false},"excerpt":{"rendered":"<p>A partir desta quinta-feira (2) e at\u00e9 o \u00faltimo dia \u00fatil (31) de janeiro, o Portal do Simples Nacional estar\u00e1 dispon\u00edvel para que contribuintes que desejam ingressar ou reingressar no regime possam fazer o pedido. Em nota, a Receita Federal destacou que a op\u00e7\u00e3o est\u00e1 dispon\u00edvel para contribuintes exclu\u00eddos do Simples Nacional em 2024 e [&hellip;]<\/p>\n","protected":false},"author":1,"featured_media":1058,"comment_status":"open","ping_status":"open","sticky":false,"template":"","format":"standard","meta":{"_jetpack_newsletter_access":"","_jetpack_dont_email_post_to_subs":false,"_jetpack_newsletter_tier_id":0,"_jetpack_memberships_contains_paywalled_content":false,"_mbp_banners":[],"_jetpack_feature_clip_id":0,"_jetpack_memberships_contains_paid_content":false,"footnotes":"","jetpack_publicize_message":"","jetpack_publicize_feature_enabled":true,"jetpack_social_post_already_shared":true,"jetpack_social_options":{"image_generator_settings":{"template":"highway","default_image_id":0,"font":"","enabled":false},"version":2},"jetpack_post_was_ever_published":false},"categories":[24],"tags":[],"class_list":["post-19934","post","type-post","status-publish","format-standard","has-post-thumbnail","category-economia"],"jetpack_publicize_connections":[],"jetpack-related-posts":[],"jetpack_shortlink":"https:\/\/wp.me\/p7Eq1F-5bw","jetpack_sharing_enabled":true,"jetpack_featured_media_url":"https:\/\/i0.wp.com\/guialimeira.com.br\/news\/wp-content\/uploads\/2024\/04\/mcam20022020-2.jpg?fit=1600%2C800&ssl=1","_links":{"self":[{"href":"https:\/\/guialimeira.com.br\/news\/wp-json\/wp\/v2\/posts\/19934","targetHints":{"allow":["GET"]}}],"collection":[{"href":"https:\/\/guialimeira.com.br\/news\/wp-json\/wp\/v2\/posts"}],"about":[{"href":"https:\/\/guialimeira.com.br\/news\/wp-json\/wp\/v2\/types\/post"}],"author":[{"embeddable":true,"href":"https:\/\/guialimeira.com.br\/news\/wp-json\/wp\/v2\/users\/1"}],"replies":[{"embeddable":true,"href":"https:\/\/guialimeira.com.br\/news\/wp-json\/wp\/v2\/comments?post=19934"}],"version-history":[{"count":0,"href":"https:\/\/guialimeira.com.br\/news\/wp-json\/wp\/v2\/posts\/19934\/revisions"}],"wp:featuredmedia":[{"embeddable":true,"href":"https:\/\/guialimeira.com.br\/news\/wp-json\/wp\/v2\/media\/1058"}],"wp:attachment":[{"href":"https:\/\/guialimeira.com.br\/news\/wp-json\/wp\/v2\/media?parent=19934"}],"wp:term":[{"taxonomy":"category","embeddable":true,"href":"https:\/\/guialimeira.com.br\/news\/wp-json\/wp\/v2\/categories?post=19934"},{"taxonomy":"post_tag","embeddable":true,"href":"https:\/\/guialimeira.com.br\/news\/wp-json\/wp\/v2\/tags?post=19934"}],"curies":[{"name":"wp","href":"https:\/\/api.w.org\/{rel}","templated":true}]}}