{"id":19930,"date":"2025-01-02T10:16:54","date_gmt":"2025-01-02T13:16:54","guid":{"rendered":"https:\/\/guialimeira.com.br\/2025\/01\/02\/passagem-de-onibus-no-rio-subira-de-r-430-para-r-470\/"},"modified":"2025-01-02T10:16:54","modified_gmt":"2025-01-02T13:16:54","slug":"passagem-de-onibus-no-rio-subira-de-r-430-para-r-470","status":"publish","type":"post","link":"https:\/\/guialimeira.com.br\/news\/passagem-de-onibus-no-rio-subira-de-r-430-para-r-470\/","title":{"rendered":"Passagem de \u00f4nibus no Rio subir\u00e1 de R$ 4,30 para R$ 4,70"},"content":{"rendered":"<p> <br \/>\n<\/p>\n<div>\n<p>A passagem de \u00f4nibus no Rio de Janeiro vai subir de R$ 4,30 para R$ 4,70 a partir do pr\u00f3ximo domingo (5). A autoriza\u00e7\u00e3o para o reajuste foi publicada no <em>Di\u00e1rio Oficial<\/em> do munic\u00edpio desta quinta-feira (2), em decreto assinado pelo prefeito Eduardo Paes.<img data-recalc-dims=\"1\" decoding=\"async\" src=\"https:\/\/i0.wp.com\/agenciabrasil.ebc.com.br\/ebc.png?w=696&#038;ssl=1\" style=\"width:1px; height:1px; display:inline;\"\/><img data-recalc-dims=\"1\" decoding=\"async\" src=\"https:\/\/i0.wp.com\/agenciabrasil.ebc.com.br\/ebc.gif?w=696&#038;ssl=1\" style=\"width:1px; height:1px; display:inline;\"\/><\/p>\n<p>O aumento de R$ 0,40 equivale \u00e0 corre\u00e7\u00e3o monet\u00e1ria pelo \u00cdndice Nacional de Pre\u00e7os ao Consumidor Amplo \u2013 IPCA \u2013 considerado a infla\u00e7\u00e3o oficial do pa\u00eds \u2013 referente aos dois anos em que a tarifa ficou sem reajuste. O \u00faltimo havia sido em janeiro de 2023.<\/p>\n<p>Al\u00e9m dos \u00f4nibus municipais, o que inclui o BRT (sigla para <em>bus rapid transit<\/em>, sistema de \u00f4nibus expressos em vias exclusivas), o novo valor ser\u00e1 v\u00e1lido tamb\u00e9m para os chamados <em>cabritinhos<\/em>, transportes em comunidades por meio de vans e kombis, e o ve\u00edculo leve sobre trilho (VLT).<\/p>\n<p>No Rio, a prefeitura subsidia parte do valor das passagens de \u00f4nibus, ou seja, as concession\u00e1rias recebem por passageiro mais que o valor de R$ 4,70. Uma das contrapartidas \u00e9 que as empresas mantenham um percentual espec\u00edfico da frota em circula\u00e7\u00e3o e ve\u00edculos em bom estado e com ar-condicionado funcionando.\u00a0<\/p>\n<h2>T\u00e1xis<\/h2>\n<p>O<em> Di\u00e1rio Oficial <\/em>traz tamb\u00e9m uma resolu\u00e7\u00e3o da Secretaria Municipal de Transportes que autoriza o reajuste da bandeirada dos t\u00e1xis, que passa a valer nesta quinta-feira.<\/p>\n<p>A bandeirada inicial sobe de R$ 6,10 para R$ 6,20. A tarifa por quil\u00f4metro vai de R$ 3,35 para R$ 3,65, das 06h \u00e0s 21h, nos dias \u00fateis e no s\u00e1bado.<\/p>\n<p>A bandeira dois &#8211; praticada das 21h \u00e0s 6h de segunda-feira a s\u00e1bado e durante todo o domingo e nos feriados &#8211; subir\u00e1 de R$ 4,02 para R$ 4,38.<\/p>\n<p>\u00a0<\/p>\n<p>      <!-- Relacionada --><\/p>\n<p>            <!-- Relacionada -->\n    <\/div>\n<p><br \/>\n<br \/><a href=\"https:\/\/agenciabrasil.ebc.com.br\/economia\/noticia\/2025-01\/passagem-de-onibus-no-rio-subira-de-r-430-para-r-470\" rel=\"noopener\">Ag\u00eancia Brasil<\/a><\/p>\n","protected":false},"excerpt":{"rendered":"<p>A passagem de \u00f4nibus no Rio de Janeiro vai subir de R$ 4,30 para R$ 4,70 a partir do pr\u00f3ximo domingo (5). A autoriza\u00e7\u00e3o para o reajuste foi publicada no Di\u00e1rio Oficial do munic\u00edpio desta quinta-feira (2), em decreto assinado pelo prefeito Eduardo Paes. O aumento de R$ 0,40 equivale \u00e0 corre\u00e7\u00e3o monet\u00e1ria pelo \u00cdndice [&hellip;]<\/p>\n","protected":false},"author":1,"featured_media":19931,"comment_status":"open","ping_status":"open","sticky":false,"template":"","format":"standard","meta":{"_jetpack_newsletter_access":"","_jetpack_dont_email_post_to_subs":false,"_jetpack_newsletter_tier_id":0,"_jetpack_memberships_contains_paywalled_content":false,"_mbp_banners":[],"_jetpack_feature_clip_id":0,"_jetpack_memberships_contains_paid_content":false,"footnotes":"","jetpack_publicize_message":"","jetpack_publicize_feature_enabled":true,"jetpack_social_post_already_shared":true,"jetpack_social_options":{"image_generator_settings":{"template":"highway","default_image_id":0,"font":"","enabled":false},"version":2},"jetpack_post_was_ever_published":false},"categories":[24],"tags":[],"class_list":["post-19930","post","type-post","status-publish","format-standard","has-post-thumbnail","category-economia"],"jetpack_publicize_connections":[],"jetpack-related-posts":[],"jetpack_shortlink":"https:\/\/wp.me\/p7Eq1F-5bs","jetpack_sharing_enabled":true,"jetpack_featured_media_url":"https:\/\/i0.wp.com\/guialimeira.com.br\/news\/wp-content\/uploads\/2025\/01\/mg_2435_0.jpg?fit=1600%2C800&ssl=1","_links":{"self":[{"href":"https:\/\/guialimeira.com.br\/news\/wp-json\/wp\/v2\/posts\/19930","targetHints":{"allow":["GET"]}}],"collection":[{"href":"https:\/\/guialimeira.com.br\/news\/wp-json\/wp\/v2\/posts"}],"about":[{"href":"https:\/\/guialimeira.com.br\/news\/wp-json\/wp\/v2\/types\/post"}],"author":[{"embeddable":true,"href":"https:\/\/guialimeira.com.br\/news\/wp-json\/wp\/v2\/users\/1"}],"replies":[{"embeddable":true,"href":"https:\/\/guialimeira.com.br\/news\/wp-json\/wp\/v2\/comments?post=19930"}],"version-history":[{"count":0,"href":"https:\/\/guialimeira.com.br\/news\/wp-json\/wp\/v2\/posts\/19930\/revisions"}],"wp:featuredmedia":[{"embeddable":true,"href":"https:\/\/guialimeira.com.br\/news\/wp-json\/wp\/v2\/media\/19931"}],"wp:attachment":[{"href":"https:\/\/guialimeira.com.br\/news\/wp-json\/wp\/v2\/media?parent=19930"}],"wp:term":[{"taxonomy":"category","embeddable":true,"href":"https:\/\/guialimeira.com.br\/news\/wp-json\/wp\/v2\/categories?post=19930"},{"taxonomy":"post_tag","embeddable":true,"href":"https:\/\/guialimeira.com.br\/news\/wp-json\/wp\/v2\/tags?post=19930"}],"curies":[{"name":"wp","href":"https:\/\/api.w.org\/{rel}","templated":true}]}}