{"id":19896,"date":"2025-01-01T10:51:43","date_gmt":"2025-01-01T13:51:43","guid":{"rendered":"https:\/\/guialimeira.com.br\/2025\/01\/01\/aplicativo-receita-saude-passa-a-ser-obrigatorio-a-partir-desta-quarta\/"},"modified":"2025-01-01T10:51:43","modified_gmt":"2025-01-01T13:51:43","slug":"aplicativo-receita-saude-passa-a-ser-obrigatorio-a-partir-desta-quarta","status":"publish","type":"post","link":"https:\/\/guialimeira.com.br\/news\/aplicativo-receita-saude-passa-a-ser-obrigatorio-a-partir-desta-quarta\/","title":{"rendered":"Aplicativo Receita Sa\u00fade passa a ser obrigat\u00f3rio a partir desta quarta"},"content":{"rendered":"<p> <br \/>\n<\/p>\n<div>\n<p>A partir desta quarta-feira (1\u00ba), os profissionais de sa\u00fade pessoas f\u00edsicas dever\u00e3o dispensar o papel e poder\u00e3o emitir recibos apenas por meio do aplicativo Receita Sa\u00fade. A ferramenta, que promete reduzir a sonega\u00e7\u00e3o e o n\u00famero de declara\u00e7\u00f5es do Imposto de Renda na malha fina, passa a ser obrigat\u00f3ria em 2025.<img data-recalc-dims=\"1\" decoding=\"async\" src=\"https:\/\/i0.wp.com\/agenciabrasil.ebc.com.br\/ebc.png?w=696&#038;ssl=1\" style=\"width:1px; height:1px; display:inline;\"\/><img data-recalc-dims=\"1\" decoding=\"async\" src=\"https:\/\/i0.wp.com\/agenciabrasil.ebc.com.br\/ebc.gif?w=696&#038;ssl=1\" style=\"width:1px; height:1px; display:inline;\"\/><\/p>\n<p>Utilizado por m\u00e9dicos, dentistas, psic\u00f3logos, fisioterapeutas, fonoaudi\u00f3logos e terapeutas ocupacionais, o aplicativo est\u00e1 dispon\u00edvel desde abril do ano passado, mas o uso era facultativo. Segundo a Receita Federal, mais de 380 mil recibos tinham sido emitidos at\u00e9 o in\u00edcio de dezembro, totalizando mais de R$ 215 milh\u00f5es em valores de servi\u00e7os de sa\u00fade.<\/p>\n<p>O aplicativo carregar\u00e1 automaticamente os recibos emitidos em 2024 como receita na declara\u00e7\u00e3o do profissional de sa\u00fade e como despesas a serem deduzidas na declara\u00e7\u00e3o pr\u00e9-preenchida do Imposto de Renda Pessoa F\u00edsica em 2025. Os recibos emitidos em 2025 ser\u00e3o automaticamente incorporados \u00e0 declara\u00e7\u00e3o de 2026.<\/p>\n<p>Apenas m\u00e9dicos, dentistas, psic\u00f3logos, fisioterapeutas, fonoaudi\u00f3logos, terapeutas ocupacionais com registro ativo em seus conselhos profissionais podem emitir recibos por meio do Receita Sa\u00fade. O Fisco esclarece que a ferramenta n\u00e3o se aplica aos prestadores de sa\u00fade pessoas jur\u00eddicas, que informam os dados por meio da Declara\u00e7\u00e3o de Servi\u00e7os M\u00e9dicos de Sa\u00fade (Dmed).<\/p>\n<h2>Redu\u00e7\u00e3o de declara\u00e7\u00f5es<\/h2>\n<p>De acordo com a Receita Federal, a obrigatoriedade do <a href=\"https:\/\/agenciabrasil.ebc.com.br\/economia\/noticia\/2024-09\/declaracoes-do-imposto-de-renda-na-malha-fina-chegam-147-milhao\" target=\"_blank\" rel=\"noopener\">aplicativo deve reduzir significativamente o n\u00famero de declara\u00e7\u00f5es<\/a> do Imposto de Renda em malha fina. Em 2024, os problemas relativos a gastos m\u00e9dicos foram respons\u00e1veis por 51,6% do total de motivos para a reten\u00e7\u00e3o de 1,47 milh\u00e3o de declara\u00e7\u00f5es.<\/p>\n<p>Dispon\u00edvel nas lojas de aplicativos dos sistemas iOS (da Apple) e Android, o Receita Sa\u00fade deve ser baixado pelas pessoas f\u00edsicas que exercem atividades ligadas \u00e0 sa\u00fade registradas nos respectivos conselhos profissionais<\/p>\n<p>O recibo deve ser emitido no momento do pagamento da presta\u00e7\u00e3o do servi\u00e7o. Caso haja mais de um pagamento relativo a uma mesma presta\u00e7\u00e3o de servi\u00e7os, dever\u00e1 ser emitido um recibo para cada pagamento realizado. Em caso de erro no recibo, o documento digital pode ser cancelado at\u00e9 dez dias ap\u00f3s a data da emiss\u00e3o.<\/p>\n<p>A Receita Federal <a href=\"https:\/\/www.gov.br\/receitafederal\/pt-br\/centrais-de-conteudo\/publicacoes\/manuais\/orientacao-tributaria\/receita-saude-publicado-12-12-24.pdf\" target=\"_blank\" rel=\"noopener\">elaborou um manual <\/a>com as principais perguntas e respostas relativas \u00e0 utiliza\u00e7\u00e3o do aplicativo..<\/p>\n<p>      <!-- Relacionada --><\/p>\n<p>            <!-- Relacionada -->\n    <\/div>\n<p><br \/>\n<br \/><a href=\"https:\/\/agenciabrasil.ebc.com.br\/economia\/noticia\/2024-12\/aplicativo-receita-saude-passa-ser-obrigatorio-partir-desta-quarta\" rel=\"noopener\">Ag\u00eancia Brasil<\/a><\/p>\n","protected":false},"excerpt":{"rendered":"<p>A partir desta quarta-feira (1\u00ba), os profissionais de sa\u00fade pessoas f\u00edsicas dever\u00e3o dispensar o papel e poder\u00e3o emitir recibos apenas por meio do aplicativo Receita Sa\u00fade. A ferramenta, que promete reduzir a sonega\u00e7\u00e3o e o n\u00famero de declara\u00e7\u00f5es do Imposto de Renda na malha fina, passa a ser obrigat\u00f3ria em 2025. Utilizado por m\u00e9dicos, dentistas, [&hellip;]<\/p>\n","protected":false},"author":1,"featured_media":1058,"comment_status":"open","ping_status":"open","sticky":false,"template":"","format":"standard","meta":{"_jetpack_newsletter_access":"","_jetpack_dont_email_post_to_subs":false,"_jetpack_newsletter_tier_id":0,"_jetpack_memberships_contains_paywalled_content":false,"_mbp_banners":[],"_jetpack_feature_clip_id":0,"_jetpack_memberships_contains_paid_content":false,"footnotes":"","jetpack_publicize_message":"","jetpack_publicize_feature_enabled":true,"jetpack_social_post_already_shared":true,"jetpack_social_options":{"image_generator_settings":{"template":"highway","default_image_id":0,"font":"","enabled":false},"version":2},"jetpack_post_was_ever_published":false},"categories":[24],"tags":[],"class_list":["post-19896","post","type-post","status-publish","format-standard","has-post-thumbnail","category-economia"],"jetpack_publicize_connections":[],"jetpack-related-posts":[],"jetpack_shortlink":"https:\/\/wp.me\/p7Eq1F-5aU","jetpack_sharing_enabled":true,"jetpack_featured_media_url":"https:\/\/i0.wp.com\/guialimeira.com.br\/news\/wp-content\/uploads\/2024\/04\/mcam20022020-2.jpg?fit=1600%2C800&ssl=1","_links":{"self":[{"href":"https:\/\/guialimeira.com.br\/news\/wp-json\/wp\/v2\/posts\/19896","targetHints":{"allow":["GET"]}}],"collection":[{"href":"https:\/\/guialimeira.com.br\/news\/wp-json\/wp\/v2\/posts"}],"about":[{"href":"https:\/\/guialimeira.com.br\/news\/wp-json\/wp\/v2\/types\/post"}],"author":[{"embeddable":true,"href":"https:\/\/guialimeira.com.br\/news\/wp-json\/wp\/v2\/users\/1"}],"replies":[{"embeddable":true,"href":"https:\/\/guialimeira.com.br\/news\/wp-json\/wp\/v2\/comments?post=19896"}],"version-history":[{"count":0,"href":"https:\/\/guialimeira.com.br\/news\/wp-json\/wp\/v2\/posts\/19896\/revisions"}],"wp:featuredmedia":[{"embeddable":true,"href":"https:\/\/guialimeira.com.br\/news\/wp-json\/wp\/v2\/media\/1058"}],"wp:attachment":[{"href":"https:\/\/guialimeira.com.br\/news\/wp-json\/wp\/v2\/media?parent=19896"}],"wp:term":[{"taxonomy":"category","embeddable":true,"href":"https:\/\/guialimeira.com.br\/news\/wp-json\/wp\/v2\/categories?post=19896"},{"taxonomy":"post_tag","embeddable":true,"href":"https:\/\/guialimeira.com.br\/news\/wp-json\/wp\/v2\/tags?post=19896"}],"curies":[{"name":"wp","href":"https:\/\/api.w.org\/{rel}","templated":true}]}}