{"id":19872,"date":"2024-12-31T16:57:16","date_gmt":"2024-12-31T19:57:16","guid":{"rendered":"https:\/\/guialimeira.com.br\/?p=19872"},"modified":"2024-12-31T16:57:18","modified_gmt":"2024-12-31T19:57:18","slug":"constancia-felix-e-nomeada-nova-secretaria-de-habitacao","status":"publish","type":"post","link":"https:\/\/guialimeira.com.br\/news\/constancia-felix-e-nomeada-nova-secretaria-de-habitacao\/","title":{"rendered":"Const\u00e2ncia Felix \u00e9 nomeada nova secret\u00e1ria de Habita\u00e7\u00e3o"},"content":{"rendered":"\n<p class=\"wp-block-paragraph\">O prefeito eleito de Limeira, Murilo Felix, anunciou mais um nome para compor sua equipe de governo. Desta vez, para liderar a Secretaria de Habita\u00e7\u00e3o, foi escolhida <strong>Const\u00e2ncia Felix<\/strong>, uma figura de forte representatividade e vasta experi\u00eancia em projetos sociais e habitacionais.<\/p>\n\n\n\n<figure class=\"wp-block-image size-large\"><img data-recalc-dims=\"1\" loading=\"lazy\" decoding=\"async\" width=\"696\" height=\"696\" data-attachment-id=\"19873\" data-permalink=\"https:\/\/guialimeira.com.br\/news\/constancia-felix-e-nomeada-nova-secretaria-de-habitacao\/472235928_1134788178011298_818323133624301802_n\/\" data-orig-file=\"https:\/\/i0.wp.com\/guialimeira.com.br\/news\/wp-content\/uploads\/2024\/12\/472235928_1134788178011298_818323133624301802_n.jpg?fit=1200%2C1200&amp;ssl=1\" data-orig-size=\"1200,1200\" data-comments-opened=\"1\" data-image-meta=\"{&quot;aperture&quot;:&quot;0&quot;,&quot;credit&quot;:&quot;&quot;,&quot;camera&quot;:&quot;&quot;,&quot;caption&quot;:&quot;&quot;,&quot;created_timestamp&quot;:&quot;0&quot;,&quot;copyright&quot;:&quot;&quot;,&quot;focal_length&quot;:&quot;0&quot;,&quot;iso&quot;:&quot;0&quot;,&quot;shutter_speed&quot;:&quot;0&quot;,&quot;title&quot;:&quot;&quot;,&quot;orientation&quot;:&quot;0&quot;}\" data-image-title=\"472235928_1134788178011298_818323133624301802_n\" data-image-description=\"\" data-image-caption=\"\" data-large-file=\"https:\/\/i0.wp.com\/guialimeira.com.br\/news\/wp-content\/uploads\/2024\/12\/472235928_1134788178011298_818323133624301802_n.jpg?fit=696%2C696&amp;ssl=1\" src=\"https:\/\/i0.wp.com\/guialimeira.com.br\/wp-content\/uploads\/2024\/12\/472235928_1134788178011298_818323133624301802_n-1024x1024.jpg?resize=696%2C696&#038;ssl=1\" alt=\"\" class=\"wp-image-19873\" srcset=\"https:\/\/i0.wp.com\/guialimeira.com.br\/news\/wp-content\/uploads\/2024\/12\/472235928_1134788178011298_818323133624301802_n.jpg?resize=1024%2C1024&amp;ssl=1 1024w, https:\/\/i0.wp.com\/guialimeira.com.br\/news\/wp-content\/uploads\/2024\/12\/472235928_1134788178011298_818323133624301802_n.jpg?resize=300%2C300&amp;ssl=1 300w, https:\/\/i0.wp.com\/guialimeira.com.br\/news\/wp-content\/uploads\/2024\/12\/472235928_1134788178011298_818323133624301802_n.jpg?resize=150%2C150&amp;ssl=1 150w, https:\/\/i0.wp.com\/guialimeira.com.br\/news\/wp-content\/uploads\/2024\/12\/472235928_1134788178011298_818323133624301802_n.jpg?resize=768%2C768&amp;ssl=1 768w, https:\/\/i0.wp.com\/guialimeira.com.br\/news\/wp-content\/uploads\/2024\/12\/472235928_1134788178011298_818323133624301802_n.jpg?resize=696%2C696&amp;ssl=1 696w, https:\/\/i0.wp.com\/guialimeira.com.br\/news\/wp-content\/uploads\/2024\/12\/472235928_1134788178011298_818323133624301802_n.jpg?resize=1068%2C1068&amp;ssl=1 1068w, https:\/\/i0.wp.com\/guialimeira.com.br\/news\/wp-content\/uploads\/2024\/12\/472235928_1134788178011298_818323133624301802_n.jpg?w=1200&amp;ssl=1 1200w\" sizes=\"auto, (max-width: 696px) 100vw, 696px\" \/><\/figure>\n\n\n\n<p class=\"wp-block-paragraph\">\ud83d\udccb <strong>Sobre a escolha de Const\u00e2ncia Felix<\/strong><br>Em sua declara\u00e7\u00e3o, Murilo destacou que a Secretaria de Habita\u00e7\u00e3o exige um compromisso muito forte com seu plano de governo, especialmente em iniciativas como:<\/p>\n\n\n\n<ul class=\"wp-block-list\">\n<li><strong>Carta de cr\u00e9dito para aquisi\u00e7\u00e3o de moradia<\/strong>, que permitir\u00e1 \u00e0 Prefeitura pagar a entrada para a compra da casa pr\u00f3pria.<\/li>\n\n\n\n<li><strong>Parcerias com associa\u00e7\u00f5es e cooperativas<\/strong>, promovendo solu\u00e7\u00f5es habitacionais inclusivas e acess\u00edveis.<br>Murilo justificou a escolha de sua m\u00e3e para o cargo, mencionando a confian\u00e7a absoluta em sua capacidade e comprometimento.<\/li>\n<\/ul>\n\n\n\n<p class=\"wp-block-paragraph\">\ud83d\udccb <strong>Sobre Const\u00e2ncia Felix<\/strong><br>Const\u00e2ncia Felix possui uma trajet\u00f3ria consolidada tanto na vida p\u00fablica quanto no setor privado, com destaque para sua atua\u00e7\u00e3o em projetos voltados ao bem-estar social e habitacional. Confira alguns pontos importantes de sua trajet\u00f3ria:<\/p>\n\n\n\n<ul class=\"wp-block-list\">\n<li><strong>Forma\u00e7\u00e3o acad\u00eamica:<\/strong> Graduada em Ci\u00eancias Econ\u00f4micas pelo ISCA Faculdades.<\/li>\n\n\n\n<li><strong>Experi\u00eancia administrativa:<\/strong> Atuou como presidente do Ceprosom (Centro de Promo\u00e7\u00e3o Social Municipal) e do Fundo Social de Solidariedade, liderando iniciativas como:\n<ul class=\"wp-block-list\">\n<li>Casa da Mulher V\u00edtima de Viol\u00eancia.<\/li>\n\n\n\n<li>Centro de Sa\u00fade e Lazer do Idoso.<\/li>\n\n\n\n<li>Casamento Comunit\u00e1rio.<\/li>\n\n\n\n<li>Cria\u00e7\u00e3o e fortalecimento dos Conselhos do Idoso, da Mulher e do Deficiente.<\/li>\n<\/ul>\n<\/li>\n\n\n\n<li><strong>Habita\u00e7\u00e3o:<\/strong> Participou de forma ativa na estrutura\u00e7\u00e3o e lan\u00e7amento de projetos habitacionais como o Bairro Geada e Vila Dignidade, al\u00e9m de atuar na sele\u00e7\u00e3o de fam\u00edlias para os programas.<\/li>\n\n\n\n<li><strong>Carreira pol\u00edtica:<\/strong> Exerceu dois mandatos como vereadora em Limeira e foi deputada estadual, apresentando mais de 100 proposituras, incluindo projetos de lei, indica\u00e7\u00f5es e requerimentos.<\/li>\n<\/ul>\n\n\n\n<p class=\"wp-block-paragraph\">\ud83d\udce2 <strong>A confian\u00e7a do prefeito eleito<\/strong><br>Murilo Felix ressaltou que a escolha de Const\u00e2ncia vai al\u00e9m do la\u00e7o familiar. Segundo ele, sua m\u00e3e tem as qualifica\u00e7\u00f5es necess\u00e1rias para enfrentar os desafios da pasta. &#8220;Tenho confian\u00e7a absoluta nela. Essa \u00e9 a raz\u00e3o de ela estar \u00e0 frente de uma secretaria t\u00e3o importante e dif\u00edcil,&#8221; afirmou.<\/p>\n\n\n\n<p class=\"wp-block-paragraph\">Com a nomea\u00e7\u00e3o de Const\u00e2ncia Felix, a gest\u00e3o refor\u00e7a seu compromisso com a implementa\u00e7\u00e3o de pol\u00edticas habitacionais inovadoras e inclusivas, beneficiando as fam\u00edlias limeirenses e promovendo maior dignidade e qualidade de vida.<\/p>\n","protected":false},"excerpt":{"rendered":"<p>O prefeito eleito de Limeira, Murilo Felix, anunciou mais um nome para compor sua equipe de governo. Desta vez, para liderar a Secretaria de Habita\u00e7\u00e3o, foi escolhida Const\u00e2ncia Felix, uma figura de forte representatividade e vasta experi\u00eancia em projetos sociais e habitacionais. \ud83d\udccb Sobre a escolha de Const\u00e2ncia FelixEm sua declara\u00e7\u00e3o, Murilo destacou que a [&hellip;]<\/p>\n","protected":false},"author":1,"featured_media":19874,"comment_status":"open","ping_status":"open","sticky":false,"template":"","format":"standard","meta":{"_jetpack_newsletter_access":"","_jetpack_dont_email_post_to_subs":false,"_jetpack_newsletter_tier_id":0,"_jetpack_memberships_contains_paywalled_content":false,"_mbp_banners":[],"_jetpack_feature_clip_id":0,"_jetpack_memberships_contains_paid_content":false,"footnotes":"","jetpack_publicize_message":"","jetpack_publicize_feature_enabled":true,"jetpack_social_post_already_shared":true,"jetpack_social_options":{"image_generator_settings":{"template":"highway","default_image_id":0,"font":"","enabled":false},"version":2},"jetpack_post_was_ever_published":false},"categories":[16,19],"tags":[],"class_list":["post-19872","post","type-post","status-publish","format-standard","has-post-thumbnail","category-local","category-politica"],"jetpack_publicize_connections":[],"jetpack-related-posts":[],"jetpack_shortlink":"https:\/\/wp.me\/p7Eq1F-5aw","jetpack_sharing_enabled":true,"jetpack_featured_media_url":"https:\/\/i0.wp.com\/guialimeira.com.br\/news\/wp-content\/uploads\/2024\/12\/habitacao.png?fit=1920%2C1080&ssl=1","_links":{"self":[{"href":"https:\/\/guialimeira.com.br\/news\/wp-json\/wp\/v2\/posts\/19872","targetHints":{"allow":["GET"]}}],"collection":[{"href":"https:\/\/guialimeira.com.br\/news\/wp-json\/wp\/v2\/posts"}],"about":[{"href":"https:\/\/guialimeira.com.br\/news\/wp-json\/wp\/v2\/types\/post"}],"author":[{"embeddable":true,"href":"https:\/\/guialimeira.com.br\/news\/wp-json\/wp\/v2\/users\/1"}],"replies":[{"embeddable":true,"href":"https:\/\/guialimeira.com.br\/news\/wp-json\/wp\/v2\/comments?post=19872"}],"version-history":[{"count":1,"href":"https:\/\/guialimeira.com.br\/news\/wp-json\/wp\/v2\/posts\/19872\/revisions"}],"predecessor-version":[{"id":19875,"href":"https:\/\/guialimeira.com.br\/news\/wp-json\/wp\/v2\/posts\/19872\/revisions\/19875"}],"wp:featuredmedia":[{"embeddable":true,"href":"https:\/\/guialimeira.com.br\/news\/wp-json\/wp\/v2\/media\/19874"}],"wp:attachment":[{"href":"https:\/\/guialimeira.com.br\/news\/wp-json\/wp\/v2\/media?parent=19872"}],"wp:term":[{"taxonomy":"category","embeddable":true,"href":"https:\/\/guialimeira.com.br\/news\/wp-json\/wp\/v2\/categories?post=19872"},{"taxonomy":"post_tag","embeddable":true,"href":"https:\/\/guialimeira.com.br\/news\/wp-json\/wp\/v2\/tags?post=19872"}],"curies":[{"name":"wp","href":"https:\/\/api.w.org\/{rel}","templated":true}]}}