{"id":19857,"date":"2024-12-31T13:11:42","date_gmt":"2024-12-31T16:11:42","guid":{"rendered":"https:\/\/guialimeira.com.br\/?p=19857"},"modified":"2024-12-31T13:11:42","modified_gmt":"2024-12-31T16:11:42","slug":"doutor-fabio-mariano-e-o-novo-secretario-de-assuntos-juridicos","status":"publish","type":"post","link":"https:\/\/guialimeira.com.br\/news\/doutor-fabio-mariano-e-o-novo-secretario-de-assuntos-juridicos\/","title":{"rendered":"Doutor Fabio Mariano \u00e9 o novo secret\u00e1rio de Assuntos Jur\u00eddicos"},"content":{"rendered":"\n<p class=\"wp-block-paragraph\">O prefeito eleito de Limeira, Murilo Felix, anunciou em suas redes sociais mais um nome que integrar\u00e1 sua equipe de governo. Para comandar a Secretaria de Assuntos Jur\u00eddicos, foi escolhido o Doutor Fabio Mariano, um renomado profissional com vasta experi\u00eancia na \u00e1rea jur\u00eddica e administrativa.<\/p>\n\n\n\n<p class=\"wp-block-paragraph\">\ud83d\udccb <strong>Sobre Doutor Fabio Mariano<\/strong><br>Doutor Fabio Mariano \u00e9 mestre em Direito pela PUC-SP e professor universit\u00e1rio, com uma s\u00f3lida trajet\u00f3ria na \u00e1rea de Direito Administrativo. Ele possui ampla experi\u00eancia em assessoria e consultoria para \u00f3rg\u00e3os p\u00fablicos e privados, especialmente em projetos estrat\u00e9gicos e complexos. Confira alguns destaques de sua carreira:<\/p>\n\n\n\n<ul class=\"wp-block-list\">\n<li>Especialista na estrutura\u00e7\u00e3o de projetos de <strong>concess\u00e3o e parcerias p\u00fablico-privadas (PPPs)<\/strong>, opera\u00e7\u00f5es urbanas consorciadas e regula\u00e7\u00e3o no setor de saneamento b\u00e1sico.<\/li>\n\n\n\n<li>Foi <strong>diretor-presidente da Ag\u00eancia Reguladora de Saneamento B\u00e1sico de S\u00e3o Bernardo do Campo<\/strong>, onde desempenhou papel fundamental na gest\u00e3o e regula\u00e7\u00e3o de servi\u00e7os essenciais.<\/li>\n\n\n\n<li>Atuou como <strong>secret\u00e1rio de Administra\u00e7\u00e3o do Munic\u00edpio de Jarinu<\/strong>, contribuindo para o fortalecimento da gest\u00e3o p\u00fablica e administrativa.<\/li>\n<\/ul>\n\n\n\n<p class=\"wp-block-paragraph\">Murilo Felix destacou o perfil t\u00e9cnico e a compet\u00eancia do Doutor Fabio Mariano, mencionando que sua expertise ser\u00e1 essencial para enfrentar os desafios jur\u00eddicos do munic\u00edpio e garantir seguran\u00e7a jur\u00eddica para as iniciativas da nova gest\u00e3o.<\/p>\n\n\n\n<p class=\"wp-block-paragraph\">&#8220;Fabio Mariano traz consigo uma bagagem impressionante e um compromisso inabal\u00e1vel com a legalidade e a efici\u00eancia na gest\u00e3o p\u00fablica. Tenho certeza de que ele ser\u00e1 um pilar fundamental para a nossa administra\u00e7\u00e3o,&#8221; afirmou o prefeito eleito.<\/p>\n\n\n\n<p class=\"wp-block-paragraph\">Com a escolha do Doutor Fabio Mariano, a futura gest\u00e3o refor\u00e7a seu compromisso em compor uma equipe altamente qualificada para construir uma Limeira mais eficiente, moderna e comprometida com o bem-estar de seus cidad\u00e3os.<\/p>\n","protected":false},"excerpt":{"rendered":"<p>O prefeito eleito de Limeira, Murilo Felix, anunciou em suas redes sociais mais um nome que integrar\u00e1 sua equipe de governo. Para comandar a Secretaria de Assuntos Jur\u00eddicos, foi escolhido o Doutor Fabio Mariano, um renomado profissional com vasta experi\u00eancia na \u00e1rea jur\u00eddica e administrativa. \ud83d\udccb Sobre Doutor Fabio MarianoDoutor Fabio Mariano \u00e9 mestre em [&hellip;]<\/p>\n","protected":false},"author":1,"featured_media":19858,"comment_status":"open","ping_status":"open","sticky":false,"template":"","format":"standard","meta":{"_jetpack_newsletter_access":"","_jetpack_dont_email_post_to_subs":false,"_jetpack_newsletter_tier_id":0,"_jetpack_memberships_contains_paywalled_content":false,"_mbp_banners":[],"_jetpack_feature_clip_id":0,"_jetpack_memberships_contains_paid_content":false,"footnotes":"","jetpack_publicize_message":"","jetpack_publicize_feature_enabled":true,"jetpack_social_post_already_shared":true,"jetpack_social_options":{"image_generator_settings":{"template":"highway","default_image_id":0,"font":"","enabled":false},"version":2},"jetpack_post_was_ever_published":false},"categories":[16,19],"tags":[],"class_list":["post-19857","post","type-post","status-publish","format-standard","has-post-thumbnail","category-local","category-politica"],"jetpack_publicize_connections":[],"jetpack-related-posts":[],"jetpack_shortlink":"https:\/\/wp.me\/p7Eq1F-5ah","jetpack_sharing_enabled":true,"jetpack_featured_media_url":"https:\/\/i0.wp.com\/guialimeira.com.br\/news\/wp-content\/uploads\/2024\/12\/juridico.png?fit=1920%2C1080&ssl=1","_links":{"self":[{"href":"https:\/\/guialimeira.com.br\/news\/wp-json\/wp\/v2\/posts\/19857","targetHints":{"allow":["GET"]}}],"collection":[{"href":"https:\/\/guialimeira.com.br\/news\/wp-json\/wp\/v2\/posts"}],"about":[{"href":"https:\/\/guialimeira.com.br\/news\/wp-json\/wp\/v2\/types\/post"}],"author":[{"embeddable":true,"href":"https:\/\/guialimeira.com.br\/news\/wp-json\/wp\/v2\/users\/1"}],"replies":[{"embeddable":true,"href":"https:\/\/guialimeira.com.br\/news\/wp-json\/wp\/v2\/comments?post=19857"}],"version-history":[{"count":1,"href":"https:\/\/guialimeira.com.br\/news\/wp-json\/wp\/v2\/posts\/19857\/revisions"}],"predecessor-version":[{"id":19859,"href":"https:\/\/guialimeira.com.br\/news\/wp-json\/wp\/v2\/posts\/19857\/revisions\/19859"}],"wp:featuredmedia":[{"embeddable":true,"href":"https:\/\/guialimeira.com.br\/news\/wp-json\/wp\/v2\/media\/19858"}],"wp:attachment":[{"href":"https:\/\/guialimeira.com.br\/news\/wp-json\/wp\/v2\/media?parent=19857"}],"wp:term":[{"taxonomy":"category","embeddable":true,"href":"https:\/\/guialimeira.com.br\/news\/wp-json\/wp\/v2\/categories?post=19857"},{"taxonomy":"post_tag","embeddable":true,"href":"https:\/\/guialimeira.com.br\/news\/wp-json\/wp\/v2\/tags?post=19857"}],"curies":[{"name":"wp","href":"https:\/\/api.w.org\/{rel}","templated":true}]}}