{"id":1983,"date":"2024-04-19T13:34:43","date_gmt":"2024-04-19T16:34:43","guid":{"rendered":"https:\/\/guialimeira.com.br\/2024\/04\/19\/linhas-400-artemis-tvs-e-401-artemis-tci-atenderao-o-distrito-uninoroeste-a-partir-de-sabado-20-4-portal-do-municipio-de-piracicaba\/"},"modified":"2024-04-19T13:34:43","modified_gmt":"2024-04-19T16:34:43","slug":"linhas-400-artemis-tvs-e-401-artemis-tci-atenderao-o-distrito-uninoroeste-a-partir-de-sabado-20-4-portal-do-municipio-de-piracicaba","status":"publish","type":"post","link":"https:\/\/guialimeira.com.br\/news\/linhas-400-artemis-tvs-e-401-artemis-tci-atenderao-o-distrito-uninoroeste-a-partir-de-sabado-20-4-portal-do-municipio-de-piracicaba\/","title":{"rendered":"Linhas\u00a0 400-Artemis \/TVS e 401-Artemis\/ TCI atender\u00e3o o distrito Uninoroeste a partir de s\u00e1bado, 20\/4 \u2013 Portal do Munic\u00edpio de Piracicaba"},"content":{"rendered":"<p> <br \/>\n<\/p>\n<div>\n<figure class=\"wp-block-image size-large\"><img data-recalc-dims=\"1\" fetchpriority=\"high\" decoding=\"async\" width=\"696\" height=\"464\" src=\"https:\/\/i0.wp.com\/piracicaba.sp.gov.br\/wp-content\/uploads\/2024\/04\/A-linha-de-Artemis-atendera-o-distrito-industrial-Uninoroeste-1024x682.jpg?resize=696%2C464&#038;ssl=1\" alt=\"Linha de \u00d4nibus de Artemis segue atr\u00e1s de outro \u00f4nibus do transporte coletivo.\" class=\"wp-image-77358\" srcset=\"https:\/\/piracicaba.sp.gov.br\/wp-content\/uploads\/2024\/04\/A-linha-de-Artemis-atendera-o-distrito-industrial-Uninoroeste-1024x682.jpg 1024w, https:\/\/piracicaba.sp.gov.br\/wp-content\/uploads\/2024\/04\/A-linha-de-Artemis-atendera-o-distrito-industrial-Uninoroeste-300x200.jpg 300w, https:\/\/piracicaba.sp.gov.br\/wp-content\/uploads\/2024\/04\/A-linha-de-Artemis-atendera-o-distrito-industrial-Uninoroeste-768x512.jpg 768w, https:\/\/piracicaba.sp.gov.br\/wp-content\/uploads\/2024\/04\/A-linha-de-Artemis-atendera-o-distrito-industrial-Uninoroeste-1536x1024.jpg 1536w, https:\/\/piracicaba.sp.gov.br\/wp-content\/uploads\/2024\/04\/A-linha-de-Artemis-atendera-o-distrito-industrial-Uninoroeste.jpg 2000w\" sizes=\"(max-width: 1024px) 100vw, 1024px\"\/><figcaption class=\"wp-element-caption\"><strong><sup>\u00d4nibus do transporte coletivo atender\u00e3o o distrito industrial Uninoroeste<\/sup><\/strong><\/figcaption><\/figure>\n<p>A Prefeitura de Piracicaba, por meio da Semuttran (Secretaria Municipal de Mobilidade Urbana, Tr\u00e2nsito e Transportes), informa que a partir de s\u00e1bado, 20\/4, as linhas de \u00f4nibus do transporte p\u00fablico 400 \u2013 Artemis\/Terminal Vila S\u00f4nia (TVS) e 401 \u2013 Artemis\/TVS passar\u00e3o a atender o distrito industrial Uninoroeste. A linha 400 atender\u00e1 nos dias \u00fateis e aos s\u00e1bados e a 401 aos s\u00e1bados e domingos. O objetivo \u00e9 atender aos usu\u00e1rios do transporte p\u00fablico que trabalham no local.<\/p>\n<p>De segunda a sexta-feira, partindo do Terminal Vila S\u00f4nia (TVS) ao bairro, os \u00f4nibus da linha 400-Artemis\/TVS sair\u00e3o \u00e0s 5h41, 7h05, 8h15, 9h12, 10h10, 11h10, 12h15, 13h30, 14h50, 16h23, 17h30, 18h50, 19h50, 21h30, 22h50 e \u00e0s 23h40. No sentido oposto, bairro\/TVS, as viagens acontecer\u00e3o \u00e0s 5h, 6h15, 7h40, 8h42, 9h40, 10h40, 11h35, 12h40, 14h10, 15h25, 16h48, 18h10, 19h20, 20h15, 22h15 e \u00e0s 23h15.<\/p>\n<p>Aos s\u00e1bados, as viagens do Terminal Vila S\u00f4nia, sentido bairro, ocorrer\u00e3o \u00e0s 5h41, 6h50, 7h45, 8h40, 9h35, 11h30, 12h45 e \u00e0s 14h. No sentido oposto, os \u00f4nibus sair\u00e3o \u00e0s 5h, 6h15, 7h15, 8h10, 9h05, 10h, 12h05 e \u00e0s 13h10.<\/p>\n<p>Em rela\u00e7\u00e3o \u00e0 linha 401-Artemis\/TCI, o atendimento se dar\u00e1 aos s\u00e1bados e domingos. Aos s\u00e1bados saindo do Terminal Central para o bairro, os \u00f4nibus sair\u00e3o \u00e0s 5h20, 6h, 6h40, 7h20, 8h, 08h40, 9h20, 10h03, 10h45, 11h28, 12h10, 12h53, 13h35, 14h16, 15h11, 15h56, 16h56, 18h02, 19h08, 20h01, 20h53, 21h38, 22h33, 23h15, 00h00. As viagens saindo do TVS, sentido bairro, ser\u00e3o \u00e0s 14h46, 16h26, 17h23, 18h32, 20h28, 22h03 e \u00e0s 23h37. Os \u00f4nibus do sentido bairro para o TCI, sair\u00e3o \u00e0s 4h40, 5h20, 5h55, 6h35, 7h15, 7h55, 8h35, 9h18, 10h, 10h43, 11h25, 12h08, 12h50, 13h33, 14h15, 15h11, 15h56, 16h51, 17h58, 18h57, 19h53, 20h53, 21h33, 22h28, 23h13. As viagens do TVS para o TCI acontecer\u00e3o \u00e0s 14h40, 16h21, 18h33, 20h18, 21h58 e \u00e0s 23h35.<\/p>\n<p>Aos domingos as viagens do TCI para o bairro acontecer\u00e3o \u00e0s 5h16, 6h05, 7h20, 7h55, 9h, 9h35, 10h40, 11h15, 12h20, 13h10, 14h, 14h50, 15h55, 17h, 18h05, 19h10, 20h, 20h50, 21h35, 22h25, 23h10, 23h53. No sentido TVS para o bairro, os hor\u00e1rios ser\u00e3o 5h35, 6h35, 8h25, 10h05, 11h45, 13h40, 15h20, 16h25, 17h30, 18h35, 20h30, 22h05 e \u00e0s 23h40. Os \u00f4nibus saindo do bairro, sentido TCI, sair\u00e3o \u00e0s 4h30, 5h20, 6h10, 7h, 8h, 8h50, 9h40, 10h30, 11h20, 12h10, 13h, 14h05, 14h40, 15h45, 16h50, 18h, 19h, 19h50, 20h55, 21h30, 22h30 e 23h. J\u00e1 as viagens do TVS, sentido TCI, ser\u00e3o \u00e0s 4h53, 6h45, 8h25, 10h05, 11h45, 13h25, 15h05, 17h15, 18h35, 20h15, 21h55 e 23h23.<\/p>\n<\/div>\n<p><br \/>\n<br \/><a href=\"https:\/\/piracicaba.sp.gov.br\/noticias\/linhas-400-artemis-tvs-e-401-artemis-tci-atenderao-o-distrito-uninoroeste-a-partir-de-sabado-20-4\/\" rel=\"noopener\">Informa\u00e7\u00f5es PMP <\/a><\/p>\n","protected":false},"excerpt":{"rendered":"<p>\u00d4nibus do transporte coletivo atender\u00e3o o distrito industrial Uninoroeste A Prefeitura de Piracicaba, por meio da Semuttran (Secretaria Municipal de Mobilidade Urbana, Tr\u00e2nsito e Transportes), informa que a partir de s\u00e1bado, 20\/4, as linhas de \u00f4nibus do transporte p\u00fablico 400 \u2013 Artemis\/Terminal Vila S\u00f4nia (TVS) e 401 \u2013 Artemis\/TVS passar\u00e3o a atender o distrito industrial [&hellip;]<\/p>\n","protected":false},"author":1,"featured_media":1984,"comment_status":"open","ping_status":"open","sticky":false,"template":"","format":"standard","meta":{"_jetpack_newsletter_access":"","_jetpack_dont_email_post_to_subs":false,"_jetpack_newsletter_tier_id":0,"_jetpack_memberships_contains_paywalled_content":false,"_mbp_banners":[],"_jetpack_feature_clip_id":0,"_jetpack_memberships_contains_paid_content":false,"footnotes":"","jetpack_publicize_message":"","jetpack_publicize_feature_enabled":true,"jetpack_social_post_already_shared":true,"jetpack_social_options":{"image_generator_settings":{"template":"highway","default_image_id":0,"font":"","enabled":false},"version":2},"jetpack_post_was_ever_published":false},"categories":[20],"tags":[],"class_list":["post-1983","post","type-post","status-publish","format-standard","has-post-thumbnail","category-regiao"],"jetpack_publicize_connections":[],"jetpack-related-posts":[],"jetpack_shortlink":"https:\/\/wp.me\/p7Eq1F-vZ","jetpack_sharing_enabled":true,"jetpack_featured_media_url":"https:\/\/i0.wp.com\/guialimeira.com.br\/news\/wp-content\/uploads\/2024\/04\/A-linha-de-Artemis-atendera-o-distrito-industrial-Uninoroeste-1024x682.jpg?fit=1024%2C682&ssl=1","_links":{"self":[{"href":"https:\/\/guialimeira.com.br\/news\/wp-json\/wp\/v2\/posts\/1983","targetHints":{"allow":["GET"]}}],"collection":[{"href":"https:\/\/guialimeira.com.br\/news\/wp-json\/wp\/v2\/posts"}],"about":[{"href":"https:\/\/guialimeira.com.br\/news\/wp-json\/wp\/v2\/types\/post"}],"author":[{"embeddable":true,"href":"https:\/\/guialimeira.com.br\/news\/wp-json\/wp\/v2\/users\/1"}],"replies":[{"embeddable":true,"href":"https:\/\/guialimeira.com.br\/news\/wp-json\/wp\/v2\/comments?post=1983"}],"version-history":[{"count":0,"href":"https:\/\/guialimeira.com.br\/news\/wp-json\/wp\/v2\/posts\/1983\/revisions"}],"wp:featuredmedia":[{"embeddable":true,"href":"https:\/\/guialimeira.com.br\/news\/wp-json\/wp\/v2\/media\/1984"}],"wp:attachment":[{"href":"https:\/\/guialimeira.com.br\/news\/wp-json\/wp\/v2\/media?parent=1983"}],"wp:term":[{"taxonomy":"category","embeddable":true,"href":"https:\/\/guialimeira.com.br\/news\/wp-json\/wp\/v2\/categories?post=1983"},{"taxonomy":"post_tag","embeddable":true,"href":"https:\/\/guialimeira.com.br\/news\/wp-json\/wp\/v2\/tags?post=1983"}],"curies":[{"name":"wp","href":"https:\/\/api.w.org\/{rel}","templated":true}]}}