{"id":19825,"date":"2024-12-30T22:11:33","date_gmt":"2024-12-31T01:11:33","guid":{"rendered":"https:\/\/guialimeira.com.br\/2024\/12\/30\/caixas-pretas-de-jato-da-embraer-que-caiu-no-cazaquistao-chegam-amanha\/"},"modified":"2024-12-30T22:11:33","modified_gmt":"2024-12-31T01:11:33","slug":"caixas-pretas-de-jato-da-embraer-que-caiu-no-cazaquistao-chegam-amanha","status":"publish","type":"post","link":"https:\/\/guialimeira.com.br\/news\/caixas-pretas-de-jato-da-embraer-que-caiu-no-cazaquistao-chegam-amanha\/","title":{"rendered":"Caixas-pretas de jato da Embraer que caiu no Cazaquist\u00e3o chegam amanh\u00e3"},"content":{"rendered":"<p> <br \/>\n<\/p>\n<div>\n<p>Chegam nesta ter\u00e7a-feira (31), a\u00a0Bras\u00edlia, os gravadores de voo do jato da Embraer 190 de matr\u00edcula 4K-AZ65, que <a href=\"https:\/\/agenciabrasil.ebc.com.br\/internacional\/noticia\/2024-12\/aviao-comercial-da-embraer-cai-com-67-passageiros-no-cazaquistao\" target=\"_blank\" rel=\"noopener\">caiu, no \u00faltimo dia 25 de dezembro<\/a>, pr\u00f3ximo da cidade de Aktau, no Cazaquist\u00e3o. Conhecidos\u00a0como caixas-pretas, os gravadores s\u00e3o do tipo Cockpit Voice and Flight Data Recorder (CVFDR).<img data-recalc-dims=\"1\" decoding=\"async\" src=\"https:\/\/i0.wp.com\/agenciabrasil.ebc.com.br\/ebc.png?w=696&#038;ssl=1\" style=\"width:1px; height:1px; display:inline;\"\/><img data-recalc-dims=\"1\" decoding=\"async\" src=\"https:\/\/i0.wp.com\/agenciabrasil.ebc.com.br\/ebc.gif?w=696&#038;ssl=1\" style=\"width:1px; height:1px; display:inline;\"\/><\/p>\n<p>Os gravadores da aeronave ser\u00e3o examinados no Laborat\u00f3rio de Leitura e An\u00e1lise de Dados de Gravadores de Voo (LABDATA) do Centro de Investiga\u00e7\u00e3o e Preven\u00e7\u00e3o de Acidentes Aeron\u00e1uticos (Cenipa), na capital federal. A For\u00e7a A\u00e9rea Brasileira (FAB) n\u00e3o informou o hor\u00e1rio da chegada do material a ser periciado.<\/p>\n<p>O Cenipa \u00e9 o \u00f3rg\u00e3o brasileiro respons\u00e1vel pela investiga\u00e7\u00e3o de acidentes aeron\u00e1uticos e representante acreditado das aeronaves produzidas pela Embraer. Al\u00e9m dos t\u00e9cnicos brasileiros envolvidos na degrava\u00e7\u00e3o dos dados, o centro da Aeron\u00e1utica receber\u00e1 investigadores do Cazaquist\u00e3o, do Azerbaij\u00e3o e da R\u00fassia (tr\u00eas de cada pa\u00eds).<\/p>\n<p>O avi\u00e3o da Embraer pertencia \u00e0 frota comercial da companhia Azerbaijan Airlines\u00a0e tinha 67 pessoas a bordo, incluindo cinco\u00a0tripulantes. O jato voava de Baku, no Arzeibaij\u00e3o, para Grozny, capital da regi\u00e3o da Chech\u00eania, no sul da R\u00fassia.<\/p>\n<p>A aeronave acabou desviando da rota original at\u00e9 cair do lado oposto do Mar C\u00e1spio. Segundo ag\u00eancias de not\u00edcias internacionais, o jato foi atingido pelas defesas antia\u00e9reas russas, que atacavam drones ucranianos.<\/p>\n<p>DE acordo com\u00a0nota da FAB, \u201cao t\u00e9rmino dos trabalhos, os dados extra\u00eddos ser\u00e3o entregues \u00e0 Autoridade de Investiga\u00e7\u00e3o de Acidentes Aeron\u00e1uticos do Cazaquist\u00e3o, ag\u00eancia respons\u00e1vel pela an\u00e1lise e investiga\u00e7\u00e3o do acidente em pauta, conforme os protocolos internacionais de investiga\u00e7\u00e3o de acidentes aeron\u00e1uticos.\u201d<\/p>\n<p>      <!-- Relacionada --><\/p>\n<p>            <!-- Relacionada -->\n    <\/div>\n<p><br \/>\n<br \/><a href=\"https:\/\/agenciabrasil.ebc.com.br\/internacional\/noticia\/2024-12\/caixas-pretas-de-jato-da-embraer-que-caiu-no-cazaquistao-chegam-amanha\" rel=\"noopener\">Ag\u00eancia Brasil <\/a><\/p>\n","protected":false},"excerpt":{"rendered":"<p>Chegam nesta ter\u00e7a-feira (31), a\u00a0Bras\u00edlia, os gravadores de voo do jato da Embraer 190 de matr\u00edcula 4K-AZ65, que caiu, no \u00faltimo dia 25 de dezembro, pr\u00f3ximo da cidade de Aktau, no Cazaquist\u00e3o. Conhecidos\u00a0como caixas-pretas, os gravadores s\u00e3o do tipo Cockpit Voice and Flight Data Recorder (CVFDR). Os gravadores da aeronave ser\u00e3o examinados no Laborat\u00f3rio de [&hellip;]<\/p>\n","protected":false},"author":1,"featured_media":19576,"comment_status":"open","ping_status":"open","sticky":false,"template":"","format":"standard","meta":{"_jetpack_newsletter_access":"","_jetpack_dont_email_post_to_subs":false,"_jetpack_newsletter_tier_id":0,"_jetpack_memberships_contains_paywalled_content":false,"_mbp_banners":[],"_jetpack_feature_clip_id":0,"_jetpack_memberships_contains_paid_content":false,"footnotes":"","jetpack_publicize_message":"","jetpack_publicize_feature_enabled":true,"jetpack_social_post_already_shared":true,"jetpack_social_options":{"image_generator_settings":{"template":"highway","default_image_id":0,"font":"","enabled":false},"version":2},"jetpack_post_was_ever_published":false},"categories":[25],"tags":[],"class_list":["post-19825","post","type-post","status-publish","format-standard","has-post-thumbnail","category-internacional"],"jetpack_publicize_connections":[],"jetpack-related-posts":[],"jetpack_shortlink":"https:\/\/wp.me\/p7Eq1F-59L","jetpack_sharing_enabled":true,"jetpack_featured_media_url":"https:\/\/i0.wp.com\/guialimeira.com.br\/news\/wp-content\/uploads\/2024\/12\/2024-12-25t141048z_1110684165_rc25vbahrimw_rtrmadp_3_kazakhstan-crash.jpg?fit=1600%2C800&ssl=1","_links":{"self":[{"href":"https:\/\/guialimeira.com.br\/news\/wp-json\/wp\/v2\/posts\/19825","targetHints":{"allow":["GET"]}}],"collection":[{"href":"https:\/\/guialimeira.com.br\/news\/wp-json\/wp\/v2\/posts"}],"about":[{"href":"https:\/\/guialimeira.com.br\/news\/wp-json\/wp\/v2\/types\/post"}],"author":[{"embeddable":true,"href":"https:\/\/guialimeira.com.br\/news\/wp-json\/wp\/v2\/users\/1"}],"replies":[{"embeddable":true,"href":"https:\/\/guialimeira.com.br\/news\/wp-json\/wp\/v2\/comments?post=19825"}],"version-history":[{"count":0,"href":"https:\/\/guialimeira.com.br\/news\/wp-json\/wp\/v2\/posts\/19825\/revisions"}],"wp:featuredmedia":[{"embeddable":true,"href":"https:\/\/guialimeira.com.br\/news\/wp-json\/wp\/v2\/media\/19576"}],"wp:attachment":[{"href":"https:\/\/guialimeira.com.br\/news\/wp-json\/wp\/v2\/media?parent=19825"}],"wp:term":[{"taxonomy":"category","embeddable":true,"href":"https:\/\/guialimeira.com.br\/news\/wp-json\/wp\/v2\/categories?post=19825"},{"taxonomy":"post_tag","embeddable":true,"href":"https:\/\/guialimeira.com.br\/news\/wp-json\/wp\/v2\/tags?post=19825"}],"curies":[{"name":"wp","href":"https:\/\/api.w.org\/{rel}","templated":true}]}}