{"id":19814,"date":"2024-12-30T19:12:29","date_gmt":"2024-12-30T22:12:29","guid":{"rendered":"https:\/\/guialimeira.com.br\/2024\/12\/30\/lula-assina-decreto-que-eleva-salario-minimo-para-r-1-518\/"},"modified":"2024-12-30T19:12:29","modified_gmt":"2024-12-30T22:12:29","slug":"lula-assina-decreto-que-eleva-salario-minimo-para-r-1-518","status":"publish","type":"post","link":"https:\/\/guialimeira.com.br\/news\/lula-assina-decreto-que-eleva-salario-minimo-para-r-1-518\/","title":{"rendered":"Lula assina decreto que eleva sal\u00e1rio m\u00ednimo para R$ 1.518"},"content":{"rendered":"<p> <br \/>\n<\/p>\n<div>\n<p>O presidente Luiz In\u00e1cio Lula da Silva assinou, nesta segunda-feira (3), decreto que eleva o sal\u00e1rio m\u00ednimo para R$ 1.518 a partir de 1\u00ba de janeiro de\u00a02025.<img data-recalc-dims=\"1\" decoding=\"async\" src=\"https:\/\/i0.wp.com\/agenciabrasil.ebc.com.br\/ebc.png?w=696&#038;ssl=1\" style=\"width:1px; height:1px; display:inline;\"\/><img data-recalc-dims=\"1\" decoding=\"async\" src=\"https:\/\/i0.wp.com\/agenciabrasil.ebc.com.br\/ebc.gif?w=696&#038;ssl=1\" style=\"width:1px; height:1px; display:inline;\"\/><\/p>\n<p>O aumento de R$ 106 em rela\u00e7\u00e3o ao valor anterior supera a infla\u00e7\u00e3o acumulada no per\u00edodo.<\/p>\n<p>Lula havia sancionado a lei que limita o reajuste do sal\u00e1rio m\u00ednimo a 2,5% acima da infla\u00e7\u00e3o de 2025 a 2030.<\/p>\n<p>O c\u00e1lculo para o novo sal\u00e1rio m\u00ednimo considerou o \u00cdndice Nacional de Pre\u00e7os ao Consumidor (INPC) de 4,84% nos \u00faltimos 12 meses at\u00e9 novembro mais os 2,5% do Produto Interno Bruto (PIB), o representa ganho real acima da infla\u00e7\u00e3o.<\/p>\n<p>\u201c\u00c9 importante lembrar, e o presidente Lula destacou hoje, durante a assinatura do decreto, que em seu governo o sal\u00e1rio m\u00ednimo ter\u00e1 reajuste acima da infla\u00e7\u00e3o em todos os anos, ou seja, ganho real. Um compromisso com o processo de distribui\u00e7\u00e3o de renda, que \u00e9 o papel do sal\u00e1rio m\u00ednimo\u201d, ressaltou o ministro do Trabalho e Emprego, Luiz Marinho, segundo divulgou a pasta.<\/p>\n<p>Para o ministro, seria uma &#8220;trag\u00e9dia&#8221; se n\u00e3o houvesse a pol\u00edtica de valoriza\u00e7\u00e3o do sal\u00e1rio m\u00ednimo que foi aprovada em 2023. A expectativa de Marinho \u00e9 que em 2025 o pa\u00eds continue\u00a0com o seu ciclo de crescimento.<\/p>\n<p>Segundo o Departamento Intersindical de Estat\u00edstica e Estudos Socioecon\u00f4micos (Dieese), cerca de 59 milh\u00f5es de pessoas no Brasil t\u00eam rendimento ligado ao sal\u00e1rio m\u00ednimo. Cerca de 19 milh\u00f5es de aposentados e pensionistas recebem o valor do sal\u00e1rio m\u00ednimo.<\/p>\n<p>      <!-- Relacionada --><\/p>\n<p>            <!-- Relacionada -->\n    <\/div>\n<p><br \/>\n<br \/><a href=\"https:\/\/agenciabrasil.ebc.com.br\/economia\/noticia\/2024-12\/lula-assina-decreto-que-eleva-salario-minimo-para-r-1518\" rel=\"noopener\">Ag\u00eancia Brasil<\/a><\/p>\n","protected":false},"excerpt":{"rendered":"<p>O presidente Luiz In\u00e1cio Lula da Silva assinou, nesta segunda-feira (3), decreto que eleva o sal\u00e1rio m\u00ednimo para R$ 1.518 a partir de 1\u00ba de janeiro de\u00a02025. O aumento de R$ 106 em rela\u00e7\u00e3o ao valor anterior supera a infla\u00e7\u00e3o acumulada no per\u00edodo. Lula havia sancionado a lei que limita o reajuste do sal\u00e1rio m\u00ednimo [&hellip;]<\/p>\n","protected":false},"author":1,"featured_media":13727,"comment_status":"open","ping_status":"open","sticky":false,"template":"","format":"standard","meta":{"_jetpack_newsletter_access":"","_jetpack_dont_email_post_to_subs":false,"_jetpack_newsletter_tier_id":0,"_jetpack_memberships_contains_paywalled_content":false,"_mbp_banners":[],"_jetpack_feature_clip_id":0,"_jetpack_memberships_contains_paid_content":false,"footnotes":"","jetpack_publicize_message":"","jetpack_publicize_feature_enabled":true,"jetpack_social_post_already_shared":true,"jetpack_social_options":{"image_generator_settings":{"template":"highway","default_image_id":0,"font":"","enabled":false},"version":2},"jetpack_post_was_ever_published":false},"categories":[24],"tags":[],"class_list":["post-19814","post","type-post","status-publish","format-standard","has-post-thumbnail","category-economia"],"jetpack_publicize_connections":[],"jetpack-related-posts":[],"jetpack_shortlink":"https:\/\/wp.me\/p7Eq1F-59A","jetpack_sharing_enabled":true,"jetpack_featured_media_url":"https:\/\/i0.wp.com\/guialimeira.com.br\/news\/wp-content\/uploads\/2024\/09\/dinheiro_caixa_mcajr_abr_2907221125.jpg?fit=1600%2C800&ssl=1","_links":{"self":[{"href":"https:\/\/guialimeira.com.br\/news\/wp-json\/wp\/v2\/posts\/19814","targetHints":{"allow":["GET"]}}],"collection":[{"href":"https:\/\/guialimeira.com.br\/news\/wp-json\/wp\/v2\/posts"}],"about":[{"href":"https:\/\/guialimeira.com.br\/news\/wp-json\/wp\/v2\/types\/post"}],"author":[{"embeddable":true,"href":"https:\/\/guialimeira.com.br\/news\/wp-json\/wp\/v2\/users\/1"}],"replies":[{"embeddable":true,"href":"https:\/\/guialimeira.com.br\/news\/wp-json\/wp\/v2\/comments?post=19814"}],"version-history":[{"count":0,"href":"https:\/\/guialimeira.com.br\/news\/wp-json\/wp\/v2\/posts\/19814\/revisions"}],"wp:featuredmedia":[{"embeddable":true,"href":"https:\/\/guialimeira.com.br\/news\/wp-json\/wp\/v2\/media\/13727"}],"wp:attachment":[{"href":"https:\/\/guialimeira.com.br\/news\/wp-json\/wp\/v2\/media?parent=19814"}],"wp:term":[{"taxonomy":"category","embeddable":true,"href":"https:\/\/guialimeira.com.br\/news\/wp-json\/wp\/v2\/categories?post=19814"},{"taxonomy":"post_tag","embeddable":true,"href":"https:\/\/guialimeira.com.br\/news\/wp-json\/wp\/v2\/tags?post=19814"}],"curies":[{"name":"wp","href":"https:\/\/api.w.org\/{rel}","templated":true}]}}