{"id":19775,"date":"2024-12-30T12:05:35","date_gmt":"2024-12-30T15:05:35","guid":{"rendered":"https:\/\/guialimeira.com.br\/2024\/12\/30\/deficit-de-contas-publicas-cai-80-em-novembro-se-comparado-com-2023\/"},"modified":"2024-12-30T12:05:35","modified_gmt":"2024-12-30T15:05:35","slug":"deficit-de-contas-publicas-cai-80-em-novembro-se-comparado-com-2023","status":"publish","type":"post","link":"https:\/\/guialimeira.com.br\/news\/deficit-de-contas-publicas-cai-80-em-novembro-se-comparado-com-2023\/","title":{"rendered":"D\u00e9ficit de contas p\u00fablicas cai 80% em novembro se comparado com 2023"},"content":{"rendered":"<p> <br \/>\n<\/p>\n<div>\n<p>As contas p\u00fablicas fecharam o m\u00eas de novembro com um d\u00e9ficit prim\u00e1rio cerca de 80% menor do que o registrado no mesmo m\u00eas de 2023. O setor p\u00fablico consolidado \u2013 formado por Uni\u00e3o, estados, munic\u00edpios e empresas estatais selecionadas \u2013 ficou com saldo negativo de R$ 6,6 bilh\u00f5es no m\u00eas passado, ante um d\u00e9ficit de R$ 37,3 bilh\u00f5es em novembro do ano passado.<img data-recalc-dims=\"1\" decoding=\"async\" src=\"https:\/\/i0.wp.com\/agenciabrasil.ebc.com.br\/ebc.png?w=696&#038;ssl=1\" style=\"width:1px; height:1px; display:inline;\"\/><img data-recalc-dims=\"1\" decoding=\"async\" src=\"https:\/\/i0.wp.com\/agenciabrasil.ebc.com.br\/ebc.gif?w=696&#038;ssl=1\" style=\"width:1px; height:1px; display:inline;\"\/><\/p>\n<p>O d\u00e9ficit de novembro de 2024 \u00e9 o menor desde 2021, quando as contas p\u00fablicas registraram um super\u00e1vit de R$ 15 bilh\u00f5es em novembro. No acumulado do ano, as contas p\u00fablicas acumulam um d\u00e9ficit de R$ 63,2 bilh\u00f5es, o que representa 0,59% do Produto Interno Bruto (PIB).<\/p>\n<p>As estat\u00edsticas fiscais do setor p\u00fablico brasileiro de novembro foram divulgadas nesta segunda-feira (30) pelo Banco Central (BC). Esse c\u00e1lculo exclui as empresas financeiras ligadas ao Estado, com BNDES, Caixa Econ\u00f4mica Federal e Banco do Brasil. O c\u00e1lculo tamb\u00e9m n\u00e3o leva em conta as receitas da Petrobras. Al\u00e9m disso, o d\u00e9ficit prim\u00e1rio tamb\u00e9m n\u00e3o calcula as despesas com juros da d\u00edvida.<\/p>\n<p>No Governo Central e nas empresas estatais selecionadas houve d\u00e9ficits, da ordem, de R$ 5,7 bilh\u00f5es e R$1,3 bilh\u00e3o, e nos governos regionais, super\u00e1vit de R$ 405 milh\u00f5es.<\/p>\n<h2>D\u00edvida p\u00fablica<\/h2>\n<p>A autoridade monet\u00e1ria do pa\u00eds informou ainda que a d\u00edvida bruta do governo geral (DBGG), que contabiliza os passivos dos governos federal, estadual e municipais \u2013 ficou em 77,7% do PIB em novembro, ou seja, R$ 9,1 trilh\u00f5es de reais.<\/p>\n<p>Houve uma redu\u00e7\u00e3o de 0,1 ponto percentual (p.p.) do PIB em rela\u00e7\u00e3o ao m\u00eas anterior. J\u00e1 em dezembro de 2023, a d\u00edvida estava em 73,8% do PIB, ainda segundo o BC. O principal fator que impulsionou neste ano o crescimento de 3,9 p.p. da d\u00edvida em rela\u00e7\u00e3o ao PIB foram os juros nominais (+6,9 p.p.), seguida pela emiss\u00e3o l\u00edquida da d\u00edvida (+0,7 p.p.).<\/p>\n<p>Na \u00faltima reuni\u00e3o do ano, no dia 11 de dezembro, o Comit\u00ea de Pol\u00edtica Monet\u00e1ria (Copom) aumentou a taxa Selic, juros b\u00e1sicos da economia brasileira, em 1 ponto percentual, para 12,25% ao ano.\u00a0A consultoria financeira <a href=\"https:\/\/moneyou.com.br\/wp-content\/uploads\/2024\/12\/rankingdejurosreais111224.pdf\" target=\"_blank\" rel=\"noopener\">MoneYou <\/a>calcula que o Brasil tem a segunda maior taxa de juros reais do mundo, perdendo apenas para a Turquia.\u00a0<\/p>\n<h2>Despesas com juros<\/h2>\n<p>Em novembro deste ano, o Brasil gastou com juros nominais R$ 92,5 bilh\u00f5es, ante R$ 43 bilh\u00f5es gastos em novembro de 2023. De acordo com o BC, \u201cesse aumento foi influenciado pelo resultado das opera\u00e7\u00f5es de swap cambial (perda de R$ 20,3 bilh\u00f5es em novembro de 2024 e ganho de R$18,3 bilh\u00f5es em novembro de 2023)\u201d. O swap cambial equivalente \u00e0 venda de d\u00f3lares no mercado para tentar conter a alta da moeda norte-americana.<\/p>\n<p>No acumulado em doze meses at\u00e9 novembro deste ano, os juros nominais alcan\u00e7aram R$\u00a0918,2 bilh\u00f5es (7,85% do PIB), comparativamente a R$ 713,4 bilh\u00f5es (6,56% do PIB) nos doze meses at\u00e9 novembro de 2023.<\/p>\n<p>      <!-- Relacionada --><\/p>\n<p>            <!-- Relacionada -->\n    <\/div>\n<p><br \/>\n<br \/><a href=\"https:\/\/agenciabrasil.ebc.com.br\/economia\/noticia\/2024-12\/deficit-de-contas-publicas-cai-80-em-novembro-se-comparado-com-2023\" rel=\"noopener\">Ag\u00eancia Brasil<\/a><\/p>\n","protected":false},"excerpt":{"rendered":"<p>As contas p\u00fablicas fecharam o m\u00eas de novembro com um d\u00e9ficit prim\u00e1rio cerca de 80% menor do que o registrado no mesmo m\u00eas de 2023. O setor p\u00fablico consolidado \u2013 formado por Uni\u00e3o, estados, munic\u00edpios e empresas estatais selecionadas \u2013 ficou com saldo negativo de R$ 6,6 bilh\u00f5es no m\u00eas passado, ante um d\u00e9ficit de [&hellip;]<\/p>\n","protected":false},"author":1,"featured_media":19776,"comment_status":"open","ping_status":"open","sticky":false,"template":"","format":"standard","meta":{"_jetpack_newsletter_access":"","_jetpack_dont_email_post_to_subs":false,"_jetpack_newsletter_tier_id":0,"_jetpack_memberships_contains_paywalled_content":false,"_mbp_banners":[],"_jetpack_feature_clip_id":0,"_jetpack_memberships_contains_paid_content":false,"footnotes":"","jetpack_publicize_message":"","jetpack_publicize_feature_enabled":true,"jetpack_social_post_already_shared":true,"jetpack_social_options":{"image_generator_settings":{"template":"highway","default_image_id":0,"font":"","enabled":false},"version":2},"jetpack_post_was_ever_published":false},"categories":[24],"tags":[],"class_list":["post-19775","post","type-post","status-publish","format-standard","has-post-thumbnail","category-economia"],"jetpack_publicize_connections":[],"jetpack-related-posts":[],"jetpack_shortlink":"https:\/\/wp.me\/p7Eq1F-58X","jetpack_sharing_enabled":true,"jetpack_featured_media_url":"https:\/\/i0.wp.com\/guialimeira.com.br\/news\/wp-content\/uploads\/2024\/12\/pzzb2076-2.jpg?fit=1600%2C800&ssl=1","_links":{"self":[{"href":"https:\/\/guialimeira.com.br\/news\/wp-json\/wp\/v2\/posts\/19775","targetHints":{"allow":["GET"]}}],"collection":[{"href":"https:\/\/guialimeira.com.br\/news\/wp-json\/wp\/v2\/posts"}],"about":[{"href":"https:\/\/guialimeira.com.br\/news\/wp-json\/wp\/v2\/types\/post"}],"author":[{"embeddable":true,"href":"https:\/\/guialimeira.com.br\/news\/wp-json\/wp\/v2\/users\/1"}],"replies":[{"embeddable":true,"href":"https:\/\/guialimeira.com.br\/news\/wp-json\/wp\/v2\/comments?post=19775"}],"version-history":[{"count":0,"href":"https:\/\/guialimeira.com.br\/news\/wp-json\/wp\/v2\/posts\/19775\/revisions"}],"wp:featuredmedia":[{"embeddable":true,"href":"https:\/\/guialimeira.com.br\/news\/wp-json\/wp\/v2\/media\/19776"}],"wp:attachment":[{"href":"https:\/\/guialimeira.com.br\/news\/wp-json\/wp\/v2\/media?parent=19775"}],"wp:term":[{"taxonomy":"category","embeddable":true,"href":"https:\/\/guialimeira.com.br\/news\/wp-json\/wp\/v2\/categories?post=19775"},{"taxonomy":"post_tag","embeddable":true,"href":"https:\/\/guialimeira.com.br\/news\/wp-json\/wp\/v2\/tags?post=19775"}],"curies":[{"name":"wp","href":"https:\/\/api.w.org\/{rel}","templated":true}]}}