{"id":19761,"date":"2024-12-30T08:00:32","date_gmt":"2024-12-30T11:00:32","guid":{"rendered":"https:\/\/guialimeira.com.br\/2024\/12\/30\/prazo-para-pagar-darf-simples-e-previdencia-acaba-hoje\/"},"modified":"2024-12-30T08:00:32","modified_gmt":"2024-12-30T11:00:32","slug":"prazo-para-pagar-darf-simples-e-previdencia-acaba-hoje","status":"publish","type":"post","link":"https:\/\/guialimeira.com.br\/news\/prazo-para-pagar-darf-simples-e-previdencia-acaba-hoje\/","title":{"rendered":"Prazo para pagar Darf, Simples e Previd\u00eancia acaba hoje"},"content":{"rendered":"<p> <br \/>\n<\/p>\n<div>\n<p>Pessoas f\u00edsicas e empresas devem estar atentas ao pagamento das obriga\u00e7\u00f5es tribut\u00e1rias. Acaba nesta segunda-feira (30) o prazo para a emiss\u00e3o do Documento de Arrecada\u00e7\u00e3o de Receitas Federais (Darf), do Documento de Arrecada\u00e7\u00e3o do Simples Nacional (DAS) e da Guia da Previd\u00eancia Social (GPS).<img data-recalc-dims=\"1\" decoding=\"async\" src=\"https:\/\/i0.wp.com\/agenciabrasil.ebc.com.br\/ebc.png?w=696&#038;ssl=1\" style=\"width:1px; height:1px; display:inline;\"\/><img data-recalc-dims=\"1\" decoding=\"async\" src=\"https:\/\/i0.wp.com\/agenciabrasil.ebc.com.br\/ebc.gif?w=696&#038;ssl=1\" style=\"width:1px; height:1px; display:inline;\"\/><\/p>\n<p>As guias emitidas nesta segunda-feira devem ser pagas hoje, \u00faltimo dia de atendimento ao p\u00fablico nas ag\u00eancias e de realiza\u00e7\u00e3o de opera\u00e7\u00f5es banc\u00e1rias. Os documentos emitidos em 31 de dezembro ter\u00e3o os vencimentos transferidos para 2025, o que pode gerar multas e irregularidades aos contribuintes.<\/p>\n<p>A obriga\u00e7\u00e3o vale tanto para os pagamentos mensais correntes, como impostos, contribui\u00e7\u00f5es para a Previd\u00eancia Social e guias do Simples Nacional e do microempreendedor individual (MEI), como para os contribuintes que renegociaram d\u00e9bitos com a Receita Federal e a Procuradoria-Geral da Fazenda Nacional (PGFN). Os pagamentos de transa\u00e7\u00f5es tribut\u00e1rias \u2013 acordos especiais baseados na capacidade de pagamento do devedor \u2013 tamb\u00e9m vencem nesta segunda.<\/p>\n<h2>Hor\u00e1rios reduzidos<\/h2>\n<p>Segundo a Federa\u00e7\u00e3o Brasileira de Bancos (Febraban), em 25 de dezembro (Natal) e 1\u00ba de janeiro (ano-novo), feriados nacionais, as compensa\u00e7\u00f5es banc\u00e1rias n\u00e3o ser\u00e3o efetivadas porque n\u00e3o h\u00e1 expediente banc\u00e1rio nessas datas, incluindo a Transfer\u00eancia Eletr\u00f4nica Dispon\u00edvel (TED). Somente o Pix, que funciona 24 horas por dia, poder\u00e1 ser feito normalmente.<\/p>\n<p>O \u00faltimo dia \u00fatil do ano para atendimento presencial ao p\u00fablico &#8211; com expediente normal para a realiza\u00e7\u00e3o de todas as opera\u00e7\u00f5es banc\u00e1rias &#8211; ser\u00e1 nesta segunda-feira (30). Em 31 de dezembro, ter\u00e7a-feira, tamb\u00e9m n\u00e3o h\u00e1 expediente banc\u00e1rio, e as compensa\u00e7\u00f5es banc\u00e1rias n\u00e3o ser\u00e3o efetivadas.<\/p>\n<p>Em rela\u00e7\u00e3o \u00e0s ag\u00eancias da PGFN, haver\u00e1 expediente reduzido no dia 31. O devedor pode consultar,<a href=\"https:\/\/www.gov.br\/pgfn\/pt-br\/canais_atendimento\/atendimento-ao-contribuinte\/contribuinte\" target=\"_blank\" rel=\"noopener\"> no Portal Regularize<\/a>, os canais de atendimento e a possibilidade de falar com um servidor da PGFN nas ag\u00eancias regionais. Em 2 de janeiro, os bancos e as ag\u00eancias da Receita e da PGFN funcionar\u00e3o normalmente para atendimento presencial onde n\u00e3o h\u00e1 feriado municipal.<\/p>\n<p>\u00a0<\/p>\n<p>      <!-- Relacionada --><\/p>\n<p>            <!-- Relacionada -->\n    <\/div>\n<p><br \/>\n<br \/><a href=\"https:\/\/agenciabrasil.ebc.com.br\/economia\/noticia\/2024-12\/prazo-para-pagar-darf-simples-e-previdencia-acaba-hoje\" rel=\"noopener\">Ag\u00eancia Brasil<\/a><\/p>\n","protected":false},"excerpt":{"rendered":"<p>Pessoas f\u00edsicas e empresas devem estar atentas ao pagamento das obriga\u00e7\u00f5es tribut\u00e1rias. Acaba nesta segunda-feira (30) o prazo para a emiss\u00e3o do Documento de Arrecada\u00e7\u00e3o de Receitas Federais (Darf), do Documento de Arrecada\u00e7\u00e3o do Simples Nacional (DAS) e da Guia da Previd\u00eancia Social (GPS). As guias emitidas nesta segunda-feira devem ser pagas hoje, \u00faltimo dia [&hellip;]<\/p>\n","protected":false},"author":1,"featured_media":18020,"comment_status":"open","ping_status":"open","sticky":false,"template":"","format":"standard","meta":{"_jetpack_newsletter_access":"","_jetpack_dont_email_post_to_subs":false,"_jetpack_newsletter_tier_id":0,"_jetpack_memberships_contains_paywalled_content":false,"_mbp_banners":[],"_jetpack_feature_clip_id":0,"_jetpack_memberships_contains_paid_content":false,"footnotes":"","jetpack_publicize_message":"","jetpack_publicize_feature_enabled":true,"jetpack_social_post_already_shared":true,"jetpack_social_options":{"image_generator_settings":{"template":"highway","default_image_id":0,"font":"","enabled":false},"version":2},"jetpack_post_was_ever_published":false},"categories":[24],"tags":[],"class_list":["post-19761","post","type-post","status-publish","format-standard","has-post-thumbnail","category-economia"],"jetpack_publicize_connections":[],"jetpack-related-posts":[],"jetpack_shortlink":"https:\/\/wp.me\/p7Eq1F-58J","jetpack_sharing_enabled":true,"jetpack_featured_media_url":"https:\/\/i0.wp.com\/guialimeira.com.br\/news\/wp-content\/uploads\/2024\/11\/dinheiro_caixa_mcajr_abr_2907221128.jpg?fit=1600%2C800&ssl=1","_links":{"self":[{"href":"https:\/\/guialimeira.com.br\/news\/wp-json\/wp\/v2\/posts\/19761","targetHints":{"allow":["GET"]}}],"collection":[{"href":"https:\/\/guialimeira.com.br\/news\/wp-json\/wp\/v2\/posts"}],"about":[{"href":"https:\/\/guialimeira.com.br\/news\/wp-json\/wp\/v2\/types\/post"}],"author":[{"embeddable":true,"href":"https:\/\/guialimeira.com.br\/news\/wp-json\/wp\/v2\/users\/1"}],"replies":[{"embeddable":true,"href":"https:\/\/guialimeira.com.br\/news\/wp-json\/wp\/v2\/comments?post=19761"}],"version-history":[{"count":0,"href":"https:\/\/guialimeira.com.br\/news\/wp-json\/wp\/v2\/posts\/19761\/revisions"}],"wp:featuredmedia":[{"embeddable":true,"href":"https:\/\/guialimeira.com.br\/news\/wp-json\/wp\/v2\/media\/18020"}],"wp:attachment":[{"href":"https:\/\/guialimeira.com.br\/news\/wp-json\/wp\/v2\/media?parent=19761"}],"wp:term":[{"taxonomy":"category","embeddable":true,"href":"https:\/\/guialimeira.com.br\/news\/wp-json\/wp\/v2\/categories?post=19761"},{"taxonomy":"post_tag","embeddable":true,"href":"https:\/\/guialimeira.com.br\/news\/wp-json\/wp\/v2\/tags?post=19761"}],"curies":[{"name":"wp","href":"https:\/\/api.w.org\/{rel}","templated":true}]}}