{"id":1975,"date":"2024-04-19T12:33:51","date_gmt":"2024-04-19T15:33:51","guid":{"rendered":"https:\/\/guialimeira.com.br\/2024\/04\/19\/onibus-da-linha-304-monte-libano-operam-com-desvio-portal-do-municipio-de-piracicaba\/"},"modified":"2024-04-19T12:33:51","modified_gmt":"2024-04-19T15:33:51","slug":"onibus-da-linha-304-monte-libano-operam-com-desvio-portal-do-municipio-de-piracicaba","status":"publish","type":"post","link":"https:\/\/guialimeira.com.br\/news\/onibus-da-linha-304-monte-libano-operam-com-desvio-portal-do-municipio-de-piracicaba\/","title":{"rendered":"\u00d4nibus da linha 304-Monte L\u00edbano\u00a0operam\u00a0com desvio \u2013 Portal do Munic\u00edpio de Piracicaba"},"content":{"rendered":"<p> <br \/>\n<\/p>\n<div itemprop=\"articleBody\">\n<div class=\"m-auto col-lg-8\">\n<p>A Prefeitura, por meio da Secretaria de Mobilidade Urbana, Tr\u00e2nsito e Transportes (Semutran), informa que a linha 304-Monte L\u00edbano\u00a0opera\u00a0com desvio\u00a0e n\u00e3o atende, no momento, as ruas\u00a0Professor Pedro de Mello\u00a0e\u00a0Jos\u00e9 Ant\u00f3nio da Cruz e\u00a0a avenida Thales Castanho de Andrade.\u00a0O desvio ocorre por orienta\u00e7\u00e3o das for\u00e7as de seguran\u00e7a.\u00a0Vale ressaltar que o desvio atual representa apenas 10% do trajeto total da linha.<br \/>A medida foi tomada em face do ocorrido com um \u00f4nibus da linha que foi queimado\u00a0na madrugada de ontem, quarta-feira, 17\/4, na\u00a0avenida Thales Castanho de Andrade.<br \/>A Semuttran informa tamb\u00e9m que devido ao incidente, a linha 317-Jardim Paraiso n\u00e3o\u00a0atende\u00a0as ruas Carolina Molon Neme, Dona Stella, Madre Maria Helena do Esp\u00edrito Santo, Gerv\u00e1sio Rovina e avenida Thales Castanho de Andrade.<br \/>A retomada do itiner\u00e1rio normal ser\u00e1 feita ap\u00f3s a orienta\u00e7\u00e3o das for\u00e7as de seguran\u00e7a.<\/p>\n<\/div>\n<\/div>\n<p><br \/>\n<br \/><a href=\"https:\/\/piracicaba.sp.gov.br\/noticias\/onibus-da-linha-304-monte-libano-operam-com-desvio\/\" rel=\"noopener\">Informa\u00e7\u00f5es PMP <\/a><\/p>\n","protected":false},"excerpt":{"rendered":"<p>A Prefeitura, por meio da Secretaria de Mobilidade Urbana, Tr\u00e2nsito e Transportes (Semutran), informa que a linha 304-Monte L\u00edbano\u00a0opera\u00a0com desvio\u00a0e n\u00e3o atende, no momento, as ruas\u00a0Professor Pedro de Mello\u00a0e\u00a0Jos\u00e9 Ant\u00f3nio da Cruz e\u00a0a avenida Thales Castanho de Andrade.\u00a0O desvio ocorre por orienta\u00e7\u00e3o das for\u00e7as de seguran\u00e7a.\u00a0Vale ressaltar que o desvio atual representa apenas 10% do [&hellip;]<\/p>\n","protected":false},"author":1,"featured_media":532,"comment_status":"open","ping_status":"open","sticky":false,"template":"","format":"standard","meta":{"_jetpack_newsletter_access":"","_jetpack_dont_email_post_to_subs":false,"_jetpack_newsletter_tier_id":0,"_jetpack_memberships_contains_paywalled_content":false,"_mbp_banners":[],"_jetpack_feature_clip_id":0,"_jetpack_memberships_contains_paid_content":false,"footnotes":"","jetpack_publicize_message":"","jetpack_publicize_feature_enabled":true,"jetpack_social_post_already_shared":true,"jetpack_social_options":{"image_generator_settings":{"template":"highway","default_image_id":0,"font":"","enabled":false},"version":2},"jetpack_post_was_ever_published":false},"categories":[20],"tags":[],"class_list":["post-1975","post","type-post","status-publish","format-standard","has-post-thumbnail","category-regiao"],"jetpack_publicize_connections":[],"jetpack-related-posts":[],"jetpack_shortlink":"https:\/\/wp.me\/p7Eq1F-vR","jetpack_sharing_enabled":true,"jetpack_featured_media_url":"https:\/\/i0.wp.com\/guialimeira.com.br\/news\/wp-content\/uploads\/2024\/03\/brasao.png?fit=512%2C512&ssl=1","_links":{"self":[{"href":"https:\/\/guialimeira.com.br\/news\/wp-json\/wp\/v2\/posts\/1975","targetHints":{"allow":["GET"]}}],"collection":[{"href":"https:\/\/guialimeira.com.br\/news\/wp-json\/wp\/v2\/posts"}],"about":[{"href":"https:\/\/guialimeira.com.br\/news\/wp-json\/wp\/v2\/types\/post"}],"author":[{"embeddable":true,"href":"https:\/\/guialimeira.com.br\/news\/wp-json\/wp\/v2\/users\/1"}],"replies":[{"embeddable":true,"href":"https:\/\/guialimeira.com.br\/news\/wp-json\/wp\/v2\/comments?post=1975"}],"version-history":[{"count":0,"href":"https:\/\/guialimeira.com.br\/news\/wp-json\/wp\/v2\/posts\/1975\/revisions"}],"wp:featuredmedia":[{"embeddable":true,"href":"https:\/\/guialimeira.com.br\/news\/wp-json\/wp\/v2\/media\/532"}],"wp:attachment":[{"href":"https:\/\/guialimeira.com.br\/news\/wp-json\/wp\/v2\/media?parent=1975"}],"wp:term":[{"taxonomy":"category","embeddable":true,"href":"https:\/\/guialimeira.com.br\/news\/wp-json\/wp\/v2\/categories?post=1975"},{"taxonomy":"post_tag","embeddable":true,"href":"https:\/\/guialimeira.com.br\/news\/wp-json\/wp\/v2\/tags?post=1975"}],"curies":[{"name":"wp","href":"https:\/\/api.w.org\/{rel}","templated":true}]}}