{"id":19741,"date":"2024-12-29T11:39:37","date_gmt":"2024-12-29T14:39:37","guid":{"rendered":"https:\/\/guialimeira.com.br\/2024\/12\/29\/lula-sanciona-regra-que-limita-aumento-do-salario-minimo-veja-valor\/"},"modified":"2024-12-29T11:39:37","modified_gmt":"2024-12-29T14:39:37","slug":"lula-sanciona-regra-que-limita-aumento-do-salario-minimo-veja-valor","status":"publish","type":"post","link":"https:\/\/guialimeira.com.br\/news\/lula-sanciona-regra-que-limita-aumento-do-salario-minimo-veja-valor\/","title":{"rendered":"Lula sanciona regra que limita aumento do sal\u00e1rio m\u00ednimo; veja valor"},"content":{"rendered":"<p> <br \/>\n<\/p>\n<div>\n<p>O presidente Luiz In\u00e1cio Lula da Silva sancionou a lei que limita o reajuste do sal\u00e1rio m\u00ednimo a 2,5% acima da infla\u00e7\u00e3o de 2025 a 2030. A medida faz parte do pacote de corte de gastos obrigat\u00f3rios, proposto pelo governo federal e\u00a0aprovado pelo Congresso Nacional h\u00e1 cerca de dez dias.<img data-recalc-dims=\"1\" decoding=\"async\" src=\"https:\/\/i0.wp.com\/agenciabrasil.ebc.com.br\/ebc.png?w=696&#038;ssl=1\" style=\"width:1px; height:1px; display:inline;\"\/><img data-recalc-dims=\"1\" decoding=\"async\" src=\"https:\/\/i0.wp.com\/agenciabrasil.ebc.com.br\/ebc.gif?w=696&#038;ssl=1\" style=\"width:1px; height:1px; display:inline;\"\/><\/p>\n<p>Com a nova regra, o piso salarial para 2025 deve ficar em R$ 1.518, com aumento de R$ 106 em rela\u00e7\u00e3o aos R$ 1.412 do sal\u00e1rio m\u00ednimo atual. O valor s\u00f3 ser\u00e1 oficializado nos pr\u00f3ximos dias, por meio de decreto presidencial a ser editado.<\/p>\n<p>A nova regra de reajuste tem como objetivo adequar o crescimento do sal\u00e1rio m\u00ednimo aos limites definidos pelo novo arcabou\u00e7o fiscal. Dessa forma, o sal\u00e1rio m\u00ednimo crescer\u00e1 de 0,6% a 2,5% ao ano acima da infla\u00e7\u00e3o.<\/p>\n<p>A pol\u00edtica atual de reajuste continua valendo. Desde 2023, o sal\u00e1rio m\u00ednimo \u00e9 corrigido pela soma da infla\u00e7\u00e3o medida pelo \u00cdndice Nacional de Pre\u00e7os ao Consumidor (INPC) em 12 meses at\u00e9 novembro, e do crescimento do Produto Interno Bruto (PIB) de dois anos anteriores. A diferen\u00e7a \u00e9 que haver\u00e1 um teto de reajuste em 2,5% acima da infla\u00e7\u00e3o.<\/p>\n<p>Aprovada pelo Congresso no \u00faltimo dia do ano legislativo, <a href=\"https:\/\/agenciabrasil.ebc.com.br\/politica\/noticia\/2024-12\/senado-aprova-teto-para-salario-minimo-e-mudancas-no-bpc\" target=\"_blank\" rel=\"noopener\">a lei do sal\u00e1rio m\u00ednimo<\/a> dever\u00e1 gerar economia de R$ 15,3 bilh\u00f5es nos pr\u00f3ximos cinco anos. Segundo a Lei de Diretrizes Or\u00e7ament\u00e1rias, cada R$ 1 de aumento do sal\u00e1rio m\u00ednimo eleva os gastos em R$ 392 milh\u00f5es, principalmente por causa da Previd\u00eancia Social e dos benef\u00edcios vinculados ao m\u00ednimo, como o Benef\u00edcio de Presta\u00e7\u00e3o Continuada (BPC).<\/p>\n<p>Pela regra anterior, o sal\u00e1rio m\u00ednimo para 2025 ficaria em torno de R$ 1.528. Isso equivale \u00e0 infla\u00e7\u00e3o pelo INPC de 4,84% nos 12 meses terminados em novembro, mais o crescimento de 3,2% do PIB em 2023. Com o novo teto, a parcela do crescimento do PIB estar\u00e1 limitada a 2,5%, levando ao novo valor de R$ 1.518.<\/p>\n<p>O novo sal\u00e1rio s\u00f3 come\u00e7ar\u00e1 a ser pago no fim de janeiro ou in\u00edcio de fevereiro, referente aos dias trabalhados em janeiro de 2025.<\/p>\n<p>      <!-- Relacionada --><\/p>\n<p>            <!-- Relacionada -->\n    <\/div>\n<p><br \/>\n<br \/><a href=\"https:\/\/agenciabrasil.ebc.com.br\/economia\/noticia\/2024-12\/lula-sanciona-regra-que-limita-aumento-do-salario-minimo-veja-valor\" rel=\"noopener\">Ag\u00eancia Brasil<\/a><\/p>\n","protected":false},"excerpt":{"rendered":"<p>O presidente Luiz In\u00e1cio Lula da Silva sancionou a lei que limita o reajuste do sal\u00e1rio m\u00ednimo a 2,5% acima da infla\u00e7\u00e3o de 2025 a 2030. A medida faz parte do pacote de corte de gastos obrigat\u00f3rios, proposto pelo governo federal e\u00a0aprovado pelo Congresso Nacional h\u00e1 cerca de dez dias. Com a nova regra, o [&hellip;]<\/p>\n","protected":false},"author":1,"featured_media":19742,"comment_status":"open","ping_status":"open","sticky":false,"template":"","format":"standard","meta":{"_jetpack_newsletter_access":"","_jetpack_dont_email_post_to_subs":false,"_jetpack_newsletter_tier_id":0,"_jetpack_memberships_contains_paywalled_content":false,"_mbp_banners":[],"_jetpack_feature_clip_id":0,"_jetpack_memberships_contains_paid_content":false,"footnotes":"","jetpack_publicize_message":"","jetpack_publicize_feature_enabled":true,"jetpack_social_post_already_shared":true,"jetpack_social_options":{"image_generator_settings":{"template":"highway","default_image_id":0,"font":"","enabled":false},"version":2},"jetpack_post_was_ever_published":false},"categories":[24],"tags":[],"class_list":["post-19741","post","type-post","status-publish","format-standard","has-post-thumbnail","category-economia"],"jetpack_publicize_connections":[],"jetpack-related-posts":[],"jetpack_shortlink":"https:\/\/wp.me\/p7Eq1F-58p","jetpack_sharing_enabled":true,"jetpack_featured_media_url":"https:\/\/i0.wp.com\/guialimeira.com.br\/news\/wp-content\/uploads\/2024\/12\/realdinheiro_moeda_1310202269.jpg?fit=1600%2C800&ssl=1","_links":{"self":[{"href":"https:\/\/guialimeira.com.br\/news\/wp-json\/wp\/v2\/posts\/19741","targetHints":{"allow":["GET"]}}],"collection":[{"href":"https:\/\/guialimeira.com.br\/news\/wp-json\/wp\/v2\/posts"}],"about":[{"href":"https:\/\/guialimeira.com.br\/news\/wp-json\/wp\/v2\/types\/post"}],"author":[{"embeddable":true,"href":"https:\/\/guialimeira.com.br\/news\/wp-json\/wp\/v2\/users\/1"}],"replies":[{"embeddable":true,"href":"https:\/\/guialimeira.com.br\/news\/wp-json\/wp\/v2\/comments?post=19741"}],"version-history":[{"count":0,"href":"https:\/\/guialimeira.com.br\/news\/wp-json\/wp\/v2\/posts\/19741\/revisions"}],"wp:featuredmedia":[{"embeddable":true,"href":"https:\/\/guialimeira.com.br\/news\/wp-json\/wp\/v2\/media\/19742"}],"wp:attachment":[{"href":"https:\/\/guialimeira.com.br\/news\/wp-json\/wp\/v2\/media?parent=19741"}],"wp:term":[{"taxonomy":"category","embeddable":true,"href":"https:\/\/guialimeira.com.br\/news\/wp-json\/wp\/v2\/categories?post=19741"},{"taxonomy":"post_tag","embeddable":true,"href":"https:\/\/guialimeira.com.br\/news\/wp-json\/wp\/v2\/tags?post=19741"}],"curies":[{"name":"wp","href":"https:\/\/api.w.org\/{rel}","templated":true}]}}