{"id":19722,"date":"2024-12-28T15:17:35","date_gmt":"2024-12-28T18:17:35","guid":{"rendered":"https:\/\/guialimeira.com.br\/2024\/12\/28\/uniao-pagara-r-1138-mi-para-financiar-hospital-de-porto-alegre-2\/"},"modified":"2024-12-28T15:17:35","modified_gmt":"2024-12-28T18:17:35","slug":"uniao-pagara-r-1138-mi-para-financiar-hospital-de-porto-alegre-2","status":"publish","type":"post","link":"https:\/\/guialimeira.com.br\/news\/uniao-pagara-r-1138-mi-para-financiar-hospital-de-porto-alegre-2\/","title":{"rendered":"Uni\u00e3o pagar\u00e1 R$ 113,8 mi para financiar hospital de Porto Alegre"},"content":{"rendered":"<p> <br \/>\n<\/p>\n<div>\n<p>A Uni\u00e3o pagar\u00e1 R$ 113,88 milh\u00f5es \u00e0 prefeitura de Porto Alegre para encerrar uma disputa judicial de 24 anos relativa ao Hospital Materno-Infantil Presidente Vargas. A Advocacia-Geral da Uni\u00e3o (AGU) anunciou, nessa sexta-feira (27) \u00e0 noite, a assinatura do acordo relativo \u00e0 transfer\u00eancia do hospital para a capital ga\u00facha.<img data-recalc-dims=\"1\" decoding=\"async\" src=\"https:\/\/i0.wp.com\/agenciabrasil.ebc.com.br\/ebc.png?w=696&#038;ssl=1\" style=\"width:1px; height:1px; display:inline;\"\/><img data-recalc-dims=\"1\" decoding=\"async\" src=\"https:\/\/i0.wp.com\/agenciabrasil.ebc.com.br\/ebc.gif?w=696&#038;ssl=1\" style=\"width:1px; height:1px; display:inline;\"\/><\/p>\n<p>Segundo o acordo, assinado pela C\u00e2mara de Media\u00e7\u00e3o e de Concilia\u00e7\u00e3o da Administra\u00e7\u00e3o P\u00fablica Federal (CCAF), vinculada \u00e0 AGU, o governo federal pagar\u00e1 R$ 50 milh\u00f5es em 2025. A diferen\u00e7a em rela\u00e7\u00e3o aos R$ 113,88 milh\u00f5es ser\u00e1 dividida em parcelas anuais nos cinco anos seguintes, sem corre\u00e7\u00e3o monet\u00e1ria ou juros futuros.<\/p>\n<p>O dinheiro cobrir\u00e1 a contrata\u00e7\u00e3o de servidores municipais para substituir servidores federais afastados entre 2014 e 2021, per\u00edodo em que a Uni\u00e3o deixou de transferir dinheiro ao hospital. Em 2021, foi assinado um acordo, mas permanecia a d\u00favida em rela\u00e7\u00e3o aos sete anos em que a unidade n\u00e3o recebeu recursos\u00a0do Minist\u00e9rio da Sa\u00fade.<\/p>\n<h2>Hist\u00f3rico<\/h2>\n<p>Em 2000, a Uni\u00e3o assinou uma cess\u00e3o de uso da unidade de sa\u00fade que, na pr\u00e1tica, transferiu a gest\u00e3o do hospital \u00e0 prefeitura de Porto Alegre, mas ocorreram diverg\u00eancias se o governo federal deveria continuar a aportar dinheiro \u00e0 unidade de sa\u00fade. O Minist\u00e9rio da Sa\u00fade e a prefeitura de Porto Alegre discordaram sobre o repasse de verbas da Uni\u00e3o para a gest\u00e3o e execu\u00e7\u00e3o das atividades do hospital.<\/p>\n<p>Um primeiro acordo foi assinado em 2021, que permitiu parte do ressarcimento das despesas da Uni\u00e3o \u00e0 capital ga\u00facha. Na ocasi\u00e3o, o Minist\u00e9rio da Sa\u00fade concordou em repassar R$ 45 milh\u00f5es ao munic\u00edpio para financiar tratamentos de m\u00e9dia e alta complexidade, e em aumentar em R$ 2 milh\u00f5es mensais o teto municipal de valores destinados a esses tipos de tratamentos (Teto MAC).<\/p>\n<p>No entanto, as discuss\u00f5es em rela\u00e7\u00e3o \u00e0 contrata\u00e7\u00e3o de servidores municipais para substitu\u00edrem\u00a0os federais afastados de 2014 e 2021 permaneceu. Ao somar os dois acordos, a negocia\u00e7\u00e3o final ficou em torno de R$ 160 milh\u00f5es para a Uni\u00e3o, al\u00e9m do acr\u00e9scimo mensal ao teto de recursos para os tratamentos de m\u00e9dia e de alta complexidade.<\/p>\n<p>      <!-- Relacionada --><br \/>\n            <!-- Relacionada -->\n    <\/div>\n<p><br \/>\n<br \/><a href=\"https:\/\/agenciabrasil.ebc.com.br\/economia\/noticia\/2024-12\/uniao-pagara-r-1138-mi-para-financiar-hospital-de-porto-alegre\" rel=\"noopener\">Ag\u00eancia Brasil<\/a><\/p>\n","protected":false},"excerpt":{"rendered":"<p>A Uni\u00e3o pagar\u00e1 R$ 113,88 milh\u00f5es \u00e0 prefeitura de Porto Alegre para encerrar uma disputa judicial de 24 anos relativa ao Hospital Materno-Infantil Presidente Vargas. A Advocacia-Geral da Uni\u00e3o (AGU) anunciou, nessa sexta-feira (27) \u00e0 noite, a assinatura do acordo relativo \u00e0 transfer\u00eancia do hospital para a capital ga\u00facha. Segundo o acordo, assinado pela C\u00e2mara [&hellip;]<\/p>\n","protected":false},"author":1,"featured_media":269,"comment_status":"open","ping_status":"open","sticky":false,"template":"","format":"standard","meta":{"_jetpack_newsletter_access":"","_jetpack_dont_email_post_to_subs":false,"_jetpack_newsletter_tier_id":0,"_jetpack_memberships_contains_paywalled_content":false,"_mbp_banners":[],"_jetpack_feature_clip_id":0,"_jetpack_memberships_contains_paid_content":false,"footnotes":"","jetpack_publicize_message":"","jetpack_publicize_feature_enabled":true,"jetpack_social_post_already_shared":true,"jetpack_social_options":{"image_generator_settings":{"template":"highway","default_image_id":0,"font":"","enabled":false},"version":2},"jetpack_post_was_ever_published":false},"categories":[24],"tags":[],"class_list":["post-19722","post","type-post","status-publish","format-standard","has-post-thumbnail","category-economia"],"jetpack_publicize_connections":[],"jetpack-related-posts":[],"jetpack_shortlink":"https:\/\/wp.me\/p7Eq1F-586","jetpack_sharing_enabled":true,"jetpack_featured_media_url":"https:\/\/i0.wp.com\/guialimeira.com.br\/news\/wp-content\/uploads\/2024\/03\/thumb_1200x600_agbrasil.png?fit=1200%2C600&ssl=1","_links":{"self":[{"href":"https:\/\/guialimeira.com.br\/news\/wp-json\/wp\/v2\/posts\/19722","targetHints":{"allow":["GET"]}}],"collection":[{"href":"https:\/\/guialimeira.com.br\/news\/wp-json\/wp\/v2\/posts"}],"about":[{"href":"https:\/\/guialimeira.com.br\/news\/wp-json\/wp\/v2\/types\/post"}],"author":[{"embeddable":true,"href":"https:\/\/guialimeira.com.br\/news\/wp-json\/wp\/v2\/users\/1"}],"replies":[{"embeddable":true,"href":"https:\/\/guialimeira.com.br\/news\/wp-json\/wp\/v2\/comments?post=19722"}],"version-history":[{"count":0,"href":"https:\/\/guialimeira.com.br\/news\/wp-json\/wp\/v2\/posts\/19722\/revisions"}],"wp:featuredmedia":[{"embeddable":true,"href":"https:\/\/guialimeira.com.br\/news\/wp-json\/wp\/v2\/media\/269"}],"wp:attachment":[{"href":"https:\/\/guialimeira.com.br\/news\/wp-json\/wp\/v2\/media?parent=19722"}],"wp:term":[{"taxonomy":"category","embeddable":true,"href":"https:\/\/guialimeira.com.br\/news\/wp-json\/wp\/v2\/categories?post=19722"},{"taxonomy":"post_tag","embeddable":true,"href":"https:\/\/guialimeira.com.br\/news\/wp-json\/wp\/v2\/tags?post=19722"}],"curies":[{"name":"wp","href":"https:\/\/api.w.org\/{rel}","templated":true}]}}