{"id":1971,"date":"2024-04-19T12:00:44","date_gmt":"2024-04-19T15:00:44","guid":{"rendered":"https:\/\/guialimeira.com.br\/2024\/04\/19\/ubs-noe-franco-de-campos-passa-a-contar-com-linhas-telefonicas\/"},"modified":"2024-04-19T12:00:44","modified_gmt":"2024-04-19T15:00:44","slug":"ubs-noe-franco-de-campos-passa-a-contar-com-linhas-telefonicas","status":"publish","type":"post","link":"https:\/\/guialimeira.com.br\/news\/ubs-noe-franco-de-campos-passa-a-contar-com-linhas-telefonicas\/","title":{"rendered":"UBS No\u00e9 Franco de Campos passa a contar com linhas telef\u00f4nicas"},"content":{"rendered":"<p> <br \/>\n<\/p>\n<div><img data-recalc-dims=\"1\" decoding=\"async\" src=\"https:\/\/i0.wp.com\/www.iracemapolis.sp.gov.br\/fotos\/a32324e292176428a8a2470317674592.png?w=696&#038;ssl=1\" style=\"width: 100%\" \/><\/p>\n<div>A Secretaria de Sa\u00fade informa que est\u00e3o em atividade as linhas telef\u00f4nicas da UBS No\u00e9 Franco de&#8230;<\/div>\n<\/div>\n<p><br \/>\n<br \/><a href=\"https:\/\/www.iracemapolis.sp.gov.br\/portal\/noticias\/0\/3\/2156\/ubs-noe-franco-de-campos-passa-a-contar-com-linhas-telefonicas\/\" rel=\"noopener\">Informa\u00e7\u00f5es PMI<\/a><\/p>\n","protected":false},"excerpt":{"rendered":"<p>A Secretaria de Sa\u00fade informa que est\u00e3o em atividade as linhas telef\u00f4nicas da UBS No\u00e9 Franco de&#8230; Informa\u00e7\u00f5es PMI<\/p>\n","protected":false},"author":1,"featured_media":1972,"comment_status":"open","ping_status":"open","sticky":false,"template":"","format":"standard","meta":{"_jetpack_newsletter_access":"","_jetpack_dont_email_post_to_subs":false,"_jetpack_newsletter_tier_id":0,"_jetpack_memberships_contains_paywalled_content":false,"_mbp_banners":[],"_jetpack_feature_clip_id":0,"_jetpack_memberships_contains_paid_content":false,"footnotes":"","jetpack_publicize_message":"","jetpack_publicize_feature_enabled":true,"jetpack_social_post_already_shared":true,"jetpack_social_options":{"image_generator_settings":{"template":"highway","default_image_id":0,"font":"","enabled":false},"version":2},"jetpack_post_was_ever_published":false},"categories":[20],"tags":[],"class_list":["post-1971","post","type-post","status-publish","format-standard","has-post-thumbnail","category-regiao"],"jetpack_publicize_connections":[],"jetpack-related-posts":[],"jetpack_shortlink":"https:\/\/wp.me\/p7Eq1F-vN","jetpack_sharing_enabled":true,"jetpack_featured_media_url":"https:\/\/i0.wp.com\/guialimeira.com.br\/news\/wp-content\/uploads\/2024\/04\/a32324e292176428a8a2470317674592.png?fit=800%2C800&ssl=1","_links":{"self":[{"href":"https:\/\/guialimeira.com.br\/news\/wp-json\/wp\/v2\/posts\/1971","targetHints":{"allow":["GET"]}}],"collection":[{"href":"https:\/\/guialimeira.com.br\/news\/wp-json\/wp\/v2\/posts"}],"about":[{"href":"https:\/\/guialimeira.com.br\/news\/wp-json\/wp\/v2\/types\/post"}],"author":[{"embeddable":true,"href":"https:\/\/guialimeira.com.br\/news\/wp-json\/wp\/v2\/users\/1"}],"replies":[{"embeddable":true,"href":"https:\/\/guialimeira.com.br\/news\/wp-json\/wp\/v2\/comments?post=1971"}],"version-history":[{"count":0,"href":"https:\/\/guialimeira.com.br\/news\/wp-json\/wp\/v2\/posts\/1971\/revisions"}],"wp:featuredmedia":[{"embeddable":true,"href":"https:\/\/guialimeira.com.br\/news\/wp-json\/wp\/v2\/media\/1972"}],"wp:attachment":[{"href":"https:\/\/guialimeira.com.br\/news\/wp-json\/wp\/v2\/media?parent=1971"}],"wp:term":[{"taxonomy":"category","embeddable":true,"href":"https:\/\/guialimeira.com.br\/news\/wp-json\/wp\/v2\/categories?post=1971"},{"taxonomy":"post_tag","embeddable":true,"href":"https:\/\/guialimeira.com.br\/news\/wp-json\/wp\/v2\/tags?post=1971"}],"curies":[{"name":"wp","href":"https:\/\/api.w.org\/{rel}","templated":true}]}}