{"id":197,"date":"2024-03-29T12:52:44","date_gmt":"2024-03-29T15:52:44","guid":{"rendered":"https:\/\/guialimeira.com.br\/?p=197"},"modified":"2024-03-29T12:52:46","modified_gmt":"2024-03-29T15:52:46","slug":"servidores-concluem-primeiro-curso-sobre-protecao-de-dados-pessoais","status":"publish","type":"post","link":"https:\/\/guialimeira.com.br\/news\/servidores-concluem-primeiro-curso-sobre-protecao-de-dados-pessoais\/","title":{"rendered":"Servidores concluem primeiro curso sobre prote\u00e7\u00e3o de dados pessoais"},"content":{"rendered":"\n<p class=\"wp-block-paragraph\">A Prefeitura&nbsp;de Limeira&nbsp;entregou&nbsp;os certificados do primeiro curso sobre a Lei Geral de Prote\u00e7\u00e3o de Dados (LGPD) a 17 servidores municipais que integram a comiss\u00e3o municipal que trata do tema. Participaram do evento, no Espa\u00e7o Elo (P\u00e1tio Limeira&nbsp;Shopping), o secret\u00e1rio-chefe de Gabinete, Edison Moreno Gil, e o diretor de Tecnologia da Informa\u00e7\u00e3o da Secretaria de Gest\u00e3o Estrat\u00e9gica, Fabr\u00edcio Amorim Medeiros.<\/p>\n\n\n\n<p class=\"wp-block-paragraph\">Moreno Gil parabenizou os formandos e discorreu sobre a necessidade de mudan\u00e7a de procedimentos para que o munic\u00edpio se adapte aos novos marcos regulat\u00f3rios. \u201cAs informa\u00e7\u00f5es propagam-se a uma velocidade crescente e nosso cuidado com o recebimento e o tratamento dos dados pessoais deve ser grande\u201d, destacou o secret\u00e1rio.<\/p>\n\n\n\n<p class=\"wp-block-paragraph\">A capacita\u00e7\u00e3o, realizada agora em mar\u00e7o, abordou os princ\u00edpios da LGPD, as bases legais para o tratamento de dados pessoais, os direitos dos mun\u00edcipes em rela\u00e7\u00e3o ao fornecimento e armazenamento de informa\u00e7\u00f5es pessoais e as boas pr\u00e1ticas em torno da quest\u00e3o.<\/p>\n\n\n\n<p class=\"wp-block-paragraph\">Segundo o idealizador do curso e encarregado pela Prote\u00e7\u00e3o de Dados Pessoais&nbsp;da prefeitura, Bruno Henrique&nbsp;da Silva, a dissemina\u00e7\u00e3o da LGPD \u00e9 o primeiro passo para sua consolida\u00e7\u00e3o na Administra\u00e7\u00e3o Municipal, considerando-se que a legisla\u00e7\u00e3o federal (Lei 13.709) foi regulamentada pelo prefeito Mario Botion em 2022. \u201cA forma\u00e7\u00e3o dessa primeira turma na LGPD mostra que a prefeitura est\u00e1 trabalhando para aperfei\u00e7oar&nbsp;suas pr\u00e1ticas\u201d, afirmou.&nbsp;Em maio, de acordo com o encarregado, ser\u00e1 iniciado um novo curso sobre o tema.<\/p>\n","protected":false},"excerpt":{"rendered":"<p>A Prefeitura&nbsp;de Limeira&nbsp;entregou&nbsp;os certificados do primeiro curso sobre a Lei Geral de Prote\u00e7\u00e3o de Dados (LGPD) a 17 servidores municipais que integram a comiss\u00e3o municipal que trata do tema. Participaram do evento, no Espa\u00e7o Elo (P\u00e1tio Limeira&nbsp;Shopping), o secret\u00e1rio-chefe de Gabinete, Edison Moreno Gil, e o diretor de Tecnologia da Informa\u00e7\u00e3o da Secretaria de Gest\u00e3o [&hellip;]<\/p>\n","protected":false},"author":1,"featured_media":198,"comment_status":"open","ping_status":"open","sticky":false,"template":"","format":"standard","meta":{"_jetpack_newsletter_access":"","_jetpack_dont_email_post_to_subs":false,"_jetpack_newsletter_tier_id":0,"_jetpack_memberships_contains_paywalled_content":false,"_mbp_banners":[],"_jetpack_feature_clip_id":0,"_jetpack_memberships_contains_paid_content":false,"footnotes":"","jetpack_publicize_message":"","jetpack_publicize_feature_enabled":true,"jetpack_social_post_already_shared":false,"jetpack_social_options":{"image_generator_settings":{"template":"highway","default_image_id":0,"font":"","enabled":false},"version":2},"jetpack_post_was_ever_published":false},"categories":[16],"tags":[],"class_list":["post-197","post","type-post","status-publish","format-standard","has-post-thumbnail","category-local"],"jetpack_publicize_connections":[],"jetpack-related-posts":[],"jetpack_shortlink":"https:\/\/wp.me\/p7Eq1F-3b","jetpack_sharing_enabled":true,"jetpack_featured_media_url":"https:\/\/i0.wp.com\/guialimeira.com.br\/news\/wp-content\/uploads\/2024\/03\/m_137_0_1_28032024170001.jpg?fit=1280%2C852&ssl=1","_links":{"self":[{"href":"https:\/\/guialimeira.com.br\/news\/wp-json\/wp\/v2\/posts\/197","targetHints":{"allow":["GET"]}}],"collection":[{"href":"https:\/\/guialimeira.com.br\/news\/wp-json\/wp\/v2\/posts"}],"about":[{"href":"https:\/\/guialimeira.com.br\/news\/wp-json\/wp\/v2\/types\/post"}],"author":[{"embeddable":true,"href":"https:\/\/guialimeira.com.br\/news\/wp-json\/wp\/v2\/users\/1"}],"replies":[{"embeddable":true,"href":"https:\/\/guialimeira.com.br\/news\/wp-json\/wp\/v2\/comments?post=197"}],"version-history":[{"count":1,"href":"https:\/\/guialimeira.com.br\/news\/wp-json\/wp\/v2\/posts\/197\/revisions"}],"predecessor-version":[{"id":199,"href":"https:\/\/guialimeira.com.br\/news\/wp-json\/wp\/v2\/posts\/197\/revisions\/199"}],"wp:featuredmedia":[{"embeddable":true,"href":"https:\/\/guialimeira.com.br\/news\/wp-json\/wp\/v2\/media\/198"}],"wp:attachment":[{"href":"https:\/\/guialimeira.com.br\/news\/wp-json\/wp\/v2\/media?parent=197"}],"wp:term":[{"taxonomy":"category","embeddable":true,"href":"https:\/\/guialimeira.com.br\/news\/wp-json\/wp\/v2\/categories?post=197"},{"taxonomy":"post_tag","embeddable":true,"href":"https:\/\/guialimeira.com.br\/news\/wp-json\/wp\/v2\/tags?post=197"}],"curies":[{"name":"wp","href":"https:\/\/api.w.org\/{rel}","templated":true}]}}